{"id":400666,"date":"2025-09-18T19:37:07","date_gmt":"2025-09-18T19:37:07","guid":{"rendered":"https:\/\/www.europesays.com\/fr\/400666\/"},"modified":"2025-09-18T19:37:07","modified_gmt":"2025-09-18T19:37:07","slug":"romans-sur-isere-une-rentree-litteraire-avec-un-prix-goncourt-et-des-auteurs-locaux-de-talent","status":"publish","type":"post","link":"https:\/\/www.europesays.com\/fr\/400666\/","title":{"rendered":"Romans-sur-Is\u00e8re. Une rentr\u00e9e litt\u00e9raire avec un prix Goncourt et des auteurs locaux de talent"},"content":{"rendered":"<p>De la biographie de Simonne Barry, figure romanaise du commerce et de la mode, au dernier roman de Laurent Gaud\u00e9, prix Goncourt en 2004, la rentr\u00e9e litt\u00e9raire \u00e0 Romans se veut des plus \u00e9clectiques. La part des autrices et auteurs locaux marquant, cette ann\u00e9e, ce rendez-vous si pris\u00e9 des lecteurs et lectrices, notamment de romans.<\/p>\n<p>Et si ces derniers sont parfois sortis quelques mois avant la&#8230;<\/p>\n","protected":false},"excerpt":{"rendered":"De la biographie de Simonne Barry, figure romanaise du commerce et de la mode, au dernier roman de&hellip;\n","protected":false},"author":2,"featured_media":400667,"comment_status":"","ping_status":"","sticky":false,"template":"","format":"standard","meta":{"footnotes":""},"categories":[1357],"tags":[1379,1687,58,2737,59,1795,1011,27,1380,2410,1479,2736],"class_list":{"0":"post-400666","1":"post","2":"type-post","3":"status-publish","4":"format-standard","5":"has-post-thumbnail","7":"category-livres","8":"tag-books","9":"tag-culture-loisirs","10":"tag-divertissement","11":"tag-edition-romans-nord-drome","12":"tag-entertainment","13":"tag-fil-web","14":"tag-fr","15":"tag-france","16":"tag-livres","17":"tag-livres-bd","18":"tag-romans","19":"tag-romans-sur-isere"},"share_on_mastodon":{"url":"https:\/\/pubeurope.com\/@fr\/115226990805124946","error":""},"_links":{"self":[{"href":"https:\/\/www.europesays.com\/fr\/wp-json\/wp\/v2\/posts\/400666","targetHints":{"allow":["GET"]}}],"collection":[{"href":"https:\/\/www.europesays.com\/fr\/wp-json\/wp\/v2\/posts"}],"about":[{"href":"https:\/\/www.europesays.com\/fr\/wp-json\/wp\/v2\/types\/post"}],"author":[{"embeddable":true,"href":"https:\/\/www.europesays.com\/fr\/wp-json\/wp\/v2\/users\/2"}],"replies":[{"embeddable":true,"href":"https:\/\/www.europesays.com\/fr\/wp-json\/wp\/v2\/comments?post=400666"}],"version-history":[{"count":0,"href":"https:\/\/www.europesays.com\/fr\/wp-json\/wp\/v2\/posts\/400666\/revisions"}],"wp:featuredmedia":[{"embeddable":true,"href":"https:\/\/www.europesays.com\/fr\/wp-json\/wp\/v2\/media\/400667"}],"wp:attachment":[{"href":"https:\/\/www.europesays.com\/fr\/wp-json\/wp\/v2\/media?parent=400666"}],"wp:term":[{"taxonomy":"category","embeddable":true,"href":"https:\/\/www.europesays.com\/fr\/wp-json\/wp\/v2\/categories?post=400666"},{"taxonomy":"post_tag","embeddable":true,"href":"https:\/\/www.europesays.com\/fr\/wp-json\/wp\/v2\/tags?post=400666"}],"curies":[{"name":"wp","href":"https:\/\/api.w.org\/{rel}","templated":true}]}}