{"id":400674,"date":"2025-09-18T19:41:14","date_gmt":"2025-09-18T19:41:14","guid":{"rendered":"https:\/\/www.europesays.com\/fr\/400674\/"},"modified":"2025-09-18T19:41:14","modified_gmt":"2025-09-18T19:41:14","slug":"etats-unis-les-antivax-prennent-le-pouvoir-sur-la-sante-mediapart","status":"publish","type":"post","link":"https:\/\/www.europesays.com\/fr\/400674\/","title":{"rendered":"\u00c9tats-Unis : les antivax prennent le pouvoir sur la sant\u00e9 &#8211; Mediapart"},"content":{"rendered":"<ol>\n<li><a href=\"https:\/\/news.google.com\/rss\/articles\/CBMirgFBVV95cUxQbU5YX2owQk1haG8zNmQ2dlZybW1YaDNpWE5GNUNSSUFhcE5wNWJtemZZT1QwM2Z5dVU1Rm1neVpqOU1TU0JOVkppOERWeDlLbUxhNWNFdzZ6d0RWb3lLQXhEN3BTVkpWQ0NvcGZ4U2pJRGM3VjBsUjJZeGh4anM2alQxSk9DOXRpX0wtV19SZkpRR2pfazduZEwxOEFSNERLWGNDUndYdmI2V3k3bHc?oc=5\" target=\"_blank\" rel=\"noopener\">\u00c9tats-Unis : les antivax prennent le pouvoir sur la sant\u00e9<\/a>&nbsp;&nbsp;Mediapart<\/li>\n<li><a href=\"https:\/\/news.google.com\/rss\/articles\/CBMihwJBVV95cUxOcnMyNnFUTURnVDB1OHdZNkpGSDdZd01sSk13WlNVZXJoMWk3QnVlSFJhMUlSUURXZWU3dEJrZEhlN1RBSVpqVUhlRjBkWjYyT0haeFlvMEJTVEoxbEVSa1JaZ1lfSm5XNWJINWRLYkRjVE5jRXpGTlNkWkl3bGU3V3VPUWtocTBCOXZBOVBaQkp0eUxtVWs3cndjdWhtV2hsMUp3eGtwOVRYOFpkVWlBWWxzXzdWSm5sWDRrcXBzSU9xTXd3LWVKZ1FCN2FmNmJpY0VPbVdxbTl2VFdkdUhteDg3Nkh3Z2JXUnRzbkxxcUZVb0ZrM0hSYXFIOVo5SWNfTVBILVAwUQ?oc=5\" target=\"_blank\" rel=\"noopener\">\u00abIl est possible que cette d\u00e9cision co\u00fbte beaucoup de vies\u00bb : comment Robert Kennedy Jr. entend r\u00e9former le syst\u00e8me de sant\u00e9 am\u00e9ricain<\/a>&nbsp;&nbsp;Le Figaro<\/li>\n<li><a href=\"https:\/\/news.google.com\/rss\/articles\/CBMi_wFBVV95cUxNUHVBekl5bG1pYWZhdnR3MTVJLUZVcDZlQnNEWkhKajltRWF1emx1blByalZiQVNCMXA4WmhFaHFsZnc1R0RYbVlIUDRYUGh1OUxPaWhsM3hFUkszcVlyT3pIWWVsdzFZblFpYWh5Y1VQV0N4NFkycUlrdXlEN3ZWQlhBN2JrQWczQ0JEOEhYMHVoZHVQQVdkN0lYQ2NNZXEyYXd5THhHOWVKOEx1YzBYNDRPSkN5dlZOTEJyb0M3dWVIZ2dFRVNJZlV6UmRuMWloRlVjeWdJZWdSbWxSSnJLVTJycUdPN2dEWWhGN3VYU0JERXVDZ0pZdVBuTnNiYUXSAYQCQVVfeXFMUDNzMWNYODdyemdyM3MwZUY5ZkkwTWNFMzhPVVNLdXVCNXplT3hVd0ZobWdMNVYyV1piMHhFR0sxa1RfUENNM2VSbTZCdVB5alBjVjMtWk9ZN1RmMUhveHNial9pVDNkZ1RRaVZkYU12LUdlclc5anlNdlIzZDg0YWJZcXFUUFl3UGxaRDZOX3dPR1VRNEVmU3Z3QWEzT0N3MFFyN245M3FiblhyZGctejEwR1FRNDVpZFVUajkzcU1lUUxRekwtbWswWVBsRF9RSmkwZlYtbnk1NEpmRGJ0eExWRlMtWjJBd3FPMzFLNmV2blJIaUFHaUpEUktzUjREeEpidGw?oc=5\" target=\"_blank\" rel=\"noopener\">Aux Etats-Unis, une r\u00e9union sur les recommandations vaccinales \u00e0 couteaux tir\u00e9s<\/a>&nbsp;&nbsp;Boursorama<\/li>\n<li><a href=\"https:\/\/news.google.com\/rss\/articles\/CBMi4wFBVV95cUxPSmlPS3M2a29sWlJ4T0JETDlnX0J0V2NoVGcyT0RObnQ5RS1URGVldjB3RjFtWXdzRmV1dFlrWl9nb25SU1BjY0NQZkxoa1RLZ0liN0I5Q19rb3htbEJza0duOXFCYmJoNkRzYWpocU9QMUxzcUluU1hDVDR4ZUViWGlVMnNIbXdkSEVLRTZaQkY2eEl3N1VRck1iR2t3djVUU3hpenRISHJiMU8yaGlWNXhZenJURFJGMWFhSnlOWDZINXFZVkl2WWNzQTZYQ2NYYUQ2MFN2NW03N2VDNF9KbGRCUQ?oc=5\" target=\"_blank\" rel=\"noopener\">Les confessions d\u2019une ex-responsable sanitaire am\u00e9ricaine : \u00ab Sous Trump, les preuves sont remplac\u00e9es par l\u2019id\u00e9ologie<\/a>&nbsp;&nbsp;RTL info<\/li>\n<li><a href=\"https:\/\/news.google.com\/rss\/articles\/CBMiyAFBVV95cUxPUExvc3NrVzZON3dGRXJxNUhoQmN2TTFmUGN0SGFEeUpGXzdRM0tfR3dUdmpFR2dFM3JKbURNMDlSUDF4WkdKSkFQUGtGd1pBUVNNU1FWUFRjMTdLMzZobVFoYWdHR3VfaFQwdm9fVmhCMVJoQnJ5czhaTENLRG03cXhycmxnOGtjNkpwU2l4TnhnM0lKc3dQY0FEbldBeGlEZWZMX2w3cVRQTW9DdGFVYjRyaDlZUHh1Y1RPZzl3T3RjVHJxMWFkRg?oc=5\" target=\"_blank\" rel=\"noopener\">Aux Etats-Unis, une r\u00e9union sur les recommandations vaccinales sous haute tension<\/a>&nbsp;&nbsp;Portail Orange<\/li>\n<\/ol>\n","protected":false},"excerpt":{"rendered":"\u00c9tats-Unis : les antivax prennent le pouvoir sur la sant\u00e9&nbsp;&nbsp;Mediapart \u00abIl est possible que cette d\u00e9cision co\u00fbte beaucoup&hellip;\n","protected":false},"author":2,"featured_media":400675,"comment_status":"","ping_status":"","sticky":false,"template":"","format":"standard","meta":{"footnotes":""},"categories":[10],"tags":[782,53196,73,1011,27,72,13973,71,4008],"class_list":{"0":"post-400674","1":"post","2":"type-post","3":"status-publish","4":"format-standard","5":"has-post-thumbnail","7":"category-sante","8":"tag-ameriques","9":"tag-antivax","10":"tag-etats-unis","11":"tag-fr","12":"tag-france","13":"tag-health","14":"tag-robert-kennedy-jr","15":"tag-sante","16":"tag-vaccins"},"share_on_mastodon":{"url":"https:\/\/pubeurope.com\/@fr\/115227006493755470","error":""},"_links":{"self":[{"href":"https:\/\/www.europesays.com\/fr\/wp-json\/wp\/v2\/posts\/400674","targetHints":{"allow":["GET"]}}],"collection":[{"href":"https:\/\/www.europesays.com\/fr\/wp-json\/wp\/v2\/posts"}],"about":[{"href":"https:\/\/www.europesays.com\/fr\/wp-json\/wp\/v2\/types\/post"}],"author":[{"embeddable":true,"href":"https:\/\/www.europesays.com\/fr\/wp-json\/wp\/v2\/users\/2"}],"replies":[{"embeddable":true,"href":"https:\/\/www.europesays.com\/fr\/wp-json\/wp\/v2\/comments?post=400674"}],"version-history":[{"count":0,"href":"https:\/\/www.europesays.com\/fr\/wp-json\/wp\/v2\/posts\/400674\/revisions"}],"wp:featuredmedia":[{"embeddable":true,"href":"https:\/\/www.europesays.com\/fr\/wp-json\/wp\/v2\/media\/400675"}],"wp:attachment":[{"href":"https:\/\/www.europesays.com\/fr\/wp-json\/wp\/v2\/media?parent=400674"}],"wp:term":[{"taxonomy":"category","embeddable":true,"href":"https:\/\/www.europesays.com\/fr\/wp-json\/wp\/v2\/categories?post=400674"},{"taxonomy":"post_tag","embeddable":true,"href":"https:\/\/www.europesays.com\/fr\/wp-json\/wp\/v2\/tags?post=400674"}],"curies":[{"name":"wp","href":"https:\/\/api.w.org\/{rel}","templated":true}]}}