{"id":400684,"date":"2025-09-18T19:46:15","date_gmt":"2025-09-18T19:46:15","guid":{"rendered":"https:\/\/www.europesays.com\/fr\/400684\/"},"modified":"2025-09-18T19:46:15","modified_gmt":"2025-09-18T19:46:15","slug":"reconnaitre-la-palestine-et-punir-israel-et-tous-les-juifs","status":"publish","type":"post","link":"https:\/\/www.europesays.com\/fr\/400684\/","title":{"rendered":"\u00ab\u00a0Reconna\u00eetre la Palestine et punir Isra\u00ebl et tous les Juifs\u00a0\u00bb"},"content":{"rendered":"<p><strong>TRIBUNE &#8211;<\/strong> La reconnaissance de la Palestine par la France intervient \u00e0 un moment o\u00f9 l\u2019isolement d\u2019Isra\u00ebl, sa d\u00e9nonciation et la stigmatisation des Juifs en g\u00e9n\u00e9ral, qu\u2019ils soient favorables ou non \u00e0 la politique de Netanyahou, atteignent des niveaux sans pr\u00e9c\u00e9dent, constate l\u2019ancien ministre*.<\/p>\n<p class=\"fig-paragraph\">*\u00a0Dernier livre paru\u00a0: \u00ab\u00a0Engrenages. La guerre d\u2019Ukraine et le basculement du monde\u00a0\u00bb (\u00c9ditions Odile Jacob, 2024).<\/p>\n<p class=\"fig-paragraph\">Nous vivons en Orient et au-del\u00e0 un moment de bascule de l\u2019Histoire, o\u00f9 la l\u00e9gitimit\u00e9 m\u00eame d\u2019Isra\u00ebl est d\u00e9sormais ouvertement contest\u00e9e, o\u00f9 le sort des Juifs du monde entier est une nouvelle fois en question.\u00a0<a href=\"http:\/\/www.lefigaro.fr\/international\/l-armee-qui-n-est-pas-arrivee-tsahal-publie-ses-enquetes-sur-la-defaite-du-7-octobre-20250309\" target=\"_blank\" data-fig-type=\"Article\" rel=\"noopener\" data-gtm-custom-categorie=\"navigation\" data-gtm-custom-action=\"crossclick\" data-gtm-custom-label=\"Contextuel\" data-gtm-event=\"customEventSPE\" data-fig-domain=\"LEFIGARO\">Le point de d\u00e9part est bien s\u00fbr le 7 Octobre<\/a>. Au risque de choquer, je pense pour ma part que le chef politique et militaire du Hamas \u00e0 l\u2019\u00e9poque,\u00a0<a href=\"http:\/\/www.lefigaro.fr\/international\/l-elimination-de-yahya-sinouar-cerveau-du-7-octobre-une-nouvelle-victoire-pour-israel-20241017\" target=\"_blank\" data-fig-type=\"Article\" rel=\"noopener\" data-gtm-custom-categorie=\"navigation\" data-gtm-custom-action=\"crossclick\" data-gtm-custom-label=\"Contextuel\" data-gtm-event=\"customEventSPE\" data-fig-domain=\"LEFIGARO\">Yahya Sinouar<\/a>, a de fait remport\u00e9 une quadruple victoire politique en d\u00e9clenchant cette attaque massive contre Isra\u00ebl\u00a0: il est d\u2019abord parvenu \u00e0 remettre la question palestinienne au c\u0153ur des probl\u00e9matiques du Proche-Orient\u00a0; comme il l\u2019avait probablement anticip\u00e9, la riposte isra\u00e9lienne, brutale, compte tenu de l\u2019exigu\u00eft\u00e9 d\u2019un territoire urbain de plus de 2\u00a0millions de personnes servant de boucliers humains \u00e0 une arm\u00e9e enterr\u00e9e dans une v\u00e9ritable ville souterraine, ne pouvait aboutir qu\u2019\u00e0 la d\u00e9nonciation quasi\u2026<\/p>\n<p class=\"fig-premium-paywall__infos\">\n        Cet article est r\u00e9serv\u00e9 aux abonn\u00e9s.        Il vous reste 87% \u00e0 d\u00e9couvrir.\n    <\/p>\n<p>                <img  data- alt=\"Le Figaro\" class=\"fig-img--complete fig-img\"\/><\/p>\n<p class=\"fig-premium-paywall__title\">Vous avez envie de lire la suite ?<\/p>\n<p class=\"fig-premium-paywall__subtitle\">D\u00e9bloquez tous les articles imm\u00e9diatement.<\/p>\n<p class=\"fig-premium-paywall__connect\">\n                D\u00e9j\u00e0 abonn\u00e9\u00a0?                <a class=\"fig-premium-paywall__connect-link\" href=\"https:\/\/connect.lefigaro.fr\/login?client=horizon_web&amp;type=main&amp;redirect_uri=https%3A%2F%2Fwww.lefigaro.fr%2Fvox%2Fmonde%2Fpierre-lellouche-reconnaitre-la-palestine-et-punir-israel-et-tous-les-juifs-20250918\" data-js-gtm=\"{&quot;customCategorie&quot;: &quot;conversion&quot;, &quot;customAction&quot;: &quot;before_Landing_Connexion_paywall_auto&quot;, &quot;customLabel&quot;: &quot;bGVmaWdhcm8uZnJfXzFmMDk0OTNmLTk3ZjYtNjE0Yy1hYzVlLTlkNTM0NDIzMmNlM19fQXJ0aWNsZQ==_Pierre Lellouche\u00a0: \u00ab\u00a0Reconna\u00eetre la Palestine et punir Isra\u00ebl et tous les Juifs\u00a0\u00bb_875&quot;, &quot;customIDSPE&quot;: &quot;bGVmaWdhcm8uZnJfXzFmMDk0OTNmLTk3ZjYtNjE0Yy1hYzVlLTlkNTM0NDIzMmNlM19fQXJ0aWNsZQ==&quot;, &quot;event&quot;: &quot;customEventSPE&quot;}\" target=\"_blank\" rel=\"noopener\"><br \/>\n                    Connectez-vous<br \/>\n                <\/a>\n            <\/p>\n","protected":false},"excerpt":{"rendered":"TRIBUNE &#8211; La reconnaissance de la Palestine par la France intervient \u00e0 un moment o\u00f9 l\u2019isolement d\u2019Isra\u00ebl, sa&hellip;\n","protected":false},"author":2,"featured_media":400685,"comment_status":"","ping_status":"","sticky":false,"template":"","format":"standard","meta":{"footnotes":""},"categories":[5],"tags":[11,1073,1011,27,14,664,12,3518,28],"class_list":{"0":"post-400684","1":"post","2":"type-post","3":"status-publish","4":"format-standard","5":"has-post-thumbnail","7":"category-international","8":"tag-actualites","9":"tag-emmanuel-macron","10":"tag-fr","11":"tag-france","12":"tag-international","13":"tag-israel","14":"tag-news","15":"tag-palestine","16":"tag-world"},"share_on_mastodon":{"url":"https:\/\/pubeurope.com\/@fr\/115227026169745026","error":""},"_links":{"self":[{"href":"https:\/\/www.europesays.com\/fr\/wp-json\/wp\/v2\/posts\/400684","targetHints":{"allow":["GET"]}}],"collection":[{"href":"https:\/\/www.europesays.com\/fr\/wp-json\/wp\/v2\/posts"}],"about":[{"href":"https:\/\/www.europesays.com\/fr\/wp-json\/wp\/v2\/types\/post"}],"author":[{"embeddable":true,"href":"https:\/\/www.europesays.com\/fr\/wp-json\/wp\/v2\/users\/2"}],"replies":[{"embeddable":true,"href":"https:\/\/www.europesays.com\/fr\/wp-json\/wp\/v2\/comments?post=400684"}],"version-history":[{"count":0,"href":"https:\/\/www.europesays.com\/fr\/wp-json\/wp\/v2\/posts\/400684\/revisions"}],"wp:featuredmedia":[{"embeddable":true,"href":"https:\/\/www.europesays.com\/fr\/wp-json\/wp\/v2\/media\/400685"}],"wp:attachment":[{"href":"https:\/\/www.europesays.com\/fr\/wp-json\/wp\/v2\/media?parent=400684"}],"wp:term":[{"taxonomy":"category","embeddable":true,"href":"https:\/\/www.europesays.com\/fr\/wp-json\/wp\/v2\/categories?post=400684"},{"taxonomy":"post_tag","embeddable":true,"href":"https:\/\/www.europesays.com\/fr\/wp-json\/wp\/v2\/tags?post=400684"}],"curies":[{"name":"wp","href":"https:\/\/api.w.org\/{rel}","templated":true}]}}