{"id":400686,"date":"2025-09-18T19:47:13","date_gmt":"2025-09-18T19:47:13","guid":{"rendered":"https:\/\/www.europesays.com\/fr\/400686\/"},"modified":"2025-09-18T19:47:13","modified_gmt":"2025-09-18T19:47:13","slug":"pierre-moscovici-va-quitter-la-cour-des-comptes-pour-une-autre-cour-des-comptes","status":"publish","type":"post","link":"https:\/\/www.europesays.com\/fr\/400686\/","title":{"rendered":"Pierre Moscovici va quitter la Cour des comptes pour une autre Cour des comptes"},"content":{"rendered":"<p>        <img decoding=\"async\" loading=\"lazy\" src=\"https:\/\/www.europesays.com\/fr\/wp-content\/uploads\/2025\/07\/b4f5594_sirius-fs-upload-1-ajk6c3ufmtga-1744808132872-000-39ha6kw.jpg\"  width=\"728\" height=\"410\" alt=\"Pierre Moscovici, pr\u00e9sident de la Cour des comptes, photographi\u00e9 \u00e0 Paris le 8\u00a0avril\u00a02025.\"\/>  <\/p>\n<p>BERTRAND GUAY \/ AFP<\/p>\n<p>Pierre Moscovici, pr\u00e9sident de la Cour des comptes, photographi\u00e9 \u00e0 Paris le 8\u00a0avril\u00a02025.<\/p>\n<p class=\"asset asset-text\">\u00c9CONOMIE &#8211; Le premier pr\u00e9sident de la Cour des comptes, <a href=\"https:\/\/www.huffingtonpost.fr\/economie\/article\/a-10-jours-du-budget-de-francois-bayrou-pierre-moscovici-met-le-feu-aux-poudres_252170.html\" rel=\"nofollow noopener\" target=\"_blank\">Pierre Moscovici<\/a>, a annonc\u00e9 ce jeudi 18\u00a0septembre dans une lettre interne son d\u00e9part de l\u2019institution apr\u00e8s cinq ans \u00e0 sa t\u00eate avec un poste \u00e0 la <a href=\"https:\/\/www.huffingtonpost.fr\/politique\/article\/pierre-moscovici-et-la-cour-des-comptes-ont-une-menace-radicale-pour-s-assurer-l-ecoute-du-gouvernement_248893.html\" rel=\"nofollow noopener\" target=\"_blank\">Cour des comptes<\/a> europ\u00e9enne en ligne de mire.<\/p>\n<p class=\"asset asset-text\">\u00ab\u00a0La France a propos\u00e9 ma candidature en qualit\u00e9 de nouveau membre fran\u00e7ais de la Cour des comptes europ\u00e9enne. Cette proposition sera soumise au Parlement europ\u00e9en et au Conseil \u00e0 l\u2019automne, en vue d\u2019une nomination \u00e0 partir du 1er\u00a0janvier\u00a02026\u00a0\u00bb, selon ce courrier dont l\u2019AFP a obtenu copie.<\/p>\n<p class=\"asset asset-text\">\u00ab\u00a0Cette proposition m\u2019honore et constitue le prolongement de mon engagement depuis plus de quarante ann\u00e9es au service des juridictions financi\u00e8res, de l\u2019\u00c9tat et des institutions europ\u00e9ennes\u00a0\u00bb, assure le responsable.<\/p>\n<p class=\"asset asset-text\">Pierre Moscovici, 68\u00a0ans, avait \u00e9t\u00e9 <a href=\"https:\/\/www.huffingtonpost.fr\/politique\/article\/pierre-moscovici-nomme-a-la-tete-de-la-cour-des-comptes_165273.html\" rel=\"nofollow noopener\" target=\"_blank\">nomm\u00e9 en 2020<\/a>\u00a0premier pr\u00e9sident de la Cour des comptes par Emmanuel Macron, et a vu son mandat prolong\u00e9 jusqu\u2019\u00e0 septembre\u00a02026 par un d\u00e9cret reculant la limite d\u2019\u00e2ge \u00e0 ce poste dat\u00e9 du 15\u00a0juillet dernier.<\/p>\n<p class=\"asset asset-text\">S\u2019il indique avoir d\u00e9cid\u00e9 de \u00ab\u00a0clore son mandat avant son terme de septembre\u00a02026\u00a0\u00bb, Pierre Moscovici assure que son \u00ab\u00a0mandat ne s\u2019ach\u00e8ve pas aujourd\u2019hui\u00a0\u00bb\u00a0: \u00ab\u00a0Jusqu\u2019\u00e0 son terme je serai pleinement mobilis\u00e9 \u00e0 vos c\u00f4t\u00e9s\u00a0\u00bb.<\/p>\n<p class=\"asset asset-text\">\u00ab\u00a0En janvier, je partirai fier d\u2019avoir \u00e9t\u00e9 \u00e0 la t\u00eate d\u2019une institution et d\u2019un collectif exceptionnels et tout entier d\u00e9vou\u00e9s \u00e0 l\u2019int\u00e9r\u00eat g\u00e9n\u00e9ral\u00a0\u00bb, ajoute-t-il.<\/p>\n<p>    Les coups d\u2019\u00e9clats de Pierre Moscovici    <\/p>\n<p class=\"asset asset-text\">Son passage \u00e0 la Cour des comptes a \u00e9t\u00e9 \u00e9maill\u00e9 de coups d\u2019\u00e9clats et d\u2019interventions fracassantes.<\/p>\n<p class=\"asset asset-text\">En juillet, Le Monde avait notamment fait \u00e9tat du m\u00e9contentement de magistrats dont le report du d\u00e9part \u00e0 la retraite avait \u00e9t\u00e9 rejet\u00e9. Ils d\u00e9non\u00e7aient dans le journal \u00ab\u00a0des d\u00e9cisions arbitraires et discr\u00e9tionnaires\u00a0\u00bb ainsi qu\u2019une gouvernance \u00ab\u00a0tr\u00e8s politique\u00a0\u00bb par l\u2019ancien homme politique socialiste.<\/p>\n<p class=\"asset asset-text\">D\u00e9but septembre, Pierre Moscovici a tanc\u00e9 \u00ab\u00a0une poign\u00e9e de magistrats\u00a0\u00bb de la juridiction critiquant, selon lui mensong\u00e8rement, sa gouvernance par voie de presse, se d\u00e9fendant de tout parti pris politique dans sa gestion.<\/p>\n<p class=\"asset asset-text\">Pierre Moscovici avait \u00e9galement r\u00e9pondu en juillet \u00e0 des critiques sur la nomination de Najat Vallaud-Belkacem, ex-ministre socialiste de l\u2019Education nationale, en tant que conseiller ma\u00eetre de la Cour &#8211; assurant que la proc\u00e9dure de recrutement avait \u00e9t\u00e9 \u00ab\u00a0parfaitement objective\u00a0\u00bb.<\/p>\n<p class=\"asset asset-text\">D\u00e9but 2025, le premier pr\u00e9sident de la Cour des comptes avait aussi menac\u00e9 de refuser de certifier les comptes de l\u2019Etat si les recommandations de l\u2019institution n\u2019\u00e9taient pas mieux \u00e9cout\u00e9es.<\/p>\n<p class=\"asset asset-text\">Notant que, \u00ab\u00a0pour la 19e ann\u00e9e cons\u00e9cutive, les comptes de l\u2019\u00c9tat ne sont pas en mesure d\u2019\u00eatre certifi\u00e9s sans des r\u00e9serves tr\u00e8s significatives\u00a0\u00bb, M. Moscovici avait d\u00e9clar\u00e9 \u00ab\u00a0qu\u2019en l\u2019absence de progr\u00e8s en 2025, la Cour pourrait \u00eatre amen\u00e9e \u00e0 (&#8230;) ne pas les certifier\u00a0\u00bb.<\/p>\n<p class=\"asset asset-text\">Autre intervention remarqu\u00e9e\u00a0: \u00e0 l\u2019automne 2024, inquiet de pr\u00e9visions \u00e9conomiques mal \u00e9valu\u00e9es ayant abouti \u00e0 un d\u00e9rapage in\u00e9dit du d\u00e9ficit public cette ann\u00e9e l\u00e0, celui qui est aussi pr\u00e9sident du Haut conseil des Finances publiques (HCFP) avait estim\u00e9 qu\u2019il verrait bien cet organisme prendre en main les pr\u00e9visions \u00e9conomiques de la France.<\/p>\n","protected":false},"excerpt":{"rendered":"BERTRAND GUAY \/ AFP Pierre Moscovici, pr\u00e9sident de la Cour des comptes, photographi\u00e9 \u00e0 Paris le 8\u00a0avril\u00a02025. \u00c9CONOMIE&hellip;\n","protected":false},"author":2,"featured_media":400687,"comment_status":"","ping_status":"","sticky":false,"template":"","format":"standard","meta":{"footnotes":""},"categories":[4],"tags":[11,15721,33,1011,27,12,25848,25],"class_list":{"0":"post-400686","1":"post","2":"type-post","3":"status-publish","4":"format-standard","5":"has-post-thumbnail","7":"category-france","8":"tag-actualites","9":"tag-cour-des-comptes","10":"tag-economie","11":"tag-fr","12":"tag-france","13":"tag-news","14":"tag-pierre-moscovici","15":"tag-republique-francaise"},"share_on_mastodon":{"url":"https:\/\/pubeurope.com\/@fr\/115227030089820749","error":""},"_links":{"self":[{"href":"https:\/\/www.europesays.com\/fr\/wp-json\/wp\/v2\/posts\/400686","targetHints":{"allow":["GET"]}}],"collection":[{"href":"https:\/\/www.europesays.com\/fr\/wp-json\/wp\/v2\/posts"}],"about":[{"href":"https:\/\/www.europesays.com\/fr\/wp-json\/wp\/v2\/types\/post"}],"author":[{"embeddable":true,"href":"https:\/\/www.europesays.com\/fr\/wp-json\/wp\/v2\/users\/2"}],"replies":[{"embeddable":true,"href":"https:\/\/www.europesays.com\/fr\/wp-json\/wp\/v2\/comments?post=400686"}],"version-history":[{"count":0,"href":"https:\/\/www.europesays.com\/fr\/wp-json\/wp\/v2\/posts\/400686\/revisions"}],"wp:featuredmedia":[{"embeddable":true,"href":"https:\/\/www.europesays.com\/fr\/wp-json\/wp\/v2\/media\/400687"}],"wp:attachment":[{"href":"https:\/\/www.europesays.com\/fr\/wp-json\/wp\/v2\/media?parent=400686"}],"wp:term":[{"taxonomy":"category","embeddable":true,"href":"https:\/\/www.europesays.com\/fr\/wp-json\/wp\/v2\/categories?post=400686"},{"taxonomy":"post_tag","embeddable":true,"href":"https:\/\/www.europesays.com\/fr\/wp-json\/wp\/v2\/tags?post=400686"}],"curies":[{"name":"wp","href":"https:\/\/api.w.org\/{rel}","templated":true}]}}