{"id":400708,"date":"2025-09-18T19:59:10","date_gmt":"2025-09-18T19:59:10","guid":{"rendered":"https:\/\/www.europesays.com\/fr\/400708\/"},"modified":"2025-09-18T19:59:10","modified_gmt":"2025-09-18T19:59:10","slug":"grenoble-une-femme-hospitalisee-apres-un-feu-dappartement","status":"publish","type":"post","link":"https:\/\/www.europesays.com\/fr\/400708\/","title":{"rendered":"Grenoble. Une femme hospitalis\u00e9e apr\u00e8s un feu d\u2019appartement"},"content":{"rendered":"<p>Un incendie s\u2019est d\u00e9clar\u00e9 dans un appartement situ\u00e9 au troisi\u00e8me et dernier \u00e9tage d\u2019un immeuble de la rue Joseph-Rey \u00e0 Grenoble, ce jeudi 18\u00a0septembre vers 17 heures.<\/p>\n<p>Les sapeurs-pompiers ont rapidement \u00e9teint le sinistre mais une femme de 32 ans, qui avait inhal\u00e9 des fum\u00e9es, a \u00e9t\u00e9 conduite au CHU Grenoble Alpes et l\u2019occupant du logement sinistr\u00e9 a d\u00fb \u00eatre relog\u00e9.<\/p>\n","protected":false},"excerpt":{"rendered":"Un incendie s\u2019est d\u00e9clar\u00e9 dans un appartement situ\u00e9 au troisi\u00e8me et dernier \u00e9tage d\u2019un immeuble de la rue&hellip;\n","protected":false},"author":2,"featured_media":400709,"comment_status":"","ping_status":"","sticky":false,"template":"","format":"standard","meta":{"footnotes":""},"categories":[9566],"tags":[119,1111,11,2430,112,1777,674,274,1011,27,2731,2732,1310,108,12,25],"class_list":{"0":"post-400708","1":"post","2":"type-post","3":"status-publish","4":"format-standard","5":"has-post-thumbnail","7":"category-grenoble","8":"tag-accident","9":"tag-actu","10":"tag-actualites","11":"tag-auvergne-rhone-alpes","12":"tag-edition-grenoble-agglomeration","13":"tag-eu","14":"tag-europe","15":"tag-faits-divers-justice","16":"tag-fr","17":"tag-france","18":"tag-grenoble","19":"tag-grenoble-bassin","20":"tag-incendie","21":"tag-isere","22":"tag-news","23":"tag-republique-francaise"},"share_on_mastodon":{"url":"https:\/\/pubeurope.com\/@fr\/115227077162279561","error":""},"_links":{"self":[{"href":"https:\/\/www.europesays.com\/fr\/wp-json\/wp\/v2\/posts\/400708","targetHints":{"allow":["GET"]}}],"collection":[{"href":"https:\/\/www.europesays.com\/fr\/wp-json\/wp\/v2\/posts"}],"about":[{"href":"https:\/\/www.europesays.com\/fr\/wp-json\/wp\/v2\/types\/post"}],"author":[{"embeddable":true,"href":"https:\/\/www.europesays.com\/fr\/wp-json\/wp\/v2\/users\/2"}],"replies":[{"embeddable":true,"href":"https:\/\/www.europesays.com\/fr\/wp-json\/wp\/v2\/comments?post=400708"}],"version-history":[{"count":0,"href":"https:\/\/www.europesays.com\/fr\/wp-json\/wp\/v2\/posts\/400708\/revisions"}],"wp:featuredmedia":[{"embeddable":true,"href":"https:\/\/www.europesays.com\/fr\/wp-json\/wp\/v2\/media\/400709"}],"wp:attachment":[{"href":"https:\/\/www.europesays.com\/fr\/wp-json\/wp\/v2\/media?parent=400708"}],"wp:term":[{"taxonomy":"category","embeddable":true,"href":"https:\/\/www.europesays.com\/fr\/wp-json\/wp\/v2\/categories?post=400708"},{"taxonomy":"post_tag","embeddable":true,"href":"https:\/\/www.europesays.com\/fr\/wp-json\/wp\/v2\/tags?post=400708"}],"curies":[{"name":"wp","href":"https:\/\/api.w.org\/{rel}","templated":true}]}}