{"id":400716,"date":"2025-09-18T20:03:25","date_gmt":"2025-09-18T20:03:25","guid":{"rendered":"https:\/\/www.europesays.com\/fr\/400716\/"},"modified":"2025-09-18T20:03:25","modified_gmt":"2025-09-18T20:03:25","slug":"jean-dujardin-et-jan-kounen-pour-louverture","status":"publish","type":"post","link":"https:\/\/www.europesays.com\/fr\/400716\/","title":{"rendered":"Jean Dujardin et Jan Kounen pour l&rsquo;ouverture"},"content":{"rendered":"<p>De l\u2019art de braquer les projecteurs sur un \u00e9v\u00e9nement qui prend d\u00e9cid\u00e9ment bien la lumi\u00e8re. Surprise du chef Daniel Cohen, le directeur du <a href=\"https:\/\/www.dna.fr\/culture-loisirs\/2025\/09\/02\/festival-du-film-fantastique-programmation-revelee-et-billetterie-ouverte\" target=\"_blank\" rel=\"noopener\">Festival europ\u00e9en du film fantastique de Strasbourg<\/a> (FEFFS), il y aura deux invit\u00e9s de marque de plus dans la grande salle du Vox le vendredi 26\u00a0septembre, \u00e0 l\u2019occasion de la soir\u00e9e d\u2019ouverture du grand rendez-vous alsacien du cin\u00e9ma de genre. \u00ab\u00a0On est tr\u00e8s contents, parce qu\u2019on aura avec nous Jan Kounen, un ami et un habitu\u00e9, ainsi que Jean Dujardin, un acteur que tout le monde adore.\u00a0\u00bb<\/p>\n<p>Avec <a href=\"https:\/\/www.dna.fr\/culture-loisirs\/2025\/08\/14\/alexandre-aja-invite-d-honneur-le-festival-europeen-du-film-fantastique-sous-haute-tension\" target=\"_blank\" rel=\"noopener\">l\u2019Hollywoodien Alexandre Aja<\/a> \u00e9galement annonc\u00e9 pour l\u2019occasion, voil\u00e0 qui promet du grand spectacle c\u00f4t\u00e9 cin\u00e9.<\/p>\n<p>Ce contenu est bloqu\u00e9 car vous n&rsquo;avez pas accept\u00e9 les cookies et autres traceurs.<\/p>\n<p>En cliquant sur \u00ab J\u2019accepte \u00bb, les cookies et autres traceurs seront d\u00e9pos\u00e9s et vous pourrez visualiser les contenus  (<a href=\"\" class=\"consentModule_policy\" target=\"_blank\" title=\"Consulter la politique de protection des donn\u00e9es du fournisseur\">plus d&rsquo;informations<\/a>).<\/p>\n<p>En cliquant sur \u00ab J\u2019accepte tous les cookies \u00bb, vous autorisez des d\u00e9p\u00f4ts de cookies et autres traceurs pour le stockage de vos donn\u00e9es sur nos sites et applications \u00e0 des fins de personnalisation et de ciblage publicitaire.<\/p>\n<p class=\"consentModule_secondaryText\">Vous gardez la possibilit\u00e9 de retirer votre consentement \u00e0 tout moment en consultant notre <a href=\"https:\/\/www.dna.fr\/protection-des-donnees\" target=\"_blank\" title=\"Consulter notre politique de protection des donn\u00e9es\" rel=\"noopener\">politique de protection des donn\u00e9es<\/a>. <br \/>&#13;<br \/>\n            <a href=\"https:\/\/www.dna.fr\/culture-loisirs\/2025\/09\/18\/javascript:Didomi.notice.show()\" class=\"consentModule_cmp\" target=\"_blank\" rel=\"noopener\">G\u00e9rer mes choix<\/a>&#13;\n        <\/p>\n<p>&#13;<br \/>\n                        J&rsquo;accepte&#13;<br \/>\n            J&rsquo;accepte tous les cookies&#13;\n        <\/p>\n<p>  La promesse d\u2019une araign\u00e9e<\/p>\n<p>Jan Kounen et Jean Dujardin, \u00e9videmment, seront l\u00e0 pour une bonne raison, la pr\u00e9sentation de leur nouveau film, \u00e0 d\u00e9couvrir sur les \u00e9crans hexagonaux le 22\u00a0octobre. Une incursion opportune dans l\u2019univers du cin\u00e9ma fantastique, le r\u00e9alisateur de Dobermann , Blueberry et 99\u00a0francs , plut\u00f4t rare derri\u00e8re la cam\u00e9ra, ayant cette fois choisi de livrer sa vision d\u2019un classique de la litt\u00e9rature SF de Richard Matheson, d\u00e9j\u00e0 port\u00e9 \u00e0 l\u2019\u00e9cran en 1958 par Jack Arnold.<\/p>\n<p>Fable inattendue sur la condition de l\u2019homme et son rapport au monde, r\u00e9cit initiatique et film d\u2019aventure, L\u2019homme qui r\u00e9tr\u00e9cit se faisait \u00e0 l\u2019\u00e9poque r\u00e9quisitoire contre les exc\u00e8s de la science et le d\u00e9veloppement du nucl\u00e9aire. Qu\u2019en sera-t-il de la version 2025\u00a0? Gageons, \u00e0 la lumi\u00e8re de la filmographie du cin\u00e9aste, que la dimension introspective et critique de l\u2019\u0153uvre d\u2019Arnold ne sera pas sacrifi\u00e9e. Pas plus que la mythique sc\u00e8ne de l\u2019araign\u00e9e, que la bande annonce du film semble avoir d\u00e9j\u00e0 teas\u00e9e.<\/p>\n<p>Reste que la grande promesse de cette production, c\u2019est son acteur principal. Peu familier des terres fantastiques, <a href=\"https:\/\/www.dna.fr\/actualite\/2018\/02\/15\/jean-dujardin-raconte-le-jour-ou-il-a-sauve-sa-niece\" target=\"_blank\" rel=\"noopener\">Jean Dujardin<\/a> a choisi de se mettre en danger et de reprendre le r\u00f4le titre autrefois tenu par Grant Williams. Une prestation majeure qui avait contribu\u00e9 \u00e0 faire du film un classique du genre, et \u00e0 laquelle l\u2019ancien humoriste star, pour m\u00e9moire unique acteur fran\u00e7ais oscaris\u00e9 (en 2012 pour The Artist ), va devoir se mesurer. Charge aux spectateurs du FEFFS, qui d\u00e9couvriront le film en avant-premi\u00e8re lors de cette soir\u00e9e, de les d\u00e9partager\u2026<\/p>\n","protected":false},"excerpt":{"rendered":"De l\u2019art de braquer les projecteurs sur un \u00e9v\u00e9nement qui prend d\u00e9cid\u00e9ment bien la lumi\u00e8re. Surprise du chef&hellip;\n","protected":false},"author":2,"featured_media":400717,"comment_status":"","ping_status":"","sticky":false,"template":"","format":"standard","meta":{"footnotes":""},"categories":[2820],"tags":[1111,11,650,6211,1687,2880,1777,674,107,1011,27,775,12,5486,25,640,2879],"class_list":{"0":"post-400716","1":"post","2":"type-post","3":"status-publish","4":"format-standard","5":"has-post-thumbnail","7":"category-strasbourg","8":"tag-actu","9":"tag-actualites","10":"tag-cinema","11":"tag-conference","12":"tag-culture-loisirs","13":"tag-edition-strasbourg","14":"tag-eu","15":"tag-europe","16":"tag-fil-info","17":"tag-fr","18":"tag-france","19":"tag-grand-est","20":"tag-news","21":"tag-rencontre","22":"tag-republique-francaise","23":"tag-strasbourg","24":"tag-strasbourg-ville"},"share_on_mastodon":{"url":"https:\/\/pubeurope.com\/@fr\/115227092880807814","error":""},"_links":{"self":[{"href":"https:\/\/www.europesays.com\/fr\/wp-json\/wp\/v2\/posts\/400716","targetHints":{"allow":["GET"]}}],"collection":[{"href":"https:\/\/www.europesays.com\/fr\/wp-json\/wp\/v2\/posts"}],"about":[{"href":"https:\/\/www.europesays.com\/fr\/wp-json\/wp\/v2\/types\/post"}],"author":[{"embeddable":true,"href":"https:\/\/www.europesays.com\/fr\/wp-json\/wp\/v2\/users\/2"}],"replies":[{"embeddable":true,"href":"https:\/\/www.europesays.com\/fr\/wp-json\/wp\/v2\/comments?post=400716"}],"version-history":[{"count":0,"href":"https:\/\/www.europesays.com\/fr\/wp-json\/wp\/v2\/posts\/400716\/revisions"}],"wp:featuredmedia":[{"embeddable":true,"href":"https:\/\/www.europesays.com\/fr\/wp-json\/wp\/v2\/media\/400717"}],"wp:attachment":[{"href":"https:\/\/www.europesays.com\/fr\/wp-json\/wp\/v2\/media?parent=400716"}],"wp:term":[{"taxonomy":"category","embeddable":true,"href":"https:\/\/www.europesays.com\/fr\/wp-json\/wp\/v2\/categories?post=400716"},{"taxonomy":"post_tag","embeddable":true,"href":"https:\/\/www.europesays.com\/fr\/wp-json\/wp\/v2\/tags?post=400716"}],"curies":[{"name":"wp","href":"https:\/\/api.w.org\/{rel}","templated":true}]}}