{"id":400738,"date":"2025-09-18T20:15:20","date_gmt":"2025-09-18T20:15:20","guid":{"rendered":"https:\/\/www.europesays.com\/fr\/400738\/"},"modified":"2025-09-18T20:15:20","modified_gmt":"2025-09-18T20:15:20","slug":"endless-nouveau-collectif-rock-invite-black-lips-a-marseille-a-la-citadelle","status":"publish","type":"post","link":"https:\/\/www.europesays.com\/fr\/400738\/","title":{"rendered":"Endless, nouveau collectif rock, invite Black Lips \u00e0 Marseille, \u00e0 la Citadelle"},"content":{"rendered":"<p>\u00ab\u00a0Je n\u2019ai peur de rien\u00a0\u00bb, nous dit Geoffrey Delhaye, le cr\u00e9ateur un peu t\u00eate br\u00fbl\u00e9e d\u2019Endless, un nouveau collectif qui entend amener \u00e0 Marseille \u00ab\u00a0un rock contemporain, de niche, d\u2019exception\u00a0\u00bb. \u00ab\u00a0Moi j\u2019aime les groupes o\u00f9 les leaders crient, sourit-il. J\u2019aimerais faire venir ici des groupes internationaux pour lesquels il faut actuellement que j\u2019aille \u00e0 Paris ou en Belgique, pour les voir\u00a0\u00bb. Il faut dire que le trentenaire, passionn\u00e9 de rock, d\u2019art et de cr\u00e9ation, est originaire de Mons (Wallonie). Il est arriv\u00e9 \u00e0 Marseille il y a huit ans, jour pour jour avec la premi\u00e8re date d\u2019Endless, un 25 septembre.<\/p>\n<p>En 2017, il \u00e9tait venu ici pour passer une th\u00e8se dans le domaine biom\u00e9dical \u00e0 Luminy. Sa premi\u00e8re exp\u00e9rience de Marseille ? Une arriv\u00e9e en doudoune \u00e0 la gare Saint-Charles, sous un soleil quasi estival, une travers\u00e9e en navette maritime jusqu\u2019\u00e0 la <a href=\"https:\/\/www.laprovence.com\/article\/region\/7196667777883514\/du-roucas-blanc-a-la-pointe-rouge-a-marseille-la-ville-lance-un-plan-guide-pour-remodeler-le-littoral-sud\" target=\"_blank\" rel=\"noopener\">Pointe Rouge <\/a>et un premier logement dans un voilier gr\u00e2ce \u00e0 une connaissance de la famille. Un choc pour le jeune Belge, qui s\u2019est dit finalement d\u00e9\u00e7u par le monde de la science et le milieu acad\u00e9mique. Apr\u00e8s sa th\u00e8se, les opportunit\u00e9s l\u2019ont amen\u00e9 \u00e0 se reconvertir dans la production de shooting et vid\u00e9o dans la mode. Les voyages l\u2019ont conduit a&#8230;<\/p>\n","protected":false},"excerpt":{"rendered":"\u00ab\u00a0Je n\u2019ai peur de rien\u00a0\u00bb, nous dit Geoffrey Delhaye, le cr\u00e9ateur un peu t\u00eate br\u00fbl\u00e9e d\u2019Endless, un nouveau&hellip;\n","protected":false},"author":2,"featured_media":400739,"comment_status":"","ping_status":"","sticky":false,"template":"","format":"standard","meta":{"footnotes":""},"categories":[2814],"tags":[17,1111,11,3623,7819,251,53204,1777,674,1011,27,508,53205,884,12,4565,882,25,7040],"class_list":{"0":"post-400738","1":"post","2":"type-post","3":"status-publish","4":"format-standard","5":"has-post-thumbnail","7":"category-marseille","8":"tag-17","9":"tag-actu","10":"tag-actualites","11":"tag-black","12":"tag-collectif","13":"tag-culture","14":"tag-endless","15":"tag-eu","16":"tag-europe","17":"tag-fr","18":"tag-france","19":"tag-invite","20":"tag-lips","21":"tag-marseille","22":"tag-news","23":"tag-nouveau","24":"tag-provence-alpes-cote-dazur","25":"tag-republique-francaise","26":"tag-rock"},"share_on_mastodon":{"url":"https:\/\/pubeurope.com\/@fr\/115227140038445552","error":""},"_links":{"self":[{"href":"https:\/\/www.europesays.com\/fr\/wp-json\/wp\/v2\/posts\/400738","targetHints":{"allow":["GET"]}}],"collection":[{"href":"https:\/\/www.europesays.com\/fr\/wp-json\/wp\/v2\/posts"}],"about":[{"href":"https:\/\/www.europesays.com\/fr\/wp-json\/wp\/v2\/types\/post"}],"author":[{"embeddable":true,"href":"https:\/\/www.europesays.com\/fr\/wp-json\/wp\/v2\/users\/2"}],"replies":[{"embeddable":true,"href":"https:\/\/www.europesays.com\/fr\/wp-json\/wp\/v2\/comments?post=400738"}],"version-history":[{"count":0,"href":"https:\/\/www.europesays.com\/fr\/wp-json\/wp\/v2\/posts\/400738\/revisions"}],"wp:featuredmedia":[{"embeddable":true,"href":"https:\/\/www.europesays.com\/fr\/wp-json\/wp\/v2\/media\/400739"}],"wp:attachment":[{"href":"https:\/\/www.europesays.com\/fr\/wp-json\/wp\/v2\/media?parent=400738"}],"wp:term":[{"taxonomy":"category","embeddable":true,"href":"https:\/\/www.europesays.com\/fr\/wp-json\/wp\/v2\/categories?post=400738"},{"taxonomy":"post_tag","embeddable":true,"href":"https:\/\/www.europesays.com\/fr\/wp-json\/wp\/v2\/tags?post=400738"}],"curies":[{"name":"wp","href":"https:\/\/api.w.org\/{rel}","templated":true}]}}