{"id":400740,"date":"2025-09-18T20:16:09","date_gmt":"2025-09-18T20:16:09","guid":{"rendered":"https:\/\/www.europesays.com\/fr\/400740\/"},"modified":"2025-09-18T20:16:09","modified_gmt":"2025-09-18T20:16:09","slug":"en-images-de-marseille-a-paris-en-passant-par-belfort-une-journee-de-mobilisation-massive-a-travers-la-france-liberation","status":"publish","type":"post","link":"https:\/\/www.europesays.com\/fr\/400740\/","title":{"rendered":"EN IMAGES &#8211; De Marseille \u00e0 Paris en passant par Belfort, une journ\u00e9e de mobilisation massive \u00e0 travers la France \u2013 Lib\u00e9ration"},"content":{"rendered":"<p>Dans l&rsquo;\u0153il de Lib\u00e9Les photographes de \u00abLib\u00e9\u00bb ont suivi les blocages et manifestations qui ont r\u00e9uni plusieurs centaines de milliers de personnes dans les rues ce jeudi 18 septembre \u00e0 l\u2019appel des syndicats. <\/p>\n<p>publi\u00e9 aujourd&rsquo;hui \u00e0 21h33<\/p>\n<p>Dans les rues de Paris, ce 18 septembre. La pr\u00e9fecture de police a d\u00e9nombr\u00e9 55 000 manifestants dans les rues de la capitale. <\/p>\n<p>Cyril Zannettacci\/Vu pour Lib\u00e9ration<\/p>\n<p>Ce 18 septembre, \u00e0 Paris. En milieu d\u2019apr\u00e8s-midi, la CGT annon\u00e7ait \u00abplus d\u2019un million de personnes\u00bb partout en France.<\/p>\n<p>Cyril Zannettacci\/VU.Lib\u00e9ration<\/p>\n<p>A Belfort environ 150 personnes ont tenu un piquet de gr\u00e8ve et emp\u00each\u00e9 l\u2019acc\u00e8s aux usines install\u00e9es au c\u0153ur du bassin industriel du Territoire de Belfort. <\/p>\n<p>Raphael Helle\/Lib\u00e9ration<\/p>\n<p>Dans le cort\u00e8ge marseillais, G\u00e9raldine, 39 ans, porte fermement la banderole des personnels en lutte. Cela fait trois semaines que cette ing\u00e9nieure chez EDF tient le piquet de gr\u00e8ve ouvert par la CGT marseillaise, \u00abpour l\u2019augmentation des salaires et la baisse de la facture des usagers\u00bb, r\u00e9sume-t-elle. <\/p>\n<p>Patrick Gherdoussi\/Lib\u00e9ration<\/p>\n<p>Pour cette journ\u00e9e de mobilisation, le dispositif s\u00e9curitaire \u00e9tait massif : le minist\u00e8re de l&rsquo;int\u00e9rieur a d\u00e9ploy\u00e9 plus de 80 000 policiers et gendarmes sur tout le territoire. <\/p>\n<p>Cyril Zannettacci\/VU.Lib\u00e9ration<\/p>\n<p>A Belfort, en d\u00e9but d\u2019apr\u00e8s-midi, 150 lyc\u00e9ens de la ville, qui viennent \u00e0 peine d\u2019en finir avec le blocage de leurs \u00e9tablissements, rejoignent le site. \u00abOn vient dans un esprit de convergence des luttes\u00bb, dit une lyc\u00e9enne. Des palettes de bois sont de nouveau allum\u00e9es. Des merguez remises sur le feu. \u00abMerci les jeunes d\u2019\u00eatre l\u00e0\u00bb, entend-on au micro. <\/p>\n<p>Raphael Helle\/Lib\u00e9ration<\/p>\n<p>A Paris, ce jeudi 18 septembre. Les leaders de la CFDT, Marylise L\u00e9on, et de la CGT, Sophie Binet, ont annonc\u00e9 jeudi soir que l\u2019intersyndicale se r\u00e9unirait vendredi, au lendemain d\u2019une large mobilisation qu\u2019elles ont jug\u00e9 \u00abr\u00e9ussie\u00bb, pour d\u00e9cider de la suite du mouvement.<\/p>\n<p>Cyril Zannettacci\/VU.Lib\u00e9ration<\/p>\n<p>Dans les rues de Paris, ce jeudi 18 septembre, flottait comme un parfum de janvier 2023, avec une vingtaine de degr\u00e9s en plus. Plus de 12% des agents de la fonction publique d&rsquo;Etat \u00e9taient en gr\u00e8ve.  <\/p>\n<p>Cyril Zannettacci\/VU.Lib\u00e9ration<\/p>\n<p>A Belfort, le barbecue fume, les sacs de charbon sont l\u00e0 : les gr\u00e9vistes sont pr\u00eats \u00e0 tenir jusqu\u2019au soir pour obtenir \u00abun retrait pur et simple des mesures d\u2019aust\u00e9rit\u00e9 du gouvernement\u00bb, lance un ouvrier gr\u00e9viste. D\u2019autres revendications plus locales tournent dans les t\u00eates : la revalorisation des salaires, l\u2019embauche des int\u00e9rimaires ou \u00able ralentissement de cette cadence effr\u00e9n\u00e9e\u00bb. <\/p>\n<p>Raphael Helle\/Lib\u00e9ration<\/p>\n<p>A Paris, ce jeudi 18 septembre. Conform\u00e9ment aux consignes r\u00e9pressives pass\u00e9es par le ministre de l\u2019Int\u00e9rieur d\u00e9missionnaire, Bruno Retailleau, les forces de l\u2019ordre ont interpell\u00e9 massivement et frapp\u00e9 plusieurs manifestants un peu partout en France.<\/p>\n<p>Cyril Zannettacci\/VU.Lib\u00e9ration<\/p>\n","protected":false},"excerpt":{"rendered":"Dans l&rsquo;\u0153il de Lib\u00e9Les photographes de \u00abLib\u00e9\u00bb ont suivi les blocages et manifestations qui ont r\u00e9uni plusieurs centaines&hellip;\n","protected":false},"author":2,"featured_media":400741,"comment_status":"","ping_status":"","sticky":false,"template":"","format":"standard","meta":{"footnotes":""},"categories":[2814],"tags":[1111,11,22758,1073,1777,674,1011,27,884,12,626,882,25],"class_list":{"0":"post-400740","1":"post","2":"type-post","3":"status-publish","4":"format-standard","5":"has-post-thumbnail","7":"category-marseille","8":"tag-actu","9":"tag-actualites","10":"tag-belfort","11":"tag-emmanuel-macron","12":"tag-eu","13":"tag-europe","14":"tag-fr","15":"tag-france","16":"tag-marseille","17":"tag-news","18":"tag-paris","19":"tag-provence-alpes-cote-dazur","20":"tag-republique-francaise"},"share_on_mastodon":{"url":"https:\/\/pubeurope.com\/@fr\/115227143987542604","error":""},"_links":{"self":[{"href":"https:\/\/www.europesays.com\/fr\/wp-json\/wp\/v2\/posts\/400740","targetHints":{"allow":["GET"]}}],"collection":[{"href":"https:\/\/www.europesays.com\/fr\/wp-json\/wp\/v2\/posts"}],"about":[{"href":"https:\/\/www.europesays.com\/fr\/wp-json\/wp\/v2\/types\/post"}],"author":[{"embeddable":true,"href":"https:\/\/www.europesays.com\/fr\/wp-json\/wp\/v2\/users\/2"}],"replies":[{"embeddable":true,"href":"https:\/\/www.europesays.com\/fr\/wp-json\/wp\/v2\/comments?post=400740"}],"version-history":[{"count":0,"href":"https:\/\/www.europesays.com\/fr\/wp-json\/wp\/v2\/posts\/400740\/revisions"}],"wp:featuredmedia":[{"embeddable":true,"href":"https:\/\/www.europesays.com\/fr\/wp-json\/wp\/v2\/media\/400741"}],"wp:attachment":[{"href":"https:\/\/www.europesays.com\/fr\/wp-json\/wp\/v2\/media?parent=400740"}],"wp:term":[{"taxonomy":"category","embeddable":true,"href":"https:\/\/www.europesays.com\/fr\/wp-json\/wp\/v2\/categories?post=400740"},{"taxonomy":"post_tag","embeddable":true,"href":"https:\/\/www.europesays.com\/fr\/wp-json\/wp\/v2\/tags?post=400740"}],"curies":[{"name":"wp","href":"https:\/\/api.w.org\/{rel}","templated":true}]}}