{"id":400758,"date":"2025-09-18T20:26:13","date_gmt":"2025-09-18T20:26:13","guid":{"rendered":"https:\/\/www.europesays.com\/fr\/400758\/"},"modified":"2025-09-18T20:26:13","modified_gmt":"2025-09-18T20:26:13","slug":"russie-un-seisme-de-magnitude-78-au-large-de-lextreme-orient-lalerte-tsunami-declenchee","status":"publish","type":"post","link":"https:\/\/www.europesays.com\/fr\/400758\/","title":{"rendered":"Russie. Un s\u00e9isme de magnitude 7,8\u00a0au large de l&rsquo;Extr\u00eame-Orient,\u00a0l&rsquo;alerte tsunami d\u00e9clench\u00e9e"},"content":{"rendered":"<p>Un s\u00e9isme de magnitude 7,8 a \u00e9t\u00e9 enregistr\u00e9 vendredi dans le Pacifique au large de la p\u00e9ninsule russe du Kamtchatka, d\u00e9clenchant une alerte au tsunami, a indiqu\u00e9 le service sismique am\u00e9ricain USGS.<\/p>\n<p>Le tremblement de terre de vendredi s&rsquo;est produit \u00e0 6h58 heure locale (19h58 GMT jeudi) \u00e0 128 kilom\u00e8tres \u00e0 l&rsquo;est de la ville russe de Petropavlovsk-Kamchatsky, \u00e0 une faible profondeur de dix kilom\u00e8tres, incitant le Centre d&rsquo;alerte au tsunami du Pacifique am\u00e9ricain \u00e0 \u00e9mettre une alerte pour d&rsquo;\u00e9ventuelles vagues dangereuses le long des c\u00f4tes voisines.<\/p>\n<p>Ce contenu est bloqu\u00e9 car vous n&rsquo;avez pas accept\u00e9 les cookies et autres traceurs.<\/p>\n<p>En cliquant sur \u00ab J\u2019accepte \u00bb, les cookies et autres traceurs seront d\u00e9pos\u00e9s et vous pourrez visualiser les contenus  (<a href=\"\" class=\"consentModule_policy\" target=\"_blank\" title=\"Consulter la politique de protection des donn\u00e9es du fournisseur\">plus d&rsquo;informations<\/a>).<\/p>\n<p>En cliquant sur \u00ab J\u2019accepte tous les cookies \u00bb, vous autorisez des d\u00e9p\u00f4ts de cookies et autres traceurs pour le stockage de vos donn\u00e9es sur nos sites et applications \u00e0 des fins de personnalisation et de ciblage publicitaire.<\/p>\n<p class=\"consentModule_secondaryText\">Vous gardez la possibilit\u00e9 de retirer votre consentement \u00e0 tout moment en consultant notre <a href=\"https:\/\/www.ledauphine.com\/protection-des-donnees\" target=\"_blank\" title=\"Consulter notre politique de protection des donn\u00e9es\" rel=\"noopener\">politique de protection des donn\u00e9es<\/a>. <br \/>&#13;<br \/>\n            <a href=\"https:\/\/www.ledauphine.com\/faits-divers-justice\/2025\/09\/18\/javascript:Didomi.notice.show()\" class=\"consentModule_cmp\" target=\"_blank\" rel=\"noopener\">G\u00e9rer mes choix<\/a>&#13;\n        <\/p>\n<p>&#13;<br \/>\n                        J&rsquo;accepte&#13;<br \/>\n            J&rsquo;accepte tous les cookies&#13;\n        <\/p>\n<p>Un s\u00e9isme de magnitude 7,4 <a href=\"https:\/\/www.ledauphine.com\/environnement\/2025\/09\/13\/breve-alerte-au-tsunami-apres-un-seisme-de-magnitude-7-4-au-large-de-la-peninsule-du-kamtchatka\" target=\"_blank\" rel=\"noopener\">a d\u00e9j\u00e0 frapp\u00e9 la r\u00e9gion<\/a> samedi, \u00e0 une profondeur de 39,5 km, \u00e0 111 km \u00e0 l&rsquo;est de Petropavlovsk-Kamtchatsky.<\/p>\n","protected":false},"excerpt":{"rendered":"Un s\u00e9isme de magnitude 7,8 a \u00e9t\u00e9 enregistr\u00e9 vendredi dans le Pacifique au large de la p\u00e9ninsule russe&hellip;\n","protected":false},"author":2,"featured_media":400759,"comment_status":"","ping_status":"","sticky":false,"template":"","format":"standard","meta":{"footnotes":""},"categories":[1591],"tags":[119,11,9323,1887,107,329,12,1885,1886,132],"class_list":{"0":"post-400758","1":"post","2":"type-post","3":"status-publish","4":"format-standard","5":"has-post-thumbnail","7":"category-russie","8":"tag-accident","9":"tag-actualites","10":"tag-catastrophes","11":"tag-federation-de-russie","12":"tag-fil-info","13":"tag-france-monde","14":"tag-news","15":"tag-russia","16":"tag-russian-federation","17":"tag-russie"},"share_on_mastodon":{"url":"https:\/\/pubeurope.com\/@fr\/115227183234227522","error":""},"_links":{"self":[{"href":"https:\/\/www.europesays.com\/fr\/wp-json\/wp\/v2\/posts\/400758","targetHints":{"allow":["GET"]}}],"collection":[{"href":"https:\/\/www.europesays.com\/fr\/wp-json\/wp\/v2\/posts"}],"about":[{"href":"https:\/\/www.europesays.com\/fr\/wp-json\/wp\/v2\/types\/post"}],"author":[{"embeddable":true,"href":"https:\/\/www.europesays.com\/fr\/wp-json\/wp\/v2\/users\/2"}],"replies":[{"embeddable":true,"href":"https:\/\/www.europesays.com\/fr\/wp-json\/wp\/v2\/comments?post=400758"}],"version-history":[{"count":0,"href":"https:\/\/www.europesays.com\/fr\/wp-json\/wp\/v2\/posts\/400758\/revisions"}],"wp:featuredmedia":[{"embeddable":true,"href":"https:\/\/www.europesays.com\/fr\/wp-json\/wp\/v2\/media\/400759"}],"wp:attachment":[{"href":"https:\/\/www.europesays.com\/fr\/wp-json\/wp\/v2\/media?parent=400758"}],"wp:term":[{"taxonomy":"category","embeddable":true,"href":"https:\/\/www.europesays.com\/fr\/wp-json\/wp\/v2\/categories?post=400758"},{"taxonomy":"post_tag","embeddable":true,"href":"https:\/\/www.europesays.com\/fr\/wp-json\/wp\/v2\/tags?post=400758"}],"curies":[{"name":"wp","href":"https:\/\/api.w.org\/{rel}","templated":true}]}}