{"id":400760,"date":"2025-09-18T20:27:10","date_gmt":"2025-09-18T20:27:10","guid":{"rendered":"https:\/\/www.europesays.com\/fr\/400760\/"},"modified":"2025-09-18T20:27:10","modified_gmt":"2025-09-18T20:27:10","slug":"les-pepinieres-renault-revoit-sa-strategie-a-lexport-face-a-la-guerre-en-ukraine","status":"publish","type":"post","link":"https:\/\/www.europesays.com\/fr\/400760\/","title":{"rendered":"Les P\u00e9pini\u00e8res Renault revoit sa strat\u00e9gie \u00e0 l&rsquo;export face \u00e0 la guerre en Ukraine"},"content":{"rendered":"<p>En f\u00e9vrier 2022 d\u00e9butait l&rsquo;invasion de l&rsquo;Ukraine par la Russie. Trois ans plus tard, certaines entreprises fran\u00e7aises durement touch\u00e9es financi\u00e8rement tentent aujourd\u2019hui de rebondir. Illustration avec les P\u00e9pini\u00e8res Renault fond\u00e9es en 1951 \u00e0 Gorron en Mayenne principalement sp\u00e9cialis\u00e9es dans la production d\u2019arbustes. Elle ne fabrique pas moins d\u20191,5 million de plantes (100 vari\u00e9t\u00e9s diff\u00e9rentes) chaque ann\u00e9e. Cette entreprise est aussi impliqu\u00e9e dans la cr\u00e9ation de nouvelles vari\u00e9t\u00e9s, comme l&rsquo;hortensia Vanille fraise. \u00ab\u00a0Cette vari\u00e9t\u00e9 prot\u00e9g\u00e9e par un certificat d\u2019obtention vari\u00e9tale est mondialement connue. Elle\u00a0r\u00e9siste \u00e0 des temp\u00e9ratures avoinant les moins 40 degr\u00e9s\u00a0\u00bb, indique Julie Renault, petite-fille du fondateur qui est arriv\u00e9e dans la soci\u00e9t\u00e9 en 2019 avant d\u2019en prendre sa t\u00eate en 2022.<\/p>\n","protected":false},"excerpt":{"rendered":"En f\u00e9vrier 2022 d\u00e9butait l&rsquo;invasion de l&rsquo;Ukraine par la Russie. Trois ans plus tard, certaines entreprises fran\u00e7aises durement&hellip;\n","protected":false},"author":2,"featured_media":400761,"comment_status":"","ping_status":"","sticky":false,"template":"","format":"standard","meta":{"footnotes":""},"categories":[1590],"tags":[17,11,33,1777,674,2823,53206,151,12,5778,10651,32718,5384,220],"class_list":{"0":"post-400760","1":"post","2":"type-post","3":"status-publish","4":"format-standard","5":"has-post-thumbnail","7":"category-ukraine","8":"tag-17","9":"tag-actualites","10":"tag-economie","11":"tag-eu","12":"tag-europe","13":"tag-face","14":"tag-lexport","15":"tag-les","16":"tag-news","17":"tag-pepinieres","18":"tag-renault","19":"tag-revoit","20":"tag-strategie","21":"tag-ukraine"},"share_on_mastodon":{"url":"https:\/\/pubeurope.com\/@fr\/115227187218495296","error":""},"_links":{"self":[{"href":"https:\/\/www.europesays.com\/fr\/wp-json\/wp\/v2\/posts\/400760","targetHints":{"allow":["GET"]}}],"collection":[{"href":"https:\/\/www.europesays.com\/fr\/wp-json\/wp\/v2\/posts"}],"about":[{"href":"https:\/\/www.europesays.com\/fr\/wp-json\/wp\/v2\/types\/post"}],"author":[{"embeddable":true,"href":"https:\/\/www.europesays.com\/fr\/wp-json\/wp\/v2\/users\/2"}],"replies":[{"embeddable":true,"href":"https:\/\/www.europesays.com\/fr\/wp-json\/wp\/v2\/comments?post=400760"}],"version-history":[{"count":0,"href":"https:\/\/www.europesays.com\/fr\/wp-json\/wp\/v2\/posts\/400760\/revisions"}],"wp:featuredmedia":[{"embeddable":true,"href":"https:\/\/www.europesays.com\/fr\/wp-json\/wp\/v2\/media\/400761"}],"wp:attachment":[{"href":"https:\/\/www.europesays.com\/fr\/wp-json\/wp\/v2\/media?parent=400760"}],"wp:term":[{"taxonomy":"category","embeddable":true,"href":"https:\/\/www.europesays.com\/fr\/wp-json\/wp\/v2\/categories?post=400760"},{"taxonomy":"post_tag","embeddable":true,"href":"https:\/\/www.europesays.com\/fr\/wp-json\/wp\/v2\/tags?post=400760"}],"curies":[{"name":"wp","href":"https:\/\/api.w.org\/{rel}","templated":true}]}}