{"id":400764,"date":"2025-09-18T20:29:12","date_gmt":"2025-09-18T20:29:12","guid":{"rendered":"https:\/\/www.europesays.com\/fr\/400764\/"},"modified":"2025-09-18T20:29:12","modified_gmt":"2025-09-18T20:29:12","slug":"la-rencontre-trump-starmer-sacheve-sur-un-accord-historique-et-des-petits-moments-de-malaise","status":"publish","type":"post","link":"https:\/\/www.europesays.com\/fr\/400764\/","title":{"rendered":"La rencontre Trump-Starmer s\u2019ach\u00e8ve sur un accord \u00ab\u00a0historique\u00a0\u00bb\u2026 et des petits moments de malaise"},"content":{"rendered":"<p>        <img decoding=\"async\" loading=\"lazy\" src=\"https:\/\/www.europesays.com\/fr\/wp-content\/uploads\/2025\/09\/997ba49_upload-1-edv3anxea521-afp-20250918-74yp4la-v2-highres-topshotbritainusdiplomacy.jpg\"  width=\"728\" height=\"410\" alt=\"La rencontre Trump-Starmer s\u2019ach\u00e8ve sur un accord apr\u00e8s le faste royal... et aussi quelques malaises.\"\/>  <\/p>\n<p>ANDREW CABALLERO-REYNOLDS \/ AFP<\/p>\n<p>La rencontre Trump-Starmer s\u2019ach\u00e8ve sur un accord apr\u00e8s le faste royal&#8230; et aussi quelques malaises.<\/p>\n<p class=\"asset asset-text\">INTERNATIONAL &#8211; Une \u00ab\u00a0nouvelle \u00e8re\u00a0\u00bb s\u2019ouvre, mais les d\u00e9saccords sont loin d\u2019\u00eatre effac\u00e9s. <a href=\"https:\/\/www.huffingtonpost.fr\/international\/video\/donald-trump-au-royaume-uni-pourquoi-le-pays-lui-accord-un-privilege-jamais-offert-a-un-autre_254901.html\" target=\"_blank\" rel=\"noopener\">Accueilli comme un roi<\/a> au Royaume-Uni, Donald Trump a achev\u00e9 <a href=\"https:\/\/www.huffingtonpost.fr\/international\/video\/les-detracteurs-de-donald-trump-ont-vu-grand-pour-sa-venue-a-windsor-avec-cette-banderole-geante_254908.html\" target=\"_blank\" rel=\"noopener\">sa visite<\/a> avec une conf\u00e9rence de presse aux c\u00f4t\u00e9s du Premier ministre Keir Starmer, ce jeudi 18\u00a0septembre \u00e0 Chequers en Angleterre. L\u2019occasion pour les deux chefs d\u2019\u00c9tat d\u2019insister sur le pass\u00e9 commun de leurs pays et de mettre en avant un partenariat \u00ab\u00a0historique\u00a0\u00bb qu\u2019ils ont sign\u00e9 sur les questions technologiques<\/p>\n<p class=\"asset asset-text\">Mais derri\u00e8re les remerciements de <a href=\"https:\/\/www.huffingtonpost.fr\/medias\/article\/apres-jimmy-kimmel-donald-trump-designe-seth-meyers-et-jimmy-fallon-les-prochains-sur-la-liste_254977.html\" target=\"_blank\" rel=\"noopener\">Donald Trump<\/a> pour l\u2019accueil du roi Charles III et de sa femme \u2013 \u00ab\u00a0deux personnes formidables\u00a0\u00bb \u2013 et les discours sur la \u00ab\u00a0relation sp\u00e9ciale\u00a0\u00bb entre Londres et Washington, plusieurs d\u00e9saccords entre le pr\u00e9sident am\u00e9ricain et le Premier ministre britannique sont ressortis, notamment lors des questions pos\u00e9es par les journalistes.<\/p>\n<p class=\"asset asset-text\">\u00ab\u00a0Keir Starmer est probablement soulag\u00e9 du d\u00e9nouement\u00a0\u00bb, analyse le <a href=\"https:\/\/www.nytimes.com\/live\/2025\/09\/18\/world\/trump-uk-visit\/36298dae-c5eb-5df7-a4d6-274e7340f359?smid=url-share\" target=\"_blank\" rel=\"noopener\" title=\"Nouvelle fen\u00eatre\">New York Times<\/a>, estimant qu\u2019il pouvait s\u2019attendre \u00e0 des critiques bien plus \u00e2pres du locataire de la Maison Blanche sur sa politique. <a href=\"https:\/\/www.theguardian.com\/politics\/live\/2025\/sep\/18\/donald-trump-state-visit-uk-keir-starmer-labour-politics-latest-news?CMP=share_btn_url&amp;page=with%3Ablock-68cc25ea8f08895801e07b70#block-68cc25ea8f08895801e07b70\" target=\"_blank\" rel=\"noopener\" title=\"Nouvelle fen\u00eatre\">The Guardian<\/a> note quant \u00e0 lui que Donald Trump \u00ab\u00a0n\u2019a pas essay\u00e9 de fragiliser\u00a0\u00bb le Premier ministre. Pour autant, de la situation \u00e0 Gaza en passant par les questions migratoires ou \u00e9nerg\u00e9tiques, l\u2019Am\u00e9ricain a assum\u00e9 un discours divergent, donnant lieu \u00e0 des moments de malaise.<\/p>\n<p>    \u2022 Un \u00ab\u00a0d\u00e9saccord\u00a0\u00bb assum\u00e9 sur la reconnaissance de la Palestine    <\/p>\n<p class=\"asset asset-text\"><a href=\"https:\/\/www.huffingtonpost.fr\/international\/article\/keir-starmer-contraint-de-limoger-cet-ambassadeur-aux-etats-unis-pour-ses-liens-avec-jeffrey-epstein_254700.html\" target=\"_blank\" rel=\"noopener\">Keir Starmer<\/a> a qualifi\u00e9 la situation \u00e0 Gaza d\u2019\u00ab\u00a0intol\u00e9rable\u00a0\u00bb, estimant \u00eatre en accord avec Donald Trump sur la \u00ab\u00a0n\u00e9cessit\u00e9 de la paix\u00a0\u00bb. Fid\u00e8le \u00e0 ses prises de position pass\u00e9es, il a redit son souhait de reconna\u00eetre la Palestine, affirmant qu\u2019\u00ab\u00a0\u00c9tat palestinien viable\u00a0\u00bb est une \u00e9tape vers une solution \u00e0 deux \u00c9tats et une paix durable.<\/p>\n<p class=\"asset asset-text\">Interrog\u00e9 sur ce qu\u2019il pouvait faire pour convaincre Benjamin Netanyahu d\u2019arr\u00eater l\u2019offensive dans l\u2019enclave palestinienne, le Pr\u00e9sident am\u00e9ricain n\u2019a pas r\u00e9pondu \u00e0 la question, se contentant de demander la lib\u00e9ration imm\u00e9diate de \u00ab\u00a0tous les otages\u00a0\u00bb. \u00ab\u00a0Nous devons nous souvenir du 7-Octobre\u00a0\u00bb, a-t-il plaid\u00e9, le d\u00e9crivant comme l\u2019\u00ab\u00a0un des jours les plus violents de l\u2019histoire du monde\u00a0\u00bb.<\/p>\n<p class=\"asset asset-text\">S\u2019il a rejoint Keir Starmer sur le point de dire que \u00ab\u00a0les combats doivent cesser\u00a0\u00bb, Donald Trump a assum\u00e9 un point de vue diff\u00e9rent sur la <a href=\"https:\/\/www.huffingtonpost.fr\/international\/article\/le-royaume-uni-assure-qu-il-reconnaitra-la-palestine-sauf-si-israel-prend-certaines-mesures-a-gaza_253096.html\" target=\"_blank\" rel=\"noopener\">reconnaissance de la Palestine<\/a>. \u00ab\u00a0Je suis en d\u00e9saccord avec le Premier ministre sur ce point\u00a0\u00bb, a-t-il d\u00e9clar\u00e9, assurant qu\u2019\u00ab\u00a0il s\u2019agit l\u00e0 de l\u2019un de [ses] rares d\u00e9saccords\u00a0\u00bb avec lui. Pour \u00e9viter un flottement, le Premier ministre britannique a encha\u00een\u00e9 avec la question suivante\u2026 \u00e0 ses risques et p\u00e9rils.<\/p>\n<p>    \u2022 Trump dit \u00e0 Starmer d\u2019appeler l\u2019arm\u00e9e pour limiter l\u2019immigration    <\/p>\n<p class=\"asset asset-text\">La parole a \u00e9t\u00e9 donn\u00e9e au journaliste du tablo\u00efd conservateur The Sun, dont les questions semblaient pens\u00e9es pour g\u00eaner les deux dirigeants. \u00c9voquant les \u00ab\u00a0succ\u00e8s incroyables\u00a0\u00bb de la politique migratoire trumpiste, il a demand\u00e9 au pr\u00e9sident am\u00e9ricain s\u2019il avait des conseils \u00e0 donner \u00e0 Keir Starmer pour lutter contre les \u00ab\u00a0niveaux records d\u2019immigration l\u00e9gale au Royaume-Uni\u00a0\u00bb.<\/p>\n<p class=\"asset asset-text\">\u00ab\u00a0J\u2019ai dit au Premier ministre qu\u2019\u00e0 sa place j\u2019y mettrais un terme, a r\u00e9pondu Donald Trump, peu importe si vous appelez l\u2019arm\u00e9e, peu importent les moyens que vous utilisez.\u00a0\u00bb \u00ab\u00a0\u00c7a [l\u2019immigration] d\u00e9truit les pays de l\u2019int\u00e9rieur\u00a0\u00bb, a expos\u00e9 le locataire de la Maison Blanche, pendant que celui du 10\u00a0Downing Street l\u2019\u00e9coutait patiemment.<\/p>\n<p class=\"asset asset-text\">Fr\u00e9quemment attaqu\u00e9 sur sa politique migratoire par la droite et l\u2019extr\u00eame droite, Keir Starmer a assur\u00e9 vouloir \u00ab\u00a0intensifier\u00a0\u00bb les expulsions de migrants arrivant par petits bateaux. Il a \u00e9voqu\u00e9 l\u2019accord sign\u00e9 cet \u00e9t\u00e9 avec Paris, saluant comme une \u00ab\u00a0avanc\u00e9e importante\u00a0\u00bb le premier renvoi en France d\u2019un ressortissant indien.<\/p>\n<p>    \u2022 Starmer d\u00e9fend l\u2019\u00e9olien, Trump \u00ab\u00a0n\u2019utilise pas le vent\u00a0\u00bb    <\/p>\n<p class=\"asset asset-text\">La seconde question du journaliste du Sun a occasionn\u00e9 un autre moment embarrassant. \u00c9voquant le slogan de Donald Trump \u00ab\u00a0Drill baby drill\u00a0\u00bb (fore, b\u00e9b\u00e9, fore), il a affirm\u00e9 que sa <a href=\"https:\/\/www.huffingtonpost.fr\/environnement\/article\/ce-projet-de-trump-montre-son-ambition-demesuree-pour-les-energies-fossiles_247104.html\" target=\"_blank\" rel=\"noopener\">politique permissive sur les \u00e9nergies fossiles<\/a> avait permis de \u00ab\u00a0r\u00e9duire la facture pour les Am\u00e9ricains\u00a0\u00bb. Il a ensuite demand\u00e9 \u00e0 Keir Starmer en quoi il avait \u00ab\u00a0raison\u00a0\u00bb de privil\u00e9gier le renouvelable \u2013 notamment l\u2019\u00e9olien \u2013 tandis que son homologue avait \u00ab\u00a0tort\u00a0\u00bb.<\/p>\n<p class=\"asset asset-text\">Le Premier ministre britannique s\u2019est bien gard\u00e9 de commenter la politique trumpiste. Il s\u2019est dit \u00ab\u00a0absolument d\u00e9termin\u00e9\u00a0\u00bb \u00e0 faire \u00ab\u00a0baisser les prix de l\u2019\u00e9nergie\u00a0\u00bb et a d\u00e9fendu sa politique \u00ab\u00a0pragmatique\u00a0\u00bb alliant \u00e9nergies fossiles et renouvelables. Il allait donner la parole \u00e0 un autre journaliste\u2026 lorsqu\u2019il a \u00e9t\u00e9 coup\u00e9 par Donald Trump, qui tenait \u00e0 faire part de son avis sur la question.<\/p>\n<p class=\"asset asset-text\">\u00ab\u00a0Nous avons fait baisser significativement les prix\u00a0\u00bb de l\u2019\u00e9nergie, s\u2019est-il f\u00e9licit\u00e9 avant d\u2019assumer, face \u00e0 son homologue\u00a0: \u00ab\u00a0Nous n\u2019utilisons pas le vent [l\u2019\u00e9olien], parce que le vent est un d\u00e9sastre, c\u2019est une plaisanterie qui co\u00fbte tr\u00e8s cher.\u00a0\u00bb \u00ab\u00a0Vous avez de formidables atouts\u00a0\u00bb avec le \u00ab\u00a0p\u00e9trole ph\u00e9nom\u00e9nal\u00a0\u00bb dans la mer du Nord, a fait valoir Donald Trump, \u00ab\u00a0j\u2019aime ce pays, je veux qu\u2019il s\u2019en sorte bien\u00a0\u00bb. Reste \u00e0 voir si Keir Starmer d\u00e9cide de suivre ou non ce petit cours improvis\u00e9 sur l\u2019\u00e9nergie.<\/p>\n","protected":false},"excerpt":{"rendered":"ANDREW CABALLERO-REYNOLDS \/ AFP La rencontre Trump-Starmer s\u2019ach\u00e8ve sur un accord apr\u00e8s le faste royal&#8230; et aussi quelques&hellip;\n","protected":false},"author":2,"featured_media":400765,"comment_status":"","ping_status":"","sticky":false,"template":"","format":"standard","meta":{"footnotes":""},"categories":[1588],"tags":[11,75,73,1777,674,14,2581,12,473,1853,1851,1850,1852],"class_list":{"0":"post-400764","1":"post","2":"type-post","3":"status-publish","4":"format-standard","5":"has-post-thumbnail","7":"category-royaume-uni","8":"tag-actualites","9":"tag-donald-trump","10":"tag-etats-unis","11":"tag-eu","12":"tag-europe","13":"tag-international","14":"tag-keir-starmer","15":"tag-news","16":"tag-royaume-uni","17":"tag-royaume-uni-de-grande-bretagne-et-dirlande-du-nord","18":"tag-uk","19":"tag-united-kingdom","20":"tag-united-kingdom-of-great-britain-and-northern-ireland"},"share_on_mastodon":{"url":"https:\/\/pubeurope.com\/@fr\/115227195532975444","error":""},"_links":{"self":[{"href":"https:\/\/www.europesays.com\/fr\/wp-json\/wp\/v2\/posts\/400764","targetHints":{"allow":["GET"]}}],"collection":[{"href":"https:\/\/www.europesays.com\/fr\/wp-json\/wp\/v2\/posts"}],"about":[{"href":"https:\/\/www.europesays.com\/fr\/wp-json\/wp\/v2\/types\/post"}],"author":[{"embeddable":true,"href":"https:\/\/www.europesays.com\/fr\/wp-json\/wp\/v2\/users\/2"}],"replies":[{"embeddable":true,"href":"https:\/\/www.europesays.com\/fr\/wp-json\/wp\/v2\/comments?post=400764"}],"version-history":[{"count":0,"href":"https:\/\/www.europesays.com\/fr\/wp-json\/wp\/v2\/posts\/400764\/revisions"}],"wp:featuredmedia":[{"embeddable":true,"href":"https:\/\/www.europesays.com\/fr\/wp-json\/wp\/v2\/media\/400765"}],"wp:attachment":[{"href":"https:\/\/www.europesays.com\/fr\/wp-json\/wp\/v2\/media?parent=400764"}],"wp:term":[{"taxonomy":"category","embeddable":true,"href":"https:\/\/www.europesays.com\/fr\/wp-json\/wp\/v2\/categories?post=400764"},{"taxonomy":"post_tag","embeddable":true,"href":"https:\/\/www.europesays.com\/fr\/wp-json\/wp\/v2\/tags?post=400764"}],"curies":[{"name":"wp","href":"https:\/\/api.w.org\/{rel}","templated":true}]}}