{"id":400766,"date":"2025-09-18T20:30:27","date_gmt":"2025-09-18T20:30:27","guid":{"rendered":"https:\/\/www.europesays.com\/fr\/400766\/"},"modified":"2025-09-18T20:30:27","modified_gmt":"2025-09-18T20:30:27","slug":"allemagne-le-groupe-darmement-rheinmetall-poursuit-son-expansion-commerciale","status":"publish","type":"post","link":"https:\/\/www.europesays.com\/fr\/400766\/","title":{"rendered":"Allemagne\u00a0: le groupe d&rsquo;armement Rheinmetall poursuit son expansion commerciale"},"content":{"rendered":"<p>                                                Allemagne : le groupe d&rsquo;armement Rheinmetall en pleine expansion commerciale                    <\/p>\n<p>                        <img decoding=\"async\" src=\"https:\/\/www.europesays.com\/fr\/wp-content\/uploads\/2025\/09\/IMG_9046-600x360.jpeg\" alt=\"\"\/><\/p>\n<p>                            <img decoding=\"async\" src=\"https:\/\/www.europesays.com\/fr\/wp-content\/uploads\/2025\/08\/1754177174_227_LogoExpress-96x96.png\" alt=\"\"\/><\/p>\n<p>                        Gazeta Express<br \/>\n                        18\/09\/2025 18:55<\/p>\n<p>L&rsquo;entreprise d&rsquo;armement Rheinmetall acquiert le d\u00e9partement maritime du groupe L\u00fcrssen bas\u00e9 \u00e0 Br\u00eame, qui comprend plusieurs chantiers navals.<\/p>\n<p>L&rsquo;accord conclu par le groupe Rheinmetall modifie consid\u00e9rablement le paysage des chantiers navals du nord de l&rsquo;Allemagne\u00a0: le groupe d&rsquo;armement Rheinmetall, bas\u00e9 \u00e0 D\u00fcsseldorf, fait une entr\u00e9e remarqu\u00e9e dans le secteur maritime et acquiert l&rsquo;int\u00e9gralit\u00e9 de la division maritime du groupe L\u00fcrssen, bas\u00e9 \u00e0 Br\u00eame, connue sous le nom de Naval Vessels L\u00fcrssen (NVL). Parmi ces chantiers figurent Blohm + Voss et Norderwerft \u00e0 Hambourg, Peene-Werft \u00e0 Wolgast (Mecklembourg-Pom\u00e9ranie-Occidentale) et Neue Jadewerft \u00e0 Wilhelmshaven. Des centres en Bulgarie, en Croatie, en \u00c9gypte et au Brunei viennent \u00e9galement compl\u00e9ter ces activit\u00e9s.<\/p>\n<p class=\"gt-block\"><strong>Silence sur le prix d&rsquo;achat<\/strong><\/p>\n<p>L&rsquo;acquisition concerne environ 2.100\u00a040.000 employ\u00e9s dans le monde, a annonc\u00e9 Rheinmetall lundi matin. Selon l&rsquo;entreprise elle-m\u00eame, elle emploie environ 174\u00a0XNUMX personnes sur XNUMX sites. L&rsquo;an dernier, NVL a r\u00e9alis\u00e9 un chiffre d&rsquo;affaires d&rsquo;environ un milliard d&rsquo;euros. Les deux parties ont convenu de garder confidentiel le prix d&rsquo;acquisition.<\/p>\n<p>Selon NDR, NVL a actuellement des commandes d&rsquo;une valeur d&rsquo;environ sept milliards d&rsquo;euros. L&rsquo;entreprise fournit la marine allemande et d&rsquo;autres pays. Le secteur des navires autonomes, c&rsquo;est-\u00e0-dire des drones flottants, pr\u00e9sente un potentiel de croissance suppl\u00e9mentaire. L&rsquo;acquisition doit \u00eatre approuv\u00e9e par les autorit\u00e9s de la concurrence. Rheinmetall et L\u00fcrssen pr\u00e9voient de finaliser l&rsquo;op\u00e9ration au d\u00e9but de l&rsquo;ann\u00e9e prochaine.<\/p>\n<p class=\"gt-block\"><strong>Rheinmetall souhaite diversifier ses activit\u00e9s<\/strong><\/p>\n<p>Avec l&rsquo;acquisition du constructeur naval, Rheinmetall souhaite diversifier ses activit\u00e9s et explorer le secteur maritime comme un secteur d&rsquo;activit\u00e9 suppl\u00e9mentaire. Apr\u00e8s l&rsquo;annonce de ce projet, le cours de l&rsquo;action Rheinmetall a temporairement atteint un record historique de 1.949\u00a02022 \u20ac par action. Le groupe ne construit actuellement pas ses propres navires, mais collabore avec la marine, notamment pour la fourniture de canons et de modules laser. Depuis le d\u00e9but de la guerre d&rsquo;agression russe contre l&rsquo;Ukraine en f\u00e9vrier XNUMX, le cours de l&rsquo;action a \u00e9t\u00e9 multipli\u00e9 par environ vingt. Rheinmetall est l&rsquo;un des principaux fournisseurs d&rsquo;armes de l&rsquo;Ukraine, une partie de cette aide militaire \u00e9tant financ\u00e9e par le gouvernement f\u00e9d\u00e9ral allemand.<\/p>\n<p class=\"gt-block\"><strong>L\u00fcrssen cite les menaces comme raison de la vente<\/strong><\/p>\n<p>L&rsquo;entreprise familiale L\u00fcrssen a justifi\u00e9 la s\u00e9paration de son d\u00e9partement militaire par la mont\u00e9e des menaces. Friedrich L\u00fcrssen, associ\u00e9 g\u00e9rant de L\u00fcrssen Maritime Beteiligungen GmbH &amp; Co KG, a expliqu\u00e9 dans un communiqu\u00e9 que l&rsquo;entreprise jugeait n\u00e9cessaire et raisonnable une consolidation au sein de l&rsquo;industrie de la d\u00e9fense. C&rsquo;est la seule fa\u00e7on de s\u00e9curiser rapidement les capacit\u00e9s de d\u00e9fense de notre pays. \u00c0 l&rsquo;avenir, le groupe familial L\u00fcrssen se concentrera exclusivement sur la construction de m\u00e9gayachts civils.<\/p>\n<p class=\"gt-block\"><strong>Le syndicat exige la s\u00e9curit\u00e9 des employ\u00e9s.<\/strong><\/p>\n<p>Le syndicat IG Metall Bregdeti salue la clart\u00e9 des relations entre Rheinmetall et L\u00fcrssen. Cependant, pour les salari\u00e9s, de nombreuses questions restent ouvertes, d\u00e9clare Daniel Friedrich, pr\u00e9sident du syndicat responsable. \u00ab Par exemple, le concept de politique industrielle et les synergies concr\u00e8tes pr\u00e9vues par Rheinmetall font d\u00e9faut. \u00bb M. Friedrich appelle les deux entreprises \u00e0 garantir la transparence au plus vite et \u00e0 lever l&rsquo;incertitude qui p\u00e8se sur les salari\u00e9s des usines du nord de l&rsquo;Allemagne. \u00ab Sans localisation, sans s\u00e9curit\u00e9 de l&#8217;emploi et sans bonnes conventions collectives, une nouvelle structure sous Rheinmetall ne fonctionnera pas \u00bb, a soulign\u00e9 le dirigeant syndical.<\/p>\n","protected":false},"excerpt":{"rendered":"Allemagne : le groupe d&rsquo;armement Rheinmetall en pleine expansion commerciale Gazeta Express 18\/09\/2025 18:55 L&rsquo;entreprise d&rsquo;armement Rheinmetall acquiert&hellip;\n","protected":false},"author":2,"featured_media":400767,"comment_status":"","ping_status":"","sticky":false,"template":"","format":"standard","meta":{"footnotes":""},"categories":[1587],"tags":[11,672,1804,1805,1803,1777,674,1801,12,1802],"class_list":{"0":"post-400766","1":"post","2":"type-post","3":"status-publish","4":"format-standard","5":"has-post-thumbnail","7":"category-allemagne","8":"tag-actualites","9":"tag-allemagne","10":"tag-bundesrepublik-deutschland","11":"tag-de","12":"tag-deutschland","13":"tag-eu","14":"tag-europe","15":"tag-germany","16":"tag-news","17":"tag-republique-federale-dallemagne"},"share_on_mastodon":{"url":"https:\/\/pubeurope.com\/@fr\/115227199172488442","error":""},"_links":{"self":[{"href":"https:\/\/www.europesays.com\/fr\/wp-json\/wp\/v2\/posts\/400766","targetHints":{"allow":["GET"]}}],"collection":[{"href":"https:\/\/www.europesays.com\/fr\/wp-json\/wp\/v2\/posts"}],"about":[{"href":"https:\/\/www.europesays.com\/fr\/wp-json\/wp\/v2\/types\/post"}],"author":[{"embeddable":true,"href":"https:\/\/www.europesays.com\/fr\/wp-json\/wp\/v2\/users\/2"}],"replies":[{"embeddable":true,"href":"https:\/\/www.europesays.com\/fr\/wp-json\/wp\/v2\/comments?post=400766"}],"version-history":[{"count":0,"href":"https:\/\/www.europesays.com\/fr\/wp-json\/wp\/v2\/posts\/400766\/revisions"}],"wp:featuredmedia":[{"embeddable":true,"href":"https:\/\/www.europesays.com\/fr\/wp-json\/wp\/v2\/media\/400767"}],"wp:attachment":[{"href":"https:\/\/www.europesays.com\/fr\/wp-json\/wp\/v2\/media?parent=400766"}],"wp:term":[{"taxonomy":"category","embeddable":true,"href":"https:\/\/www.europesays.com\/fr\/wp-json\/wp\/v2\/categories?post=400766"},{"taxonomy":"post_tag","embeddable":true,"href":"https:\/\/www.europesays.com\/fr\/wp-json\/wp\/v2\/tags?post=400766"}],"curies":[{"name":"wp","href":"https:\/\/api.w.org\/{rel}","templated":true}]}}