{"id":400770,"date":"2025-09-18T20:32:11","date_gmt":"2025-09-18T20:32:11","guid":{"rendered":"https:\/\/www.europesays.com\/fr\/400770\/"},"modified":"2025-09-18T20:32:11","modified_gmt":"2025-09-18T20:32:11","slug":"lentraineur-de-monaco-en-est-pleinement-conscient-nous-avons-eu-de-la-chance-que-ce-netait-que-3-0-pour-le-club-bruges-a-la-mi-temps","status":"publish","type":"post","link":"https:\/\/www.europesays.com\/fr\/400770\/","title":{"rendered":"L&rsquo;entra\u00eeneur de Monaco en est pleinement conscient\u00a0: \u00ab\u00a0Nous avons eu de la chance que ce n&rsquo;\u00e9tait que 3-0 pour le Club Bruges \u00e0 la mi-temps\u00a0\u00bb"},"content":{"rendered":"<p class=\"text-left ap-StoryElement ap-StoryElement--mb js-paywall-target ap-StoryText\">Interrog\u00e9 sur Paul Pogba, comme bien souvent ces derni\u00e8res semaines, H\u00fctter a surtout tenu \u00e0 f\u00e9liciter le Club Bruges. \u00ab\u00a0La victoire est m\u00e9rit\u00e9e. Notre niveau n&rsquo;\u00e9tait pas \u00e0 la hauteur de la Champions League. Le penalty que nous ratons aurait pu changer la donne. Mais nous avons eu de la chance que ce n&rsquo;\u00e9tait que 3-0 \u00e0 la pause. Nous devons nous excuser aupr\u00e8s de nos supporters. Si je suis inquiet ? Non, je suis en col\u00e8re vu notre performance.\u00a0\u00bb<\/p>\n<p><a href=\"https:\/\/www.dhnet.be\/sports\/football\/division-1a\/charleroi\/2025\/09\/18\/vanaken-homme-du-match-le-poison-forbs-lentree-percutante-de-seys-et-le-maladroit-tzolis-les-notes-des-brugeois-apres-le-succes-contre-monaco-4ZRSQAZRLFH67KXKBDLBM32FWY\/\" target=\"_blank\" rel=\"noopener noreferrer\" class=\"ap-StoryInterstitialLink ap-StoryElement ap-StoryElement--mb\">Vanaken homme du match, le poison Forbs, l&rsquo;entr\u00e9e percutante de Seys et le maladroit Tzolis : les notes des Brugeois apr\u00e8s le succ\u00e8s contre Monaco<\/a><\/p>\n<p class=\"text-left ap-StoryElement ap-StoryElement--mb ap-StoryText\">Le technicien autrichien a aussi \u00e9t\u00e9 questionn\u00e9 \u00e0 propos de la belle semaine belge en Champions League : \u00ab\u00a0Si je pense que vos \u00e9quipes sont sous-cot\u00e9es ? Non. En Autriche, nous avons aussi un petit championnat\u2026 Les clubs belges ont d\u00e9j\u00e0 montr\u00e9 de quoi ils sont capables. L&rsquo;\u00e9quipe nationale regorge de grands talents. Bruges a particip\u00e9 \u00e0 8 des 10 derni\u00e8res C1. L&rsquo;an dernier, le Club a \u00e9limin\u00e9 l&rsquo;Atalanta. L&rsquo;Union SG a \u00e9t\u00e9 fantastique \u00e0 Eindhoven mardi aussi.\u00a0\u00bb<\/p>\n<p><a href=\"https:\/\/www.dhnet.be\/sports\/football\/division-1a\/fc-bruges\/2025\/09\/18\/penalty-concede-et-arrete-avant-une-sortie-sur-blessure-un-quart-dheure-de-hauts-et-de-bas-pour-simon-mignolet-en-ligue-des-champions-video-XSAEF6U4W5CPRHCMKVL3OA76XM\/\" target=\"_blank\" rel=\"noopener noreferrer\" class=\"ap-StoryInterstitialLink ap-StoryElement ap-StoryElement--mb\">Penalty conc\u00e9d\u00e9 et arr\u00eat\u00e9 avant\u2026 une sortie sur blessure : un quart d&rsquo;heure de hauts et de bas pour Simon Mignolet en Ligue des champions (VID\u00c9O)<\/a><\/p>\n","protected":false},"excerpt":{"rendered":"Interrog\u00e9 sur Paul Pogba, comme bien souvent ces derni\u00e8res semaines, H\u00fctter a surtout tenu \u00e0 f\u00e9liciter le Club&hellip;\n","protected":false},"author":2,"featured_media":400771,"comment_status":"","ping_status":"","sticky":false,"template":"","format":"standard","meta":{"footnotes":""},"categories":[1586],"tags":[11,1777,674,1779,16686,1011,27,1227,12,25,1778,364],"class_list":{"0":"post-400770","1":"post","2":"type-post","3":"status-publish","4":"format-standard","5":"has-post-thumbnail","7":"category-europe","8":"tag-actualites","9":"tag-eu","10":"tag-europe","11":"tag-european-union","12":"tag-fbl","13":"tag-fr","14":"tag-france","15":"tag-horizontal","16":"tag-news","17":"tag-republique-francaise","18":"tag-ue","19":"tag-union-europeenne"},"share_on_mastodon":{"url":"https:\/\/pubeurope.com\/@fr\/115227206904626925","error":""},"_links":{"self":[{"href":"https:\/\/www.europesays.com\/fr\/wp-json\/wp\/v2\/posts\/400770","targetHints":{"allow":["GET"]}}],"collection":[{"href":"https:\/\/www.europesays.com\/fr\/wp-json\/wp\/v2\/posts"}],"about":[{"href":"https:\/\/www.europesays.com\/fr\/wp-json\/wp\/v2\/types\/post"}],"author":[{"embeddable":true,"href":"https:\/\/www.europesays.com\/fr\/wp-json\/wp\/v2\/users\/2"}],"replies":[{"embeddable":true,"href":"https:\/\/www.europesays.com\/fr\/wp-json\/wp\/v2\/comments?post=400770"}],"version-history":[{"count":0,"href":"https:\/\/www.europesays.com\/fr\/wp-json\/wp\/v2\/posts\/400770\/revisions"}],"wp:featuredmedia":[{"embeddable":true,"href":"https:\/\/www.europesays.com\/fr\/wp-json\/wp\/v2\/media\/400771"}],"wp:attachment":[{"href":"https:\/\/www.europesays.com\/fr\/wp-json\/wp\/v2\/media?parent=400770"}],"wp:term":[{"taxonomy":"category","embeddable":true,"href":"https:\/\/www.europesays.com\/fr\/wp-json\/wp\/v2\/categories?post=400770"},{"taxonomy":"post_tag","embeddable":true,"href":"https:\/\/www.europesays.com\/fr\/wp-json\/wp\/v2\/tags?post=400770"}],"curies":[{"name":"wp","href":"https:\/\/api.w.org\/{rel}","templated":true}]}}