{"id":400781,"date":"2025-09-18T20:42:16","date_gmt":"2025-09-18T20:42:16","guid":{"rendered":"https:\/\/www.europesays.com\/fr\/400781\/"},"modified":"2025-09-18T20:42:16","modified_gmt":"2025-09-18T20:42:16","slug":"people-motogp-valentino-rossi-et-la-vr46-racing-team-preparent-une-surprise-a-jakarta-pour-le-grand-prix-dindonesie","status":"publish","type":"post","link":"https:\/\/www.europesays.com\/fr\/400781\/","title":{"rendered":"People MotoGP : Valentino Rossi et la VR46 Racing Team pr\u00e9parent une surprise \u00e0 Jakarta pour le Grand Prix d\u2019Indon\u00e9sie"},"content":{"rendered":"<p data-start=\"64\" data-end=\"174\"><strong>Le Grand Prix <a href=\"https:\/\/www.motogp.com\/\" target=\"_blank\" rel=\"noopener nofollow\">MotoGP<\/a><br \/>\nd\u2019Indon\u00e9sie 2025 s\u2019annonce exceptionnel, et c\u2019est \u00e0 Jakarta que<br \/>\nl\u2019\u00e9v\u00e9nement prendra son envol pour le Pertamina Enduro VR46 Racing<br \/>\nTeam, dirig\u00e9 par la l\u00e9gende <a href=\"https:\/\/www.paddock-gp.com\/?s=valentino+rossi\" target=\"_blank\" rel=\"noopener nofollow\">Valentino Rossi<\/a>.<\/strong><\/p>\n<p data-start=\"64\" data-end=\"174\">L\u2019ic\u00f4ne italienne sera pr\u00e9sente<br \/>\ndans la capitale indon\u00e9sienne le <strong data-start=\"495\" data-end=\"517\">mardi 30 septembre<\/strong> pour une journ\u00e9e historique avec,<br \/>\naux c\u00f4t\u00e9s de \u00ab Il Dottore \u00bb, les pilotes <strong data-start=\"588\" data-end=\"609\">Franco Morbidelli<\/strong> et <strong data-start=\"613\" data-end=\"638\">Fabio Di Giannantonio<\/strong> qui viendront \u00e0<br \/>\nla rencontre des passionn\u00e9s locaux, \u00e0 quelques jours du<br \/>\n<strong data-start=\"707\" data-end=\"734\">Grand Prix \u00e0<br \/>\nMandalika<\/strong> (3-5 octobre).<\/p>\n<p data-start=\"772\" data-end=\"1128\">Cette initiative marque un<br \/>\nmoment fort pour la VR46 Racing Team, qui b\u00e9n\u00e9ficie du soutien<br \/>\nstrat\u00e9gique de son partenaire <strong data-start=\"892\" data-end=\"916\">Pertamina Lubricants<\/strong>. Apr\u00e8s une premi\u00e8re visite en<br \/>\nIndon\u00e9sie en janvier dernier, <strong>l\u2019\u00e9quipe revient pour offrir<br \/>\nune surprise de taille aux fans et renforcer le lien unique qui<br \/>\nunit Valentino Rossi et son \u00e9quipe au public<br \/>\nindon\u00e9sien<\/strong>.<\/p>\n<p data-start=\"1130\" data-end=\"1478\">La pr\u00e9sence de<br \/>\n<strong data-start=\"1145\" data-end=\"1164\">Valentino Rossi<\/strong><br \/>\nen personne constitue un \u00e9v\u00e9nement majeur : c\u2019est en effet la<br \/>\npremi\u00e8re fois que le nonuple Champion du Monde se rendra en<br \/>\nIndon\u00e9sie sous les couleurs de la <strong data-start=\"1321\" data-end=\"1358\">Pertamina Enduro VR46 Racing Team<\/strong>. Sa<br \/>\npopularit\u00e9 dans la r\u00e9gion est immense, et cette apparition promet<br \/>\nde cr\u00e9er une v\u00e9ritable effervescence \u00e0 Jakarta.<\/p>\n<p data-start=\"1480\" data-end=\"1830\">Pour les pilotes, cette<br \/>\nrencontre sera \u00e9galement l\u2019occasion de partager leur passion et de<br \/>\nse rapprocher d\u2019un public particuli\u00e8rement fervent.<br \/>\n<strong data-start=\"1623\" data-end=\"1644\">Franco<br \/>\nMorbidelli<\/strong> et <strong data-start=\"1648\" data-end=\"1673\">Fabio Di Giannantonio<\/strong>, qui d\u00e9fendront les couleurs<br \/>\nde l\u2019\u00e9quipe \u00e0 Mandalika, auront ainsi la chance de vivre une<br \/>\nimmersion unique au c\u0153ur de la capitale avant d\u2019entrer en<br \/>\npiste.<\/p>\n<p data-start=\"1832\" data-end=\"2099\">Les d\u00e9tails pr\u00e9cis des<br \/>\nanimations et activit\u00e9s pr\u00e9vues \u00e0 Jakarta seront d\u00e9voil\u00e9s dans les<br \/>\nprochains jours via les canaux officiels de la <strong data-start=\"1969\" data-end=\"1989\">VR46 Racing Team<\/strong> et de<br \/>\n<strong data-start=\"1996\" data-end=\"2020\">Pertamina<br \/>\nLubricants<\/strong>, mais une chose est s\u00fbre : l\u2019Indon\u00e9sie<br \/>\ns\u2019appr\u00eate \u00e0 vivre un moment marquant.<\/p>\n<p data-start=\"1832\" data-end=\"2099\">\u00c0 travers cette op\u00e9ration<br \/>\nsp\u00e9ciale, <strong data-start=\"2153\" data-end=\"2172\">Valentino<br \/>\nRossi<\/strong> et la <strong data-start=\"2179\" data-end=\"2199\">VR46<br \/>\nRacing Team<\/strong> confirment leur volont\u00e9 de se rapprocher des<br \/>\nfans et de c\u00e9l\u00e9brer ensemble le <strong data-start=\"2277\" data-end=\"2308\">Grand Prix d\u2019Indon\u00e9sie 2025<\/strong>. La visite de Jakarta,<br \/>\npr\u00e9lude au rendez-vous de Mandalika, souligne l\u2019importance<br \/>\nstrat\u00e9gique de la r\u00e9gion pour MotoGP et met en lumi\u00e8re l\u2019engouement<br \/>\nexceptionnel du public local. Une \u00e9tape qui s\u2019annonce d\u00e9j\u00e0 comme un<br \/>\nsucc\u00e8s retentissant, \u00e0 l\u2019image de la passion indon\u00e9sienne pour le<br \/>\nmotocyclisme.<\/p>\n<p data-start=\"1832\" data-end=\"2099\"><img loading=\"lazy\" decoding=\"async\" class=\"aligncenter size-full wp-image-1330895\" src=\"https:\/\/www.europesays.com\/fr\/wp-content\/uploads\/2025\/09\/Paddock-GP.Rossi-.jpg\" alt=\"\" width=\"800\" height=\"533\"  \/><\/p>\n","protected":false},"excerpt":{"rendered":"Le Grand Prix MotoGP d\u2019Indon\u00e9sie 2025 s\u2019annonce exceptionnel, et c\u2019est \u00e0 Jakarta que l\u2019\u00e9v\u00e9nement prendra son envol pour&hellip;\n","protected":false},"author":2,"featured_media":400782,"comment_status":"","ping_status":"","sticky":false,"template":"","format":"standard","meta":{"footnotes":""},"categories":[1413],"tags":[1011,27,1457,1456,60],"class_list":{"0":"post-400781","1":"post","2":"type-post","3":"status-publish","4":"format-standard","5":"has-post-thumbnail","7":"category-moto","8":"tag-fr","9":"tag-france","10":"tag-moto","11":"tag-motocycle","12":"tag-sports"},"share_on_mastodon":{"url":"https:\/\/pubeurope.com\/@fr\/115227246689242705","error":""},"_links":{"self":[{"href":"https:\/\/www.europesays.com\/fr\/wp-json\/wp\/v2\/posts\/400781","targetHints":{"allow":["GET"]}}],"collection":[{"href":"https:\/\/www.europesays.com\/fr\/wp-json\/wp\/v2\/posts"}],"about":[{"href":"https:\/\/www.europesays.com\/fr\/wp-json\/wp\/v2\/types\/post"}],"author":[{"embeddable":true,"href":"https:\/\/www.europesays.com\/fr\/wp-json\/wp\/v2\/users\/2"}],"replies":[{"embeddable":true,"href":"https:\/\/www.europesays.com\/fr\/wp-json\/wp\/v2\/comments?post=400781"}],"version-history":[{"count":0,"href":"https:\/\/www.europesays.com\/fr\/wp-json\/wp\/v2\/posts\/400781\/revisions"}],"wp:featuredmedia":[{"embeddable":true,"href":"https:\/\/www.europesays.com\/fr\/wp-json\/wp\/v2\/media\/400782"}],"wp:attachment":[{"href":"https:\/\/www.europesays.com\/fr\/wp-json\/wp\/v2\/media?parent=400781"}],"wp:term":[{"taxonomy":"category","embeddable":true,"href":"https:\/\/www.europesays.com\/fr\/wp-json\/wp\/v2\/categories?post=400781"},{"taxonomy":"post_tag","embeddable":true,"href":"https:\/\/www.europesays.com\/fr\/wp-json\/wp\/v2\/tags?post=400781"}],"curies":[{"name":"wp","href":"https:\/\/api.w.org\/{rel}","templated":true}]}}