{"id":400783,"date":"2025-09-18T20:43:14","date_gmt":"2025-09-18T20:43:14","guid":{"rendered":"https:\/\/www.europesays.com\/fr\/400783\/"},"modified":"2025-09-18T20:43:14","modified_gmt":"2025-09-18T20:43:14","slug":"marquinhos-conforte-dans-son-role-de-capitaine","status":"publish","type":"post","link":"https:\/\/www.europesays.com\/fr\/400783\/","title":{"rendered":"Marquinhos confort\u00e9 dans son r\u00f4le de capitaine"},"content":{"rendered":"<p>Les joueurs parisiens ont r\u00e9\u00e9lu le d\u00e9fenseur br\u00e9silien de 31 ans comme capitaine pour la saison 2025-26. Ils ont \u00e9galement d\u00e9sign\u00e9 dans leurs rangs trois vice-capitaines.<\/p>\n<p class=\"fig-paragraph\">Le peuple a parl\u00e9. En l\u2019occurrence, c\u2019est le vestiaire parisien qui s\u2019est exprim\u00e9 quant au d\u00e9tenteur du brassard de capitaine. C\u2019est la coutume depuis l\u2019arriv\u00e9e de Luis Enrique, c\u2019est en effet aux joueurs que revient le choix du capitaine. Et ce dans le cadre d\u2019un vote organis\u00e9 en d\u00e9but de saison. \u00abL\u2019exp\u00e9rience me fait dire que ce n\u2019est pas le travail de l\u2019entra\u00eeneur de d\u00e9signer un capitaine. Je veux qu\u2019il soit choisi par les joueurs\u00bb,\u00a0<a href=\"http:\/\/www.lefigaro.fr\/sports\/football\/ligue-1\/psg-luis-enrique-laisse-les-joueurs-choisir-leur-capitaine-marquinhos-confirme-dans-ces-fonctions-20230818\" data-fig-type=\"NewsFlash\" data-gtm-custom-categorie=\"navigation\" data-gtm-custom-action=\"crossclick\" data-gtm-custom-label=\"Contextuel\" data-gtm-event=\"customEventSPE\" data-fig-domain=\"LEFIGARO\" target=\"_blank\" rel=\"noopener\">avait expliqu\u00e9 le technicien espagnol en ao\u00fbt 2023<\/a>, quelques semaines apr\u00e8s sa nomination.<\/p>\n<p class=\"fig-paragraph\">Et le vote a eu lieu. Capitaine depuis le d\u00e9part de Thiago Silva, en 2020, Marquinhos conserve son titre, comme le rapporte\u00a0<a href=\"https:\/\/rmcsport.bfmtv.com\/football\/clubs\/paris-saint-germain\/marquinhos-elu-capitaine-du-psg-par-ses-coequipiers-decouvrez-le-classement-final-du-scrutin_AV-202509180941.html\" target=\"_blank\" rel=\"sponsored noopener\" data-gtm-custom-categorie=\"navigation\" data-gtm-custom-action=\"crossclick\" data-gtm-custom-label=\"Contextuel\" data-gtm-event=\"customEventSPE\">RMC<\/a> \u00a0ce jeudi, au lendemain de\u00a0<a href=\"http:\/\/www.lefigaro.fr\/sports\/football\/ligue-des-champions\/ligue-des-champions-le-psg-etrenne-son-titre-europeen-par-une-balade-contre-l-atalanta-20250917\" data-fig-type=\"NewsFlash\" data-gtm-custom-categorie=\"navigation\" data-gtm-custom-action=\"crossclick\" data-gtm-custom-label=\"Contextuel\" data-gtm-event=\"customEventSPE\" data-fig-domain=\"LEFIGARO\" target=\"_blank\" rel=\"noopener\">la victoire parisienne sur l\u2019Atalanta (4-0)<\/a>, en Ligue des champions. Et ce avec un but sign\u00e9 \u00abMarqui\u00bb, son 42e sous la tunique rouge et bleue, juste derri\u00e8re Ousmane Demb\u00e9l\u00e9 et Nambatingue Toko (43). C\u2019est le meilleur buteur dans l\u2019histoire du club parmi les d\u00e9fenseurs. Taulier.<\/p>\n<p>                                    <a class=\"fig-a11y-skip a11y-hidden\" href=\"#fig-a11y-skip-main-inarticle\"><br \/>\n        Passer la publicit\u00e9<br \/>\n    <\/a><\/p>\n<p>Hakimi en adjoint<\/p>\n<p class=\"fig-paragraph\">Le maintient de Marquinhos n\u2019est toutefois pas une surprise. Pourquoi changer\u00a0? Il y avait en revanche un doute au sujet de ses vice-capitaines. D\u2019autant que deux des joueurs qui occupaient cette fonction pour la saison derni\u00e8re sont partis sous d\u2019autres cieux,\u00a0<a href=\"http:\/\/www.lefigaro.fr\/sports\/football\/ligue-1\/psg-ce-n-est-pas-facile-pour-moi-aujourd-hui-le-plein-d-emotions-pour-les-adieux-de-kimpembe-20250914\" data-fig-type=\"NewsFlash\" data-gtm-custom-categorie=\"navigation\" data-gtm-custom-action=\"crossclick\" data-gtm-custom-label=\"Contextuel\" data-gtm-event=\"customEventSPE\" data-fig-domain=\"LEFIGARO\" target=\"_blank\" rel=\"noopener\">\u00e0 savoir Presnel Kimpembe<\/a>\u00a0et\u00a0<a href=\"http:\/\/www.lefigaro.fr\/sports\/football\/ligue-1\/psg-c-est-beau-de-voir-ce-sentiment-de-reconnaissance-donnarumma-celebre-par-le-parc-des-princes-20250823\" data-fig-type=\"NewsFlash\" data-gtm-custom-categorie=\"navigation\" data-gtm-custom-action=\"crossclick\" data-gtm-custom-label=\"Contextuel\" data-gtm-event=\"customEventSPE\" data-fig-domain=\"LEFIGARO\" target=\"_blank\" rel=\"noopener\">Gianluigi Donnarumma<\/a>. Troisi\u00e8me dans la liste en 2024-25, derri\u00e8re \u00abMarqui\u00bb et \u00abPresko\u00bb, Achraf Hakimi, lui, est toujours l\u00e0. Et c\u2019est lui qui officiera d\u00e9sormais en tant que premier vice-capitaine. Toujours selon la m\u00eame source, l\u2019infatigable piston marocain est arriv\u00e9 deuxi\u00e8me dans les votes, devant le Portugais Vitinha et le Fran\u00e7ais Ousmane Demb\u00e9l\u00e9.<\/p>\n<p class=\"fig-paragraph\">D\u00e9bauch\u00e9 en 2013 \u00e0 l\u2019AS Rome, Marquinhos \u2013 de son nom complet Marcos Ao\u00e1s Corr\u00eaa \u2013 est l\u2019homme de tous les records au Paris Saint-Germain. C\u2019est notamment le joueur le plus cap\u00e9 dans l\u2019histoire du club (494 matchs) et le plus titr\u00e9 (34). Et surtout, l\u2019histoire retiendra que c\u2019est le premier capitaine parisien \u00e0 avoir soulev\u00e9 la Coupe aux grandes oreilles. \u00c0 jamais le premier.<\/p>\n","protected":false},"excerpt":{"rendered":"Les joueurs parisiens ont r\u00e9\u00e9lu le d\u00e9fenseur br\u00e9silien de 31 ans comme capitaine pour la saison 2025-26. Ils&hellip;\n","protected":false},"author":2,"featured_media":400784,"comment_status":"","ping_status":"","sticky":false,"template":"","format":"standard","meta":{"footnotes":""},"categories":[1412],"tags":[14568,1451,1452,1453,1454,1455,1011,27,921,791,2782,93,60,13296],"class_list":{"0":"post-400783","1":"post","2":"type-post","3":"status-publish","4":"format-standard","5":"has-post-thumbnail","7":"category-f1","8":"tag-achraf-hakimi","9":"tag-f1","10":"tag-formula-1","11":"tag-formula1","12":"tag-formule-1","13":"tag-formule1","14":"tag-fr","15":"tag-france","16":"tag-luis-enrique","17":"tag-marquinhos","18":"tag-ousmane-dembele","19":"tag-psg","20":"tag-sports","21":"tag-vitinha"},"share_on_mastodon":{"url":"https:\/\/pubeurope.com\/@fr\/115227250222078898","error":""},"_links":{"self":[{"href":"https:\/\/www.europesays.com\/fr\/wp-json\/wp\/v2\/posts\/400783","targetHints":{"allow":["GET"]}}],"collection":[{"href":"https:\/\/www.europesays.com\/fr\/wp-json\/wp\/v2\/posts"}],"about":[{"href":"https:\/\/www.europesays.com\/fr\/wp-json\/wp\/v2\/types\/post"}],"author":[{"embeddable":true,"href":"https:\/\/www.europesays.com\/fr\/wp-json\/wp\/v2\/users\/2"}],"replies":[{"embeddable":true,"href":"https:\/\/www.europesays.com\/fr\/wp-json\/wp\/v2\/comments?post=400783"}],"version-history":[{"count":0,"href":"https:\/\/www.europesays.com\/fr\/wp-json\/wp\/v2\/posts\/400783\/revisions"}],"wp:featuredmedia":[{"embeddable":true,"href":"https:\/\/www.europesays.com\/fr\/wp-json\/wp\/v2\/media\/400784"}],"wp:attachment":[{"href":"https:\/\/www.europesays.com\/fr\/wp-json\/wp\/v2\/media?parent=400783"}],"wp:term":[{"taxonomy":"category","embeddable":true,"href":"https:\/\/www.europesays.com\/fr\/wp-json\/wp\/v2\/categories?post=400783"},{"taxonomy":"post_tag","embeddable":true,"href":"https:\/\/www.europesays.com\/fr\/wp-json\/wp\/v2\/tags?post=400783"}],"curies":[{"name":"wp","href":"https:\/\/api.w.org\/{rel}","templated":true}]}}