{"id":40079,"date":"2025-04-20T23:28:12","date_gmt":"2025-04-20T23:28:12","guid":{"rendered":"https:\/\/www.europesays.com\/fr\/40079\/"},"modified":"2025-04-20T23:28:12","modified_gmt":"2025-04-20T23:28:12","slug":"ismael-khelifa-veut-deplacer-les-montagnes-solidaires","status":"publish","type":"post","link":"https:\/\/www.europesays.com\/fr\/40079\/","title":{"rendered":"Isma\u00ebl Khelifa veut d\u00e9placer les Montagnes solidaires"},"content":{"rendered":"<p>Cela s\u2019entrevoit lorsqu\u2019il pr\u00e9sente <a href=\"https:\/\/www.laprovence.com\/article\/papier\/5971238\/echappees-belles-dans-les-villages-du-luberon.html\" target=\"_blank\" rel=\"noopener\">\u00c9chapp\u00e9es belles<\/a> sur France 5, et saute aux yeux quand on lui parle : Isma\u00ebl Khelifa est un homme engag\u00e9. Avec For My Planet, association qu\u2019il a cr\u00e9\u00e9e pour sensibiliser les adolescents \u00e0 l\u2019\u00e9cologie, il s\u2019implique dans une cause qui lui tient \u00e0 c\u0153ur, celle des g\u00e9n\u00e9rations futures.<\/p>\n<p>Sa pr\u00e9sence \u00e0 Marseille, pour s&rsquo;entra\u00eener \u00e0 la natation en eau libre, s\u2019inscrit dans ce cadre, puisque ce sera le point de d\u00e9part de son grand d\u00e9fi sportif, les Montagnes Solidaires. \u00ab\u00a0Je vais parcourir 1\u00a0000 kilom\u00e8tres \u00e0 la nage, \u00e0 v\u00e9lo et en randonn\u00e9e afin de <a href=\"https:\/\/www.laprovence.com\/article\/edition-marseille\/6821142\/en-region-paca-un-enfant-sur-quatre-est-pauvre.html\" target=\"_blank\" rel=\"noopener\">venir en aide aux enfants qui vivent dans la pauvret\u00e9<\/a>, explique-t-il. Un jour, lors d\u2019un rassemblement avec mon association, j\u2019ai vu une gamine de 12-13\u00a0ans couper son sandwich en deux pour le partager avec son fr\u00e8re. C\u2019\u00e9tait leur unique repas. \u00c7a m\u2019a mis un coup dans le ventre. Vous savez qu\u2019il y a un enfant sur cinq dans ce cas-l\u00e0\u00a0?\u00a0\u00bb<\/p>\n","protected":false},"excerpt":{"rendered":"Cela s\u2019entrevoit lorsqu\u2019il pr\u00e9sente \u00c9chapp\u00e9es belles sur France 5, et saute aux yeux quand on lui parle :&hellip;\n","protected":false},"author":2,"featured_media":40080,"comment_status":"","ping_status":"","sticky":false,"template":"","format":"standard","meta":{"footnotes":""},"categories":[2814],"tags":[6541,17,1111,11,3853,1777,674,1011,27,884,12394,12,882,12395,16,25,208,133],"class_list":{"0":"post-40079","1":"post","2":"type-post","3":"status-publish","4":"format-standard","5":"has-post-thumbnail","7":"category-marseille","8":"tag-6541","9":"tag-17","10":"tag-actu","11":"tag-actualites","12":"tag-annecy","13":"tag-eu","14":"tag-europe","15":"tag-fr","16":"tag-france","17":"tag-marseille","18":"tag-nage","19":"tag-news","20":"tag-provence-alpes-cote-dazur","21":"tag-rando","22":"tag-region","23":"tag-republique-francaise","24":"tag-velo","25":"tag-video"},"share_on_mastodon":{"url":"https:\/\/pubeurope.com\/@fr\/114372890024038881","error":""},"_links":{"self":[{"href":"https:\/\/www.europesays.com\/fr\/wp-json\/wp\/v2\/posts\/40079","targetHints":{"allow":["GET"]}}],"collection":[{"href":"https:\/\/www.europesays.com\/fr\/wp-json\/wp\/v2\/posts"}],"about":[{"href":"https:\/\/www.europesays.com\/fr\/wp-json\/wp\/v2\/types\/post"}],"author":[{"embeddable":true,"href":"https:\/\/www.europesays.com\/fr\/wp-json\/wp\/v2\/users\/2"}],"replies":[{"embeddable":true,"href":"https:\/\/www.europesays.com\/fr\/wp-json\/wp\/v2\/comments?post=40079"}],"version-history":[{"count":0,"href":"https:\/\/www.europesays.com\/fr\/wp-json\/wp\/v2\/posts\/40079\/revisions"}],"wp:featuredmedia":[{"embeddable":true,"href":"https:\/\/www.europesays.com\/fr\/wp-json\/wp\/v2\/media\/40080"}],"wp:attachment":[{"href":"https:\/\/www.europesays.com\/fr\/wp-json\/wp\/v2\/media?parent=40079"}],"wp:term":[{"taxonomy":"category","embeddable":true,"href":"https:\/\/www.europesays.com\/fr\/wp-json\/wp\/v2\/categories?post=40079"},{"taxonomy":"post_tag","embeddable":true,"href":"https:\/\/www.europesays.com\/fr\/wp-json\/wp\/v2\/tags?post=40079"}],"curies":[{"name":"wp","href":"https:\/\/api.w.org\/{rel}","templated":true}]}}