{"id":400793,"date":"2025-09-18T20:49:20","date_gmt":"2025-09-18T20:49:20","guid":{"rendered":"https:\/\/www.europesays.com\/fr\/400793\/"},"modified":"2025-09-18T20:49:20","modified_gmt":"2025-09-18T20:49:20","slug":"la-vocation-de-chloe-saffy-elle-salome-soumise-bien-au-dela-de-limaginable","status":"publish","type":"post","link":"https:\/\/www.europesays.com\/fr\/400793\/","title":{"rendered":"\u00ab\u00a0La vocation\u00a0\u00bb de Chlo\u00e9 Saffy : Elle, Salom\u00e9, soumise, bien au-del\u00e0 de l&rsquo;imaginable"},"content":{"rendered":"<p class=\"text-left ap-StoryElement ap-StoryElement--mb js-paywall-target ap-StoryText\">Avec La Vocation, Chlo\u00e9 Saffy (1981) signe un roman sid\u00e9rant sur la domination et d\u00e9montre de mani\u00e8re implacable comment une victime consentante accepte l&rsquo;inacceptable pour peu que ses bourreaux se r\u00e9v\u00e8lent habiles. C&rsquo;est le cas des redoutables ma\u00eetres de celle qui se pr\u00e9sente sous le nom de Salom\u00e9, qui d\u00e9cide un jour de contacter Chlo\u00e9 Saffy, autrice de romans \u00e9rotiques et sp\u00e9cialiste du <a href=\"https:\/\/www.lalibre.be\/culture\/cinema\/2025\/06\/24\/bourdieu-ma-permis-de-comprendre-la-reproduction-des-elites-la-honte-sociale-la-honte-de-\" target=\"_self\" rel=\"noopener\">BDSM<\/a>, un type de relation dans lequel la notion de contrat s&rsquo;av\u00e8re essentielle. Si la jeune autrice s&rsquo;est sp\u00e9cialis\u00e9e dans cette litt\u00e9rature de genre, c&rsquo;est un peu par hasard. Il aura suffi de deux sc\u00e8nes plus cors\u00e9es dans son premier roman, Adore (sous le pseudonyme Dahlia, L\u00e9o Scheer, 2009), pour qu&rsquo;elle soit catalogu\u00e9e de la sorte. Elle a d\u00e8s lors forc\u00e9 le trait pour les ouvrages suivants.<\/p>\n<p class=\"text-left ap-StoryElement ap-StoryElement--mb ap-StoryText\">Que les amateurs de romans \u00e9rotiques soient avertis, il est moins question ici de relations sexuelles et\/ou amoureuses que d&rsquo;assujettissement. On retient son haleine et on se demande pourquoi Salom\u00e9 se pr\u00eate au jeu d\u00e9gradant de son employeur. Rebaptis\u00e9e Sixtine \u2013 pratique courante des grands bourgeois et des nobles avec leurs domestiques comme l&rsquo;explique dans Servir les riches, la sociologue Aliz\u00e9e Delpierre et comme on le voit dans Le journal d&rsquo;une femme de chambre d&rsquo;Octave Mirbeau -, Salom\u00e9 sera l&rsquo;une des deux voix de ce r\u00e9cit qui donne aussi le point de vue de l&rsquo;\u00e9crivaine.<\/p>\n<p>Improbable<\/p>\n<p class=\"text-left ap-StoryElement ap-StoryElement--mb ap-StoryText\">L&rsquo;affaire semble tellement improbable qu&rsquo;on se demande s&rsquo;il ne s&rsquo;agit pas d&rsquo;affabulations. \u00ab\u00a0Plut\u00f4t une autofiction\u00a0\u00bb nous dit l&rsquo;autrice, qui se met en sc\u00e8ne et utilise les codes de l&rsquo;\u00e9criture romanesque. Mais cette Salom\u00e9 existe-t-elle ? \u00ab\u00a0Les conversations existent\u00a0\u00bb.<\/p>\n<p class=\"text-left ap-StoryElement ap-StoryElement--mb ap-StoryText\">Chlo\u00e9 Saffy se laissera d&rsquo;ailleurs prendre au pi\u00e8ge de son interlocutrice avec laquelle elle \u00e9change sur les r\u00e9seaux sociaux depuis sept ans. \u00ab\u00a0J&rsquo;ai chut\u00e9 car j&rsquo;\u00e9tais obs\u00e9d\u00e9e par cette histoire. J&rsquo;ai commenc\u00e9 \u00e0 lui parler tous les jours et j&rsquo;avais l&rsquo;impression que je tombais dans un puits sans fond. J&rsquo;ai mis beaucoup de temps \u00e0 en parler. Cela me d\u00e9passait, je ne savais pas si je me faisais balader et j&rsquo;attendais nos discussions avec f\u00e9brilit\u00e9. Je naviguais entre la fascination et le d\u00e9go\u00fbt. Il y avait aussi le d\u00e9sir de comprendre. \u00c0 un certain stade, on \u00e9changeait des choses tellement intimes qu&rsquo;il y a eu confusion.\u00a0\u00bb<\/p>\n<p><a href=\"https:\/\/www.lalibre.be\/culture\/livres-bd\/2025\/09\/05\/le-monde-est-fatigue-joseph-incardona-signe-une-relecture-dramatique-et-post-moderne-du-celebre-conte-dandersen-B5BOFMJS6ZD5DB2YV24MD7VP44\/\" target=\"_blank\" rel=\"noopener noreferrer\" class=\"ap-StoryInterstitialLink ap-StoryElement ap-StoryElement--mb\">\u00ab\u00a0Le monde est fatigu\u00e9\u00a0\u00bb: Joseph Incardona signe une relecture dramatique et post moderne du c\u00e9l\u00e8bre conte d&rsquo;Andersen<\/a>Le seuil de tol\u00e9rance<\/p>\n<p class=\"ap-StoryElement ap-StoryElement--mb ap-StoryText\">Pour d\u00e9crire le processus lent et efficace de l&#8217;emprise, Chlo\u00e9 Saffy \u00e9voque l&rsquo;all\u00e9gorie de la grenouille. O\u00f9 placer le seuil de la tol\u00e9rance ? Telle est l&rsquo;une des questions de ce r\u00e9cit tendu et construit comme un thriller psychologique.<\/p>\n<p class=\"ap-StoryElement ap-StoryElement--mb ap-StoryText\">L&rsquo;autrice sait m\u00e9nager ses effets et r\u00e9ussit \u00e0 traiter avec intelligence un sujet sensible. Elle \u00e9vite l&rsquo;\u00e9cueil de la vulgarit\u00e9 et livre une analyse pertinente des rapports humains et du profil de celles ou ceux qui seraient plus expos\u00e9s \u00e0 certains rapports de force l\u00e0 o\u00f9 d&rsquo;autres, les amateurs de BDSM (bondage et discipline, domination et soumission, sadomasochisme, NdlR) peuvent g\u00e9n\u00e9ralement entrer et sortir du jeu \u00e0 leur guise, sans cons\u00e9quences, disent-ils, sur leur int\u00e9grit\u00e9, puisque la notion de consentement est essentielle. Ladite Salom\u00e9 \u00e9tait aussi consentante, jusqu&rsquo;au bout, voire satisfaite de son sort malgr\u00e9 l&rsquo;aveu de moments difficiles.<\/p>\n<p><a href=\"https:\/\/www.lalibre.be\/culture\/livres-bd\/2025\/08\/28\/avec-la-collision-le-journaliste-de-quotidien-paul-gasnier-a-cotoye-au-plus-pres-celui-qui-a-tue\" target=\"_blank\" rel=\"noopener noreferrer\" class=\"ap-StoryInterstitialLink ap-StoryElement ap-StoryElement--mb\">Comment pardonner \u00e0 l&rsquo;assassin de sa m\u00e8re ? C&rsquo;est la question de \u00ab\u00a0La collision\u00a0\u00bb du journaliste du \u00ab\u00a0Quotidien\u00a0\u00bb Paul Gasnier<\/a><\/p>\n<p class=\"text-left ap-StoryElement ap-StoryElement--mb ap-StoryText\">Qui se laisse manipuler \u00e0 ce point-l\u00e0 ? \u00ab\u00a0J&rsquo;ai essay\u00e9 de comprendre, sans juger mais plus on parlait, plus cela me pr\u00e9cipitait dans le questionnement. Certaines choses ressemblaient \u00e0 de la fiction, comme ces stages d&rsquo;\u00e9t\u00e9 o\u00f9 ses ma\u00eetres l&rsquo;envoyaient avec ce c\u00f4t\u00e9 coop\u00e9rative agricole perverse avec le f\u00e9tichisme de la poneygirl qu&rsquo;on harnache pour tirer un attelage, d&rsquo;autres, non, et plus je creusais, plus je d\u00e9couvrais des choses incroyables. C&rsquo;\u00e9tait sans fin. Je ne pouvais relier ce qu&rsquo;elle me racontait \u00e0 mon v\u00e9cu dans le BDSM. On est clairement dans des milieux ais\u00e9s, avec des ma\u00eetres habitu\u00e9s \u00e0 avoir du personnel.\u00a0\u00bb<\/p>\n<p class=\"text-left ap-StoryElement ap-StoryElement--mb ap-StoryText\">La soumission de Salom\u00e9 \u2013 qui ob\u00e9it aux ordres de ses tuteurs donn\u00e9s par une pr\u00e9ceptrice, qui la juge et la note sans arr\u00eat sur son maquillage, sa coiffure ou ses devoirs \u2013 s&rsquo;expliquerait en partie par son pass\u00e9. Orpheline, sans racine, ballott\u00e9e d&rsquo;un foyer \u00e0 l&rsquo;autre, elle est plus vuln\u00e9rable. \u00ab\u00a0L\u00e0, elle se sent utile. On prend soin d&rsquo;elle. Elle n&rsquo;a plus \u00e0 se poser de questions. M\u00eame dans une relation SM l\u00e9g\u00e8re, il y a toujours le d\u00e9sir de se remettre entre les mains de quelqu&rsquo;un. Il semblerait que ses ma\u00eetres ont compris \u00e0 qui ils ont affaire. Le processus se fait sur des ann\u00e9es\u00a0\u00bb.<\/p>\n<p class=\"text-left ap-StoryElement ap-StoryElement--mb ap-StoryText\">\u00c0 ce jour, Salom\u00e9\/Sixtine vit toujours, priv\u00e9e de ses affaires personnelles, dans la propri\u00e9t\u00e9 luxueuse de ses ma\u00eetres. Elle a lu le livre. \u00ab\u00a0Elle m&rsquo;a fait des retours tr\u00e8s factuels, sur la hauteur des talons, par exemple, ou sur une op\u00e9ration de chirurgie et elle ne pensait pas que certaines choses, comme la tonte totale, me bouleverseraient \u00e0 ce point.\u00a0\u00bb<\/p>\n<p class=\"text-left ap-StoryElement ap-StoryElement--mb ap-StoryText\"><b>La vocation<\/b> | Roman | Chlo\u00e9 Saffy | Le Cherche Midi, 272 pp., 20 \u20ac, num\u00e9rique, 14 \u20ac<\/p>\n<p class=\"text-left ap-StoryElement ap-StoryElement--mb ap-StoryText\"><b>Extrait<\/b><\/p>\n<p class=\"text-left ap-StoryElement ap-StoryElement--mb ap-StoryText\">\u00ab\u00a0Ces racines, Sixtine en est d\u00e9pourvue. Elle n&rsquo;a pas de r\u00e9f\u00e9rents. Pas d&rsquo;attaches. Ce vide, elle ne souhaite pas le remplir ; elle a besoin de le remplir. En apposant sa signature, elle remet son sort entre les mains de deux personnes qui deviennent ses tuteurs \u00e0 temps complet. Elle \u00e9pouse sa nouvelle condition en changeant de nom comme le font les s\u0153urs en \u00e9pousant le Christ. Elle entre en servitude comme on entre en religion : pour toujours\u00a0\u00bb.<\/p>\n","protected":false},"excerpt":{"rendered":"Avec La Vocation, Chlo\u00e9 Saffy (1981) signe un roman sid\u00e9rant sur la domination et d\u00e9montre de mani\u00e8re implacable&hellip;\n","protected":false},"author":2,"featured_media":400794,"comment_status":"","ping_status":"","sticky":false,"template":"","format":"standard","meta":{"footnotes":""},"categories":[1357],"tags":[1379,21332,58,59,1011,27,1227,1380,16865],"class_list":{"0":"post-400793","1":"post","2":"type-post","3":"status-publish","4":"format-standard","5":"has-post-thumbnail","7":"category-livres","8":"tag-books","9":"tag-diplomacy","10":"tag-divertissement","11":"tag-entertainment","12":"tag-fr","13":"tag-france","14":"tag-horizontal","15":"tag-livres","16":"tag-royals"},"share_on_mastodon":{"url":"https:\/\/pubeurope.com\/@fr\/115227273825599821","error":""},"_links":{"self":[{"href":"https:\/\/www.europesays.com\/fr\/wp-json\/wp\/v2\/posts\/400793","targetHints":{"allow":["GET"]}}],"collection":[{"href":"https:\/\/www.europesays.com\/fr\/wp-json\/wp\/v2\/posts"}],"about":[{"href":"https:\/\/www.europesays.com\/fr\/wp-json\/wp\/v2\/types\/post"}],"author":[{"embeddable":true,"href":"https:\/\/www.europesays.com\/fr\/wp-json\/wp\/v2\/users\/2"}],"replies":[{"embeddable":true,"href":"https:\/\/www.europesays.com\/fr\/wp-json\/wp\/v2\/comments?post=400793"}],"version-history":[{"count":0,"href":"https:\/\/www.europesays.com\/fr\/wp-json\/wp\/v2\/posts\/400793\/revisions"}],"wp:featuredmedia":[{"embeddable":true,"href":"https:\/\/www.europesays.com\/fr\/wp-json\/wp\/v2\/media\/400794"}],"wp:attachment":[{"href":"https:\/\/www.europesays.com\/fr\/wp-json\/wp\/v2\/media?parent=400793"}],"wp:term":[{"taxonomy":"category","embeddable":true,"href":"https:\/\/www.europesays.com\/fr\/wp-json\/wp\/v2\/categories?post=400793"},{"taxonomy":"post_tag","embeddable":true,"href":"https:\/\/www.europesays.com\/fr\/wp-json\/wp\/v2\/tags?post=400793"}],"curies":[{"name":"wp","href":"https:\/\/api.w.org\/{rel}","templated":true}]}}