{"id":400797,"date":"2025-09-18T20:51:21","date_gmt":"2025-09-18T20:51:21","guid":{"rendered":"https:\/\/www.europesays.com\/fr\/400797\/"},"modified":"2025-09-18T20:51:21","modified_gmt":"2025-09-18T20:51:21","slug":"le-grand-retour-de-madonna-tout-ce-quil-faut-savoir-sur-son-nouvel-album","status":"publish","type":"post","link":"https:\/\/www.europesays.com\/fr\/400797\/","title":{"rendered":"Le grand retour de Madonna: tout ce qu&rsquo;il faut savoir sur son nouvel album"},"content":{"rendered":"<p class=\"text-left ap-StoryElement ap-StoryElement--mb ap-StoryText\">Le magazine Rolling Stone a d\u00e9voil\u00e9 l&rsquo;information ce jeudi 18 septembre. <a href=\"https:\/\/www.moustique.be\/culture\/2023\/10\/22\/madonna-fete-ses-40-ans-de-carriere-en-belgique-dans-un-show-exceptionnel-6TTFR25UBBAWZB6GMTWH7SJDSM\/\" target=\"_self\" rel=\"nofollow noopener\">Madonna<\/a> met actuellement la derni\u00e8re main \u00e0 un nouvel album studio qui sortira en 2026.<\/p>\n<p class=\"text-left ap-StoryElement ap-StoryElement--mb ap-StoryText\">La Queen of Pop pr\u00e9cise que ce disque -le premier depuis le m\u00e9diocre \u00ab\u00a0Madame x\u00a0\u00bb sorti en 2019- est une suite \u00e0 \u00ab\u00a0Confessions On a Dance Floor\u00a0\u00bb, son blockbuster paru voici vingt ans. Elle a travaill\u00e9 sur ce sequel avec le m\u00eame producteur, l&rsquo;Anglais Stuart Price.<\/p>\n<p>Avec son producteur f\u00e9tiche<\/p>\n<p class=\"ap-StoryElement ap-StoryElement--mb ap-StoryText\">Madonna, 67 ans, avait d\u00e9j\u00e0 annonc\u00e9 qu&rsquo;elle avait retrouv\u00e9 Stuart Price au printemps dernier pour enregistrer de nouvelles chansons. Aucun titre \u00e0 l&rsquo;album et aucune date de sortie n&rsquo;ont encore \u00e9t\u00e9 d\u00e9voil\u00e9s.<\/p>\n<p>Pour acc\u00e9der \u00e0 cet article, veuillez vous connecter au r\u00e9seau internet.<\/p>\n","protected":false},"excerpt":{"rendered":"Le magazine Rolling Stone a d\u00e9voil\u00e9 l&rsquo;information ce jeudi 18 septembre. Madonna met actuellement la derni\u00e8re main \u00e0&hellip;\n","protected":false},"author":2,"featured_media":400798,"comment_status":"","ping_status":"","sticky":false,"template":"","format":"standard","meta":{"footnotes":""},"categories":[1355],"tags":[53208,46562,53211,53217,53233,2932,53220,58,53235,59,1011,27,53221,53224,53227,53228,53226,53234,53214,53215,53210,820,1361,25621,873,15955,10044,53219,53223,53209,53218,7040,53212,53229,53216,53225,14667,25629,53213,53230,974,53231,53232,308,25637,53222],"class_list":{"0":"post-400797","1":"post","2":"type-post","3":"status-publish","4":"format-standard","5":"has-post-thumbnail","7":"category-musique","8":"tag-53208","9":"tag-amerika","10":"tag-auftritt","11":"tag-autorin","12":"tag-buehne","13":"tag-cd","14":"tag-designerin","15":"tag-divertissement","16":"tag-eintrittskarte","17":"tag-entertainment","18":"tag-fr","19":"tag-france","20":"tag-gesang","21":"tag-gitarre","22":"tag-hit","23":"tag-hits","24":"tag-karriere","25":"tag-karte","26":"tag-komponistin","27":"tag-komposition","28":"tag-konzert","29":"tag-live","30":"tag-music","31":"tag-musik","32":"tag-musique","33":"tag-olympia","34":"tag-pop","35":"tag-produzentin","36":"tag-publikum","37":"tag-quadrat","38":"tag-regisseurin","39":"tag-rock","40":"tag-saengerin","41":"tag-schallplatte","42":"tag-schauspielerin","43":"tag-singen","44":"tag-song","45":"tag-songs","46":"tag-songschreiberin","47":"tag-stadion","48":"tag-star","49":"tag-tanz","50":"tag-tanzen","51":"tag-usa","52":"tag-x0x","53":"tag-zuschauer"},"share_on_mastodon":{"url":"","error":"Validation failed: Text character limit of 500 exceeded"},"_links":{"self":[{"href":"https:\/\/www.europesays.com\/fr\/wp-json\/wp\/v2\/posts\/400797","targetHints":{"allow":["GET"]}}],"collection":[{"href":"https:\/\/www.europesays.com\/fr\/wp-json\/wp\/v2\/posts"}],"about":[{"href":"https:\/\/www.europesays.com\/fr\/wp-json\/wp\/v2\/types\/post"}],"author":[{"embeddable":true,"href":"https:\/\/www.europesays.com\/fr\/wp-json\/wp\/v2\/users\/2"}],"replies":[{"embeddable":true,"href":"https:\/\/www.europesays.com\/fr\/wp-json\/wp\/v2\/comments?post=400797"}],"version-history":[{"count":0,"href":"https:\/\/www.europesays.com\/fr\/wp-json\/wp\/v2\/posts\/400797\/revisions"}],"wp:featuredmedia":[{"embeddable":true,"href":"https:\/\/www.europesays.com\/fr\/wp-json\/wp\/v2\/media\/400798"}],"wp:attachment":[{"href":"https:\/\/www.europesays.com\/fr\/wp-json\/wp\/v2\/media?parent=400797"}],"wp:term":[{"taxonomy":"category","embeddable":true,"href":"https:\/\/www.europesays.com\/fr\/wp-json\/wp\/v2\/categories?post=400797"},{"taxonomy":"post_tag","embeddable":true,"href":"https:\/\/www.europesays.com\/fr\/wp-json\/wp\/v2\/tags?post=400797"}],"curies":[{"name":"wp","href":"https:\/\/api.w.org\/{rel}","templated":true}]}}