{"id":400801,"date":"2025-09-18T20:53:18","date_gmt":"2025-09-18T20:53:18","guid":{"rendered":"https:\/\/www.europesays.com\/fr\/400801\/"},"modified":"2025-09-18T20:53:18","modified_gmt":"2025-09-18T20:53:18","slug":"je-commence-a-voir-cest-incroyable","status":"publish","type":"post","link":"https:\/\/www.europesays.com\/fr\/400801\/","title":{"rendered":"Je commence \u00e0 voir. C\u2019est incroyable"},"content":{"rendered":"<p>Dylan Vas, aujourd\u2019hui \u00e2g\u00e9 de 24 ans, et aveugle depuis son adolescence, a recouvr\u00e9 la vue gr\u00e2ce \u00e0 une op\u00e9ration chirurgicale novatrice. Douze ans qu\u2019il n\u2019avait pas vu un coucher de soleil, son propre visage ni ceux de ses proches. C\u2019est d\u2019ailleurs eux qu\u2019il avait le plus h\u00e2te de voir, <a href=\"https:\/\/www.franceinfo.fr\/sante\/handicap\/je-commence-a-voir-mon-visage-c-est-incroyable-dylan-aveugle-depuis-ses-12-ans-retrouve-la-vue-a-24-ans-grace-a-un-morceau-de-dent_7496158.html\" target=\"_blank\" rel=\"nofollow noopener\">confiait-il \u00e0 France T\u00e9l\u00e9vision<\/a> , en amont de l\u2019intervention. \u00ab\u00a0Revoir mes parents, parce que mes parents, c\u2019est mes parents. J\u2019ai bien peur, quand m\u00eame, de les voir, parce que je me dis que les gens qui m\u2019entourent, ils ont d\u00fb prendre un petit coup. Mon fr\u00e8re et ma s\u0153ur, ils \u00e9taient tout petits\u00a0\u00bb, avouait-il. \u00ab\u00a0Puis, la nature, revoir une fleur, rien qu\u2019une rose. Tout \u00e7a, c\u2019est mon but, en fait.\u00a0\u00bb<\/p>\n<p>Un but qui peut \u00eatre atteint gr\u00e2ce \u00e0 une k\u00e9ratoproth\u00e8se, une op\u00e9ration pratiqu\u00e9e par un seul chirurgien en France, le professeur Vincent Daien, chef de service d\u2019ophtalmologie au CHU de Montpellier (H\u00e9rault). S\u2019il est le seul Fran\u00e7ais capable de r\u00e9aliser cette intervention, c\u2019est qu\u2019elle est complexe et chronophage.<\/p>\n<p>Une k\u00e9ratoproth\u00e8se consiste en effet \u00e0 recr\u00e9er un \u0153il \u00e0 partir d\u2019un morceau de dent, d\u2019os et de plexiglas. La premi\u00e8re ost\u00e9o-odonto-k\u00e9ratoproth\u00e8se, de son nom complet, remonte au d\u00e9but des ann\u00e9es 1960, sous l\u2019\u00e9gide du chirurgien ophtalmologue italien Benedetto Strampelli, mais sa ma\u00eetrise est rare.<\/p>\n<p>  11 patients op\u00e9r\u00e9s en France<\/p>\n<p>\u00ab\u00a0La k\u00e9ratoproth\u00e8se est possible seulement pour les patients qui ont perdu la vue, mais qui ont un nerf optique encore en bon \u00e9tat\u00a0\u00bb, note l\u2019ophtalmologue Emna Blagui. Pour les malvoyances corn\u00e9ennes ou de la surface oculaire, une greffe de corn\u00e9e peut suffire \u00e0 retrouver la vue. Mais, dans certains cas, comme celui de Dylan Vas, la k\u00e9ratoproth\u00e8se est la seule issue. \u00ab\u00a0Des gens perdent la vue par c\u00e9cit\u00e9 de la corn\u00e9e. C\u2019est le hublot transparent de l\u2018\u0153il. Quand il s\u2019opacifie, on peut perdre la vue. On peut avoir recours \u00e0 cette technique en utilisant une dent comme support, dans laquelle on va coller une optique, un fragment de verre ou de plexiglas, au milieu, pour redonner la transparence \u00e0 la partie avant de l\u2018\u0153il\u00a0\u00bb, explique Vincent Daien \u00e0 RMC\/BFMTV.<\/p>\n<p>La premi\u00e8re \u00e9tape est le pr\u00e9l\u00e8vement d\u2019une canine, creus\u00e9e pour accueillir une lentille de 4 \u00e0 5 millim\u00e8tres, d\u2019un morceau de m\u00e2choire et d\u2019un bout d\u2019os du bassin pour tailler une pi\u00e8ce de 1,5\u00a0cm sur 1\u00a0cm int\u00e9grant \u00e9galement du plexiglas. Viennent ensuite l\u2019\u00e9laboration de la proth\u00e8se, son implantation dans l\u2019\u0153il et la mise en nourrice, c\u2019est-\u00e0-dire la protection de la corn\u00e9e d\u00e9faillante sous la paupi\u00e8re, pour \u00e9viter le rejet de la proth\u00e8se et favoriser la revascularisation, la croissance de vaisseaux sanguins dans le tissu. La reconstruction de toute la surface oculaire intervient dans un second temps. Pour Dylan Vas, originaire de Frontignan (H\u00e9rault), l\u2019intervention a \u00e9t\u00e9 r\u00e9alis\u00e9e en deux \u00e9tapes, le 24\u00a0juin et le 10\u00a0septembre. Il est le 11e patient op\u00e9r\u00e9 par le professeur Daien depuis deux ans.<\/p>\n<p>\u00ab\u00a0Les patients peuvent r\u00e9cup\u00e9rer jusqu\u2018\u00e0 10\/10\u00a0\u00bb<\/p>\n<p>\u00c0 12 ans, l\u2019H\u00e9raultais a \u00e9t\u00e9 victime d\u2019un syndrome de Lyell, une r\u00e9action allergique rare et soudaine qui attaque la peau et les muqueuses. S\u2019il s\u2019est remis de la plupart des s\u00e9quelles, ses yeux sont rest\u00e9s br\u00fbl\u00e9s, de mani\u00e8re que l\u2019on pensait d\u00e9finitive.<\/p>\n<p>Douze ans plus tard, d\u00e9sormais jeune adulte, il retrouve finalement une partie de sa vue gr\u00e2ce \u00e0 Vincent Daien et son \u00e9quipe. \u00ab\u00a0Les patients qui ont un nerf optique de tr\u00e8s bonne qualit\u00e9 peuvent r\u00e9cup\u00e9rer jusqu\u2018\u00e0 10\/10, avec un champ visuel r\u00e9duit d\u2019environ 40 \u00e0 50 degr\u00e9s\u00a0\u00bb, d\u00e9taille le chirurgien. \u00ab\u00a0L\u2019int\u00e9r\u00eat, c\u2019est que c\u2019est un tissu qui ne se r\u00e9sorbe quasiment pas. On l\u2019a retrouv\u00e9 chez des patients d\u00e9c\u00e9d\u00e9s apr\u00e8s, \u00e7a reste plus longtemps que tous les autres supports test\u00e9s.\u00a0\u00bb<\/p>\n<p>En \u00e0 peine une semaine, Dylan Vas a, lui, retrouv\u00e9 trois dixi\u00e8mes de sa vue. \u00ab\u00a0\u00c7a devient de plus en plus net, je commence \u00e0 voir mon visage. C\u2019est incroyable\u00a0\u00bb, se r\u00e9jouit le jeune homme devant les cam\u00e9ras de France T\u00e9l\u00e9vision. Le d\u00e9but inesp\u00e9r\u00e9 d\u2019une nouvelle vie.<\/p>\n","protected":false},"excerpt":{"rendered":"Dylan Vas, aujourd\u2019hui \u00e2g\u00e9 de 24 ans, et aveugle depuis son adolescence, a recouvr\u00e9 la vue gr\u00e2ce \u00e0&hellip;\n","protected":false},"author":2,"featured_media":400802,"comment_status":"","ping_status":"","sticky":false,"template":"","format":"standard","meta":{"footnotes":""},"categories":[10],"tags":[107,1011,27,329,72,1757,71],"class_list":{"0":"post-400801","1":"post","2":"type-post","3":"status-publish","4":"format-standard","5":"has-post-thumbnail","7":"category-sante","8":"tag-fil-info","9":"tag-fr","10":"tag-france","11":"tag-france-monde","12":"tag-health","13":"tag-insolite","14":"tag-sante"},"share_on_mastodon":{"url":"https:\/\/pubeurope.com\/@fr\/115227289511434795","error":""},"_links":{"self":[{"href":"https:\/\/www.europesays.com\/fr\/wp-json\/wp\/v2\/posts\/400801","targetHints":{"allow":["GET"]}}],"collection":[{"href":"https:\/\/www.europesays.com\/fr\/wp-json\/wp\/v2\/posts"}],"about":[{"href":"https:\/\/www.europesays.com\/fr\/wp-json\/wp\/v2\/types\/post"}],"author":[{"embeddable":true,"href":"https:\/\/www.europesays.com\/fr\/wp-json\/wp\/v2\/users\/2"}],"replies":[{"embeddable":true,"href":"https:\/\/www.europesays.com\/fr\/wp-json\/wp\/v2\/comments?post=400801"}],"version-history":[{"count":0,"href":"https:\/\/www.europesays.com\/fr\/wp-json\/wp\/v2\/posts\/400801\/revisions"}],"wp:featuredmedia":[{"embeddable":true,"href":"https:\/\/www.europesays.com\/fr\/wp-json\/wp\/v2\/media\/400802"}],"wp:attachment":[{"href":"https:\/\/www.europesays.com\/fr\/wp-json\/wp\/v2\/media?parent=400801"}],"wp:term":[{"taxonomy":"category","embeddable":true,"href":"https:\/\/www.europesays.com\/fr\/wp-json\/wp\/v2\/categories?post=400801"},{"taxonomy":"post_tag","embeddable":true,"href":"https:\/\/www.europesays.com\/fr\/wp-json\/wp\/v2\/tags?post=400801"}],"curies":[{"name":"wp","href":"https:\/\/api.w.org\/{rel}","templated":true}]}}