{"id":400811,"date":"2025-09-18T20:58:10","date_gmt":"2025-09-18T20:58:10","guid":{"rendered":"https:\/\/www.europesays.com\/fr\/400811\/"},"modified":"2025-09-18T20:58:10","modified_gmt":"2025-09-18T20:58:10","slug":"un-seisme-de-magnitude-78-frappe-au-large-de-lextreme-orient-en-russie-alerte-au-tsunami-dans-la-region","status":"publish","type":"post","link":"https:\/\/www.europesays.com\/fr\/400811\/","title":{"rendered":"Un s\u00e9isme de magnitude 7,8 frappe au large de l\u2019Extr\u00eame-Orient en Russie, alerte au tsunami dans la r\u00e9gion"},"content":{"rendered":"<p>Ce s\u00e9isme a eu lieu au large de la r\u00e9gion de Petropavlovsk-Kamtchatski et a atteint une profondeur de 10 kilom\u00e8tres, d\u2019apr\u00e8s l\u2019Institut d\u2019\u00e9tudes g\u00e9ologiques des \u00c9tats-Unis.<\/p>\n<p class=\"fig-paragraph\">Un s\u00e9isme de magnitude 7,8 a \u00e9t\u00e9 enregistr\u00e9 vendredi dans le Pacifique au large de la\u00a0<a href=\"http:\/\/www.lefigaro.fr\/international\/seisme-au-kamtchatka-l-un-des-plus-puissants-jamais-enregistres-20250730\" data-fig-type=\"NewsFlash\" data-gtm-custom-categorie=\"navigation\" data-gtm-custom-action=\"crossclick\" data-gtm-custom-label=\"Contextuel\" data-gtm-event=\"customEventSPE\" data-fig-domain=\"LEFIGARO\" target=\"_blank\" rel=\"noopener\">p\u00e9ninsule russe du Kamtchatka<\/a>, d\u00e9clenchant une alerte au tsunami, a indiqu\u00e9 le service sismique am\u00e9ricain USGS.<\/p>\n<p class=\"fig-paragraph\">Le tremblement de terre de vendredi s\u2019est produit \u00e0 06H58 heure locale (20h58, heure fran\u00e7aise jeudi) \u00e0 128 kilom\u00e8tres \u00e0 l\u2019est de la ville russe de Petropavlovsk-Kamchatsky, \u00e0 une faible profondeur de dix kilom\u00e8tres, incitant le Centre d\u2019alerte au tsunami du Pacifique am\u00e9ricain \u00e0 \u00e9mettre une alerte pour d\u2019\u00e9ventuelles vagues dangereuses le long des c\u00f4tes voisines.<\/p>\n<p>                                    <a class=\"fig-a11y-skip a11y-hidden\" href=\"#fig-a11y-skip-main-inarticle\"><br \/>\n        Passer la publicit\u00e9<br \/>\n    <\/a><\/p>\n<p class=\"fig-paragraph\">Un s\u00e9isme de\u00a0<a href=\"http:\/\/www.lefigaro.fr\/flash-actu\/alerte-au-tsunami-apres-un-seisme-de-magnitude-7-4-au-large-de-la-cote-pacifique-de-la-russie-20250913\" data-fig-type=\"NewsFlash\" data-gtm-custom-categorie=\"navigation\" data-gtm-custom-action=\"crossclick\" data-gtm-custom-label=\"Contextuel\" data-gtm-event=\"customEventSPE\" data-fig-domain=\"LEFIGARO\" target=\"_blank\" rel=\"noopener\">magnitude 7,4 a d\u00e9j\u00e0 frapp\u00e9<\/a>\u00a0la r\u00e9gion samedi, \u00e0 une profondeur de 39,5 km, \u00e0 111 km \u00e0 l\u2019est de Petropavlovsk-Kamtchatsky.<\/p>\n","protected":false},"excerpt":{"rendered":"Ce s\u00e9isme a eu lieu au large de la r\u00e9gion de Petropavlovsk-Kamtchatski et a atteint une profondeur de&hellip;\n","protected":false},"author":2,"featured_media":400812,"comment_status":"","ping_status":"","sticky":false,"template":"","format":"standard","meta":{"footnotes":""},"categories":[5],"tags":[11,1011,27,14,12,132,7965,28],"class_list":{"0":"post-400811","1":"post","2":"type-post","3":"status-publish","4":"format-standard","5":"has-post-thumbnail","7":"category-international","8":"tag-actualites","9":"tag-fr","10":"tag-france","11":"tag-international","12":"tag-news","13":"tag-russie","14":"tag-seisme","15":"tag-world"},"share_on_mastodon":{"url":"","error":""},"_links":{"self":[{"href":"https:\/\/www.europesays.com\/fr\/wp-json\/wp\/v2\/posts\/400811","targetHints":{"allow":["GET"]}}],"collection":[{"href":"https:\/\/www.europesays.com\/fr\/wp-json\/wp\/v2\/posts"}],"about":[{"href":"https:\/\/www.europesays.com\/fr\/wp-json\/wp\/v2\/types\/post"}],"author":[{"embeddable":true,"href":"https:\/\/www.europesays.com\/fr\/wp-json\/wp\/v2\/users\/2"}],"replies":[{"embeddable":true,"href":"https:\/\/www.europesays.com\/fr\/wp-json\/wp\/v2\/comments?post=400811"}],"version-history":[{"count":0,"href":"https:\/\/www.europesays.com\/fr\/wp-json\/wp\/v2\/posts\/400811\/revisions"}],"wp:featuredmedia":[{"embeddable":true,"href":"https:\/\/www.europesays.com\/fr\/wp-json\/wp\/v2\/media\/400812"}],"wp:attachment":[{"href":"https:\/\/www.europesays.com\/fr\/wp-json\/wp\/v2\/media?parent=400811"}],"wp:term":[{"taxonomy":"category","embeddable":true,"href":"https:\/\/www.europesays.com\/fr\/wp-json\/wp\/v2\/categories?post=400811"},{"taxonomy":"post_tag","embeddable":true,"href":"https:\/\/www.europesays.com\/fr\/wp-json\/wp\/v2\/tags?post=400811"}],"curies":[{"name":"wp","href":"https:\/\/api.w.org\/{rel}","templated":true}]}}