{"id":400817,"date":"2025-09-18T21:01:36","date_gmt":"2025-09-18T21:01:36","guid":{"rendered":"https:\/\/www.europesays.com\/fr\/400817\/"},"modified":"2025-09-18T21:01:36","modified_gmt":"2025-09-18T21:01:36","slug":"la-fouillouse-le-festival-du-velo-cest-ce-week-end","status":"publish","type":"post","link":"https:\/\/www.europesays.com\/fr\/400817\/","title":{"rendered":"La Fouillouse. Le festival du v\u00e9lo, c\u2019est ce week-end"},"content":{"rendered":"<p>Pendant une matin\u00e9e les cyclistes\u00a0&#8211; enfants et adultes, sportifs ou amateurs &#8211; parcourent les rues du village en convoi. C\u2019est un peu sportif, c\u2019est surtout festif. Pour cette \u00e9dition 2025, la municipalit\u00e9 a vu encore plus grand en organisant un festival v\u00e9lo aux Feuillantins ce week-end. Pour plus de facilit\u00e9 toutes les activit\u00e9s se d\u00e9rouleront rue de Saint-Just, au niveau de la salle polyvalente.<\/p>\n<p>Le festival d\u00e9butera samedi 20\u00a0septembre \u00e0 18 heures avec l\u2019exposition d\u2019une quinzaine de v\u00e9los anciens&#8230;<\/p>\n","protected":false},"excerpt":{"rendered":"Pendant une matin\u00e9e les cyclistes\u00a0&#8211; enfants et adultes, sportifs ou amateurs &#8211; parcourent les rues du village en&hellip;\n","protected":false},"author":2,"featured_media":400818,"comment_status":"","ping_status":"","sticky":false,"template":"","format":"standard","meta":{"footnotes":""},"categories":[9653],"tags":[1111,11,2430,7539,1777,674,1011,27,12296,12,316,25,4001,9664],"class_list":{"0":"post-400817","1":"post","2":"type-post","3":"status-publish","4":"format-standard","5":"has-post-thumbnail","7":"category-saint-etienne","8":"tag-actu","9":"tag-actualites","10":"tag-auvergne-rhone-alpes","11":"tag-edition-loire-sud","12":"tag-eu","13":"tag-europe","14":"tag-fr","15":"tag-france","16":"tag-la-fouillouse","17":"tag-news","18":"tag-politique","19":"tag-republique-francaise","20":"tag-saint-etienne","21":"tag-saint-etienne-bassin"},"share_on_mastodon":{"url":"https:\/\/pubeurope.com\/@fr\/115227320829499364","error":""},"_links":{"self":[{"href":"https:\/\/www.europesays.com\/fr\/wp-json\/wp\/v2\/posts\/400817","targetHints":{"allow":["GET"]}}],"collection":[{"href":"https:\/\/www.europesays.com\/fr\/wp-json\/wp\/v2\/posts"}],"about":[{"href":"https:\/\/www.europesays.com\/fr\/wp-json\/wp\/v2\/types\/post"}],"author":[{"embeddable":true,"href":"https:\/\/www.europesays.com\/fr\/wp-json\/wp\/v2\/users\/2"}],"replies":[{"embeddable":true,"href":"https:\/\/www.europesays.com\/fr\/wp-json\/wp\/v2\/comments?post=400817"}],"version-history":[{"count":0,"href":"https:\/\/www.europesays.com\/fr\/wp-json\/wp\/v2\/posts\/400817\/revisions"}],"wp:featuredmedia":[{"embeddable":true,"href":"https:\/\/www.europesays.com\/fr\/wp-json\/wp\/v2\/media\/400818"}],"wp:attachment":[{"href":"https:\/\/www.europesays.com\/fr\/wp-json\/wp\/v2\/media?parent=400817"}],"wp:term":[{"taxonomy":"category","embeddable":true,"href":"https:\/\/www.europesays.com\/fr\/wp-json\/wp\/v2\/categories?post=400817"},{"taxonomy":"post_tag","embeddable":true,"href":"https:\/\/www.europesays.com\/fr\/wp-json\/wp\/v2\/tags?post=400817"}],"curies":[{"name":"wp","href":"https:\/\/api.w.org\/{rel}","templated":true}]}}