{"id":40083,"date":"2025-04-20T23:30:09","date_gmt":"2025-04-20T23:30:09","guid":{"rendered":"https:\/\/www.europesays.com\/fr\/40083\/"},"modified":"2025-04-20T23:30:09","modified_gmt":"2025-04-20T23:30:09","slug":"previsions-du-lundi-21-avril-2025-7","status":"publish","type":"post","link":"https:\/\/www.europesays.com\/fr\/40083\/","title":{"rendered":"pr\u00e9visions du lundi 21 avril 2025"},"content":{"rendered":"<p>Aujourd&rsquo;hui, toujours des nuages dans le ciel qui emp\u00eachent le soleil d&rsquo;appara\u00eetre \u00e0 Lyon. Des pluies \u00e9parses sont attendues. Les temp\u00e9ratures s&rsquo;\u00e9chelonneront entre 8 et 14\u00b0C. Les valeurs seront de 10\u00b0C au minimum et de 14\u00b0C au maximum la matin\u00e9e. Une l\u00e9g\u00e8re brise de sud soufflera. Le soleil aura du mal \u00e0 percer au milieu des nuages qui perdureront dans l&rsquo;apr\u00e8s-midi. Les temp\u00e9ratures afficheront entre 13 et 14\u00b0C. Il fera 10\u00b0C en moyenne le soir. C&rsquo;est un ciel clair que conna\u00eetra la nuit de lundi \u00e0 mardi.<\/p>\n<p>Malheureusement pour Lyon, il y aura encore des nuages demain. Une m\u00e9t\u00e9o plus chaude est \u00e0 pr\u00e9voir \u00e9tant donn\u00e9 que les temp\u00e9ratures vont conna\u00eetre une augmentation. Les valeurs seront comprises entre 8 et 17\u00b0C. Un vent de nord-ouest rafra\u00eechira quelque peu l&rsquo;atmosph\u00e8re. En revanche, des \u00e9claircies sont pr\u00e9vues : on passera une matin\u00e9e agr\u00e9able. Les maximales atteindront les 16\u00b0C et les minimales seront de 9\u00b0C. Le ciel sera couvert dans l&rsquo;apr\u00e8s-midi. Il va pleuvoir. D&rsquo;un autre c\u00f4t\u00e9, c&rsquo;est une hausse de quelques degr\u00e9s que vont enregistrer les temp\u00e9ratures. Ces valeurs s&rsquo;\u00e9chelonneront de 16 \u00e0 17\u00b0C. Le ciel sera assez lumineux, avec quelques \u00e9claircies demain soir. Le mercure affichera 12\u00b0C en moyenne.<\/p>\n<p>Les jours se suivent et ne changent pas. Le temps sera pluvieux avec des temp\u00e9ratures d&rsquo;environ 13\u00b0C.<\/p>\n<p><\/p>\n","protected":false},"excerpt":{"rendered":"Aujourd&rsquo;hui, toujours des nuages dans le ciel qui emp\u00eachent le soleil d&rsquo;appara\u00eetre \u00e0 Lyon. Des pluies \u00e9parses sont&hellip;\n","protected":false},"author":2,"featured_media":40084,"comment_status":"","ping_status":"","sticky":false,"template":"","format":"standard","meta":{"footnotes":""},"categories":[1889],"tags":[1111,11,2430,1777,674,1011,27,2428,12,2119,25,2429,2431],"class_list":{"0":"post-40083","1":"post","2":"type-post","3":"status-publish","4":"format-standard","5":"has-post-thumbnail","7":"category-lyon","8":"tag-actu","9":"tag-actualites","10":"tag-auvergne-rhone-alpes","11":"tag-eu","12":"tag-europe","13":"tag-fr","14":"tag-france","15":"tag-lyon","16":"tag-news","17":"tag-previsions-meteo","18":"tag-republique-francaise","19":"tag-rhone","20":"tag-rhone-alpes"},"share_on_mastodon":{"url":"https:\/\/pubeurope.com\/@fr\/114372897898608486","error":""},"_links":{"self":[{"href":"https:\/\/www.europesays.com\/fr\/wp-json\/wp\/v2\/posts\/40083","targetHints":{"allow":["GET"]}}],"collection":[{"href":"https:\/\/www.europesays.com\/fr\/wp-json\/wp\/v2\/posts"}],"about":[{"href":"https:\/\/www.europesays.com\/fr\/wp-json\/wp\/v2\/types\/post"}],"author":[{"embeddable":true,"href":"https:\/\/www.europesays.com\/fr\/wp-json\/wp\/v2\/users\/2"}],"replies":[{"embeddable":true,"href":"https:\/\/www.europesays.com\/fr\/wp-json\/wp\/v2\/comments?post=40083"}],"version-history":[{"count":0,"href":"https:\/\/www.europesays.com\/fr\/wp-json\/wp\/v2\/posts\/40083\/revisions"}],"wp:featuredmedia":[{"embeddable":true,"href":"https:\/\/www.europesays.com\/fr\/wp-json\/wp\/v2\/media\/40084"}],"wp:attachment":[{"href":"https:\/\/www.europesays.com\/fr\/wp-json\/wp\/v2\/media?parent=40083"}],"wp:term":[{"taxonomy":"category","embeddable":true,"href":"https:\/\/www.europesays.com\/fr\/wp-json\/wp\/v2\/categories?post=40083"},{"taxonomy":"post_tag","embeddable":true,"href":"https:\/\/www.europesays.com\/fr\/wp-json\/wp\/v2\/tags?post=40083"}],"curies":[{"name":"wp","href":"https:\/\/api.w.org\/{rel}","templated":true}]}}