{"id":400832,"date":"2025-09-18T21:09:10","date_gmt":"2025-09-18T21:09:10","guid":{"rendered":"https:\/\/www.europesays.com\/fr\/400832\/"},"modified":"2025-09-18T21:09:10","modified_gmt":"2025-09-18T21:09:10","slug":"pres-de-rouen-le-parti-socialiste-se-reunit-en-campus-avant-de-se-lancer-dans-les-municipales","status":"publish","type":"post","link":"https:\/\/www.europesays.com\/fr\/400832\/","title":{"rendered":"Pr\u00e8s de Rouen, le Parti socialiste se r\u00e9unit en campus avant de se lancer dans les municipales"},"content":{"rendered":"<p>            Par<br \/>\n        <strong><br \/>\n            <a href=\"https:\/\/actu.fr\/auteur\/aurelien-delavaud\" title=\"Consulter tous les articles de Aur\u00e9lien Delavaud\" rel=\"nofollow noopener\" target=\"_blank\">Aur\u00e9lien Delavaud<\/a><br \/>\n        <\/strong><\/p>\n<p>        Publi\u00e9 le<\/p>\n<p>            18 sept. 2025 \u00e0 22h54        <\/p>\n<p>Chute du gouvernement Bayrou, mouvement \u00ab\u00a0Bloquons tout\u00a0\u00bb, approche des <b>\u00e9lections municipales<\/b>\u2026 Cette rentr\u00e9e 2025 est particuli\u00e8re, pour de nombreuses formations politiques. En Seine-Maritime, les dirigeants, adh\u00e9rents et sympathisants du <b>Parti socialiste<\/b> vont avoir l\u2019occasion de mettre tout cela \u00e0 plat.<\/p>\n<p class=\" wall-content\">Le samedi 20 septembre 2025, de 9 h 30 \u00e0 17 h, le parti organise son \u00ab\u00a0Campus\u00a0\u00bb, avec les \u00e9lections municipales comme th\u00e8me principal. Pour ce rassemblement, il a choisi la base de loisirs de B\u00e9danne, \u00e0 <a href=\"https:\/\/actu.fr\/normandie\/tourville-la-riviere_76705\" rel=\"nofollow noopener\" target=\"_blank\">Tourville-la-Rivi\u00e8re (Seine-Maritime)<\/a>.<\/p>\n<p>Tables rondes, prises de parole\u2026<\/p>\n<p class=\" wall-content\">Le programme de la journ\u00e9e pr\u00e9voit principalement des <b>ateliers<\/b>, par exemple pour mener sa campagne dans une commune rurale, des <b>tables rondes<\/b> pour r\u00e9fl\u00e9chir sur des th\u00e9matiques comme les attentes des Fran\u00e7ais pour cette \u00e9ch\u00e9ance \u00e9lectorale\u2026 Le midi, un grand barbecue partag\u00e9 sera propos\u00e9.<\/p>\n<p class=\" wall-content\">Autour de <b>Nicolas Mayer-Rossignol<\/b>, maire de Rouen et pr\u00e9sident de la M\u00e9tropole, les pr\u00e9sences de Lamia El Aaraje, adjointe \u00e0 la mairie de Paris, et J\u00e9r\u00f4me Guedj, d\u00e9put\u00e9 de l\u2019Essonne, sont annonc\u00e9es.\u00a0<\/p>\n<p>Programme complet et tarifs du repas sur le site 76socialiste.fr<\/p>\n<p class=\" wall-content\">Personnalisez votre actualit\u00e9 en ajoutant vos villes et m\u00e9dias en favori avec <a href=\"https:\/\/moncompte.actu.fr\" title=\"D\u00e9couvez Mon Actu\" rel=\"nofollow noopener\" data-trk=\"{&quot;cta&quot;:{&quot;action&quot;:&quot;https:\\\/\\\/moncompte.actu.fr&quot;,&quot;category&quot;:&quot;mon compte&quot;,&quot;from&quot;:&quot;article footer&quot;,&quot;name&quot;:&quot;Mon actu&quot;,&quot;type&quot;:&quot;cta&quot;}}\" target=\"_blank\">Mon Actu<\/a>.<\/p>\n","protected":false},"excerpt":{"rendered":"Par Aur\u00e9lien Delavaud Publi\u00e9 le 18 sept. 2025 \u00e0 22h54 Chute du gouvernement Bayrou, mouvement \u00ab\u00a0Bloquons tout\u00a0\u00bb, approche&hellip;\n","protected":false},"author":2,"featured_media":400833,"comment_status":"","ping_status":"","sticky":false,"template":"","format":"standard","meta":{"footnotes":""},"categories":[9587],"tags":[1111,11,1777,674,1011,27,3434,12,5161,4484,25,9590,104],"class_list":{"0":"post-400832","1":"post","2":"type-post","3":"status-publish","4":"format-standard","5":"has-post-thumbnail","7":"category-rouen","8":"tag-actu","9":"tag-actualites","10":"tag-eu","11":"tag-europe","12":"tag-fr","13":"tag-france","14":"tag-municipales-2026","15":"tag-news","16":"tag-normandie","17":"tag-parti-socialiste-ps","18":"tag-republique-francaise","19":"tag-rouen","20":"tag-societe"},"share_on_mastodon":{"url":"https:\/\/pubeurope.com\/@fr\/115227352274297923","error":""},"_links":{"self":[{"href":"https:\/\/www.europesays.com\/fr\/wp-json\/wp\/v2\/posts\/400832","targetHints":{"allow":["GET"]}}],"collection":[{"href":"https:\/\/www.europesays.com\/fr\/wp-json\/wp\/v2\/posts"}],"about":[{"href":"https:\/\/www.europesays.com\/fr\/wp-json\/wp\/v2\/types\/post"}],"author":[{"embeddable":true,"href":"https:\/\/www.europesays.com\/fr\/wp-json\/wp\/v2\/users\/2"}],"replies":[{"embeddable":true,"href":"https:\/\/www.europesays.com\/fr\/wp-json\/wp\/v2\/comments?post=400832"}],"version-history":[{"count":0,"href":"https:\/\/www.europesays.com\/fr\/wp-json\/wp\/v2\/posts\/400832\/revisions"}],"wp:featuredmedia":[{"embeddable":true,"href":"https:\/\/www.europesays.com\/fr\/wp-json\/wp\/v2\/media\/400833"}],"wp:attachment":[{"href":"https:\/\/www.europesays.com\/fr\/wp-json\/wp\/v2\/media?parent=400832"}],"wp:term":[{"taxonomy":"category","embeddable":true,"href":"https:\/\/www.europesays.com\/fr\/wp-json\/wp\/v2\/categories?post=400832"},{"taxonomy":"post_tag","embeddable":true,"href":"https:\/\/www.europesays.com\/fr\/wp-json\/wp\/v2\/tags?post=400832"}],"curies":[{"name":"wp","href":"https:\/\/api.w.org\/{rel}","templated":true}]}}