{"id":400838,"date":"2025-09-18T21:13:19","date_gmt":"2025-09-18T21:13:19","guid":{"rendered":"https:\/\/www.europesays.com\/fr\/400838\/"},"modified":"2025-09-18T21:13:19","modified_gmt":"2025-09-18T21:13:19","slug":"limage-impressionnante-dun-camion-couche-sur-la-voie-en-ille-et-vilaine","status":"publish","type":"post","link":"https:\/\/www.europesays.com\/fr\/400838\/","title":{"rendered":"L\u2019image impressionnante d\u2019un camion couch\u00e9 sur la voie en Ille-et-Vilaine"},"content":{"rendered":"<p>La route a \u00e9t\u00e9 compl\u00e8tement coup\u00e9e. Ce jeudi 18\u00a0septembre 2025, vers 10\u00a0h\u00a010, un camion de surgel\u00e9s s\u2019est renvers\u00e9 sur la voie au niveau du Crouais (Ille-et-Vilaine), \u00e0 l\u2019ouest du d\u00e9partement. Selon un riverain, l\u2019accident serait survenu alors que le conducteur doublait un cycliste.<\/p>\n<p>\t<img decoding=\"async\" src=\"https:\/\/www.europesays.com\/fr\/wp-content\/uploads\/2025\/09\/P35470180D6981672G_px_640_.jpg\" alt=\"photo l\u2019accident n\u2019a pas fait de bless\u00e9.  \u00a9  olivier roussel\" width=\"640\" title=\" L\u2019accident n\u2019a pas fait de bless\u00e9.   Olivier Roussel \"\/><\/p>\n<p class=\"elmt-legende\"> L\u2019accident n\u2019a pas fait de bless\u00e9.   Olivier Roussel <\/p>\n<p>Le camion remontait d\u2019une zone limit\u00e9e \u00e0 80\u00a0km\/h mais arrivait au niveau du bourg, limit\u00e9 \u00e0 30\u00a0km\/h. <strong>\u00ab\u00a0Ce n\u2019est pas la premi\u00e8re fois, les gens arrivent trop vite. Le conducteur avait l\u2019air sonn\u00e9\u00a0\u00bb<\/strong>, constate le m\u00eame riverain.<\/p>\n<p><strong>Lire aussi\u00a0:<\/strong> <a href=\"https:\/\/rennes.maville.com\/actu\/actudet_--elle-avait-toujours-le-sourire-a-goven-vive-emotion-apres-la-mort-brutale-d-une-jeune-femme-_7-6978646_actu.Htm\" rel=\"nofollow noopener\" target=\"_blank\">\u00ab\u00a0Elle avait toujours le sourire\u00a0\u00bb\u00a0: \u00e0 Goven, vive \u00e9motion apr\u00e8s la mort brutale d\u2019une jeune femme<\/a><\/p>\n<p>Les gendarmes et les pompiers sont intervenus. L\u2019accident n\u2019a pas fait de bless\u00e9.<\/p>\n<p>\u00a0<\/p>\n","protected":false},"excerpt":{"rendered":"La route a \u00e9t\u00e9 compl\u00e8tement coup\u00e9e. Ce jeudi 18\u00a0septembre 2025, vers 10\u00a0h\u00a010, un camion de surgel\u00e9s s\u2019est renvers\u00e9&hellip;\n","protected":false},"author":2,"featured_media":400839,"comment_status":"","ping_status":"","sticky":false,"template":"","format":"standard","meta":{"footnotes":""},"categories":[2821],"tags":[1111,11,829,660,16451,1777,674,1011,27,848,13478,53236,12,3086,584,25,1811],"class_list":{"0":"post-400838","1":"post","2":"type-post","3":"status-publish","4":"format-standard","5":"has-post-thumbnail","7":"category-rennes","8":"tag-actu","9":"tag-actualites","10":"tag-bretagne","11":"tag-camion","12":"tag-couche","13":"tag-eu","14":"tag-europe","15":"tag-fr","16":"tag-france","17":"tag-ille-et-vilaine","18":"tag-image","19":"tag-impressionnante","20":"tag-news","21":"tag-redon","22":"tag-rennes","23":"tag-republique-francaise","24":"tag-voie"},"share_on_mastodon":{"url":"https:\/\/pubeurope.com\/@fr\/115227368654456843","error":""},"_links":{"self":[{"href":"https:\/\/www.europesays.com\/fr\/wp-json\/wp\/v2\/posts\/400838","targetHints":{"allow":["GET"]}}],"collection":[{"href":"https:\/\/www.europesays.com\/fr\/wp-json\/wp\/v2\/posts"}],"about":[{"href":"https:\/\/www.europesays.com\/fr\/wp-json\/wp\/v2\/types\/post"}],"author":[{"embeddable":true,"href":"https:\/\/www.europesays.com\/fr\/wp-json\/wp\/v2\/users\/2"}],"replies":[{"embeddable":true,"href":"https:\/\/www.europesays.com\/fr\/wp-json\/wp\/v2\/comments?post=400838"}],"version-history":[{"count":0,"href":"https:\/\/www.europesays.com\/fr\/wp-json\/wp\/v2\/posts\/400838\/revisions"}],"wp:featuredmedia":[{"embeddable":true,"href":"https:\/\/www.europesays.com\/fr\/wp-json\/wp\/v2\/media\/400839"}],"wp:attachment":[{"href":"https:\/\/www.europesays.com\/fr\/wp-json\/wp\/v2\/media?parent=400838"}],"wp:term":[{"taxonomy":"category","embeddable":true,"href":"https:\/\/www.europesays.com\/fr\/wp-json\/wp\/v2\/categories?post=400838"},{"taxonomy":"post_tag","embeddable":true,"href":"https:\/\/www.europesays.com\/fr\/wp-json\/wp\/v2\/tags?post=400838"}],"curies":[{"name":"wp","href":"https:\/\/api.w.org\/{rel}","templated":true}]}}