{"id":400842,"date":"2025-09-18T21:15:50","date_gmt":"2025-09-18T21:15:50","guid":{"rendered":"https:\/\/www.europesays.com\/fr\/400842\/"},"modified":"2025-09-18T21:15:50","modified_gmt":"2025-09-18T21:15:50","slug":"envie-dune-nuit-etoilee-dans-1-mois-lexpo-immersive-van-gogh-debarque-a-strasbourg","status":"publish","type":"post","link":"https:\/\/www.europesays.com\/fr\/400842\/","title":{"rendered":"Envie d&rsquo;une \u00ab Nuit \u00e9toil\u00e9e \u00bb ? Dans 1 mois, l\u2019expo immersive Van Gogh d\u00e9barque \u00e0 Strasbourg"},"content":{"rendered":"<p>    <img loading=\"lazy\" width=\"1800\" height=\"900\" src=\"https:\/\/www.europesays.com\/fr\/wp-content\/uploads\/2025\/08\/jeanne-callthepolice.jpg\" class=\"attachment-full size-full\" alt=\"\" id=\"imageLove\" decoding=\"async\"  \/><\/p>\n<p id=\"breadcrumbs\"><a href=\"https:\/\/pokaa.fr\/\" target=\"_blank\" rel=\"noopener\">Accueil<\/a> \/ <a href=\"https:\/\/pokaa.fr\/categories\/ses-sorties\/\" target=\"_blank\" rel=\"noopener\">Sorties<\/a> \/ Envie d\u2019une \u00ab Nuit \u00e9toil\u00e9e \u00bb ? Dans 1 mois, l\u2019expo immersive Van Gogh d\u00e9barque \u00e0 Strasbourg<\/p>\n<p>                    Sorties<\/p>\n<p><strong>New York, Berlin, Milan, S\u00e9oul\u2026 Et Strasbourg ! L\u2019exposition immersive d\u00e9di\u00e9e \u00e0 Van Gogh, qui a voyag\u00e9 \u00e0 travers le monde, vient se poser dans nos contr\u00e9es alsaciennes. Au programme : (re)d\u00e9couverte des chefs-d\u2019\u0153uvre de l\u2019artiste gr\u00e2ce \u00e0 des projections \u00e0 360 degr\u00e9s, et des exp\u00e9riences en r\u00e9alit\u00e9 virtuelle. On vous en dit plus sur cet \u00e9v\u00e9nement magique \u00e0 venir. <\/strong><\/p>\n<p><strong>Les Tournesols, la Nuit \u00e9toil\u00e9e, La Chambre \u00e0 coucher, Les Iris, l\u2019Amandier en fleurs\u2026 Autant de tableaux de Van Gogh qui nous hypnotisent<\/strong> depuis des g\u00e9n\u00e9rations, gr\u00e2ce \u00e0 sa peinture en petites touches fragment\u00e9es.<\/p>\n<p>                <img width=\"750\" height=\"500\" src=\"https:\/\/www.europesays.com\/fr\/wp-content\/uploads\/2025\/09\/van-gogh-the-immersive-experience-8-750x500.png\" class=\"attachment-gallery size-gallery\" alt=\"Van Gogh the immersive experience (8)\" data-full-url=\"https:\/\/pokaa.fr\/wp-content\/uploads\/2025\/09\/16\/van-gogh-the-immersive-experience-8.png\" decoding=\"async\" loading=\"lazy\"  \/>            <\/p>\n<p>                <img width=\"758\" height=\"500\" src=\"https:\/\/www.europesays.com\/fr\/wp-content\/uploads\/2025\/09\/van-gogh-the-immersive-experience-7-758x500.png\" class=\"attachment-gallery size-gallery\" alt=\"Van Gogh the immersive experience (7)\" data-full-url=\"https:\/\/pokaa.fr\/wp-content\/uploads\/2025\/09\/16\/van-gogh-the-immersive-experience-7.png\" decoding=\"async\" loading=\"lazy\"  \/>            <\/p>\n<p>                <img width=\"769\" height=\"500\" src=\"https:\/\/www.europesays.com\/fr\/wp-content\/uploads\/2025\/09\/van-gogh-the-immersive-experience-6-769x500.png\" class=\"attachment-gallery size-gallery\" alt=\"Van Gogh the immersive experience (6)\" data-full-url=\"https:\/\/pokaa.fr\/wp-content\/uploads\/2025\/09\/16\/van-gogh-the-immersive-experience-6.png\" decoding=\"async\" loading=\"lazy\"  \/>            <\/p>\n<p>                    \u00a9 Van Gogh : The immersive experience \/ Documents remis<\/p>\n<p>Pour faire connaissance avec ces chefs-d\u2019\u0153uvre, ou tout simplement pour les red\u00e9couvrir en plongeant dedans, direction <strong>l\u2019exposition immersive de Van Gogh qui d\u00e9barque \u00e0 Strasbourg le 15 octobre, dans le hall Tivoli du Parc des expositions. <\/strong>Et elle promet de nous faire voyager !<\/p>\n<p>    <img width=\"800\" height=\"494\" src=\"https:\/\/www.europesays.com\/fr\/wp-content\/uploads\/2025\/09\/van-gogh-the-immersive-experience-2-800x494.png\" class=\"attachment-image-size-L size-image-size-L\" alt=\"Van Gogh the immersive experience (2)\" decoding=\"async\" loading=\"lazy\"  \/>         \u00a9 Van Gogh : The immersive experience \/ Document remis <\/p>\n<p>Une exp\u00e9rience onirique et sensorielle<\/p>\n<p>Gr\u00e2ce \u00e0 <strong>des projections \u00e0 360 degr\u00e9s,<\/strong> vous pourrez <strong>vous immerger dans les \u0153uvres de l\u2019artiste pendant qu\u2019elles s\u2019animent sur les murs, <\/strong>pour un instant compl\u00e8tement hors du temps.<\/p>\n<p>En plus de ce spectacle son et lumi\u00e8res, <strong>des casques de r\u00e9alit\u00e9 virtuelle seront \u00e0 votre disposition, pour plonger au c\u0153ur de 8 de ses \u0153uvres les plus c\u00e9l\u00e8bres,<\/strong> et vous laisser happer par la magie des paysages.<\/p>\n<\/p>\n<p>\u00a0<\/p>\n<p>                <img width=\"758\" height=\"500\" src=\"https:\/\/www.europesays.com\/fr\/wp-content\/uploads\/2025\/09\/van-gogh-the-immersive-experience-1-758x500.png\" class=\"attachment-gallery size-gallery\" alt=\"Van Gogh the immersive experience (1)\" data-full-url=\"https:\/\/pokaa.fr\/wp-content\/uploads\/2025\/09\/16\/van-gogh-the-immersive-experience-1.png\" decoding=\"async\" loading=\"lazy\"  \/>            <\/p>\n<p>                <img width=\"761\" height=\"500\" src=\"https:\/\/www.europesays.com\/fr\/wp-content\/uploads\/2025\/09\/van-gogh-the-immersive-experience-4-761x500.png\" class=\"attachment-gallery size-gallery\" alt=\"Van Gogh the immersive experience (4)\" data-full-url=\"https:\/\/pokaa.fr\/wp-content\/uploads\/2025\/09\/16\/van-gogh-the-immersive-experience-4.png\" decoding=\"async\" loading=\"lazy\"  \/>            <\/p>\n<p>                <img width=\"752\" height=\"500\" src=\"https:\/\/www.europesays.com\/fr\/wp-content\/uploads\/2025\/09\/van-gogh-the-immersive-experience-10-752x500.png\" class=\"attachment-gallery size-gallery\" alt=\"Van Gogh the immersive experience (10)\" data-full-url=\"https:\/\/pokaa.fr\/wp-content\/uploads\/2025\/09\/16\/van-gogh-the-immersive-experience-10.png\" decoding=\"async\" loading=\"lazy\"  \/>            <\/p>\n<p>                <img width=\"765\" height=\"500\" src=\"https:\/\/www.europesays.com\/fr\/wp-content\/uploads\/2025\/09\/van-gogh-the-immersive-experience-9-765x500.png\" class=\"attachment-gallery size-gallery\" alt=\"Van Gogh the immersive experience (9)\" data-full-url=\"https:\/\/pokaa.fr\/wp-content\/uploads\/2025\/09\/16\/van-gogh-the-immersive-experience-9.png\" decoding=\"async\" loading=\"lazy\"  \/>            <\/p>\n<p>                    \u00a9 Van Gogh : The immersive experience \/ Documents remis<\/p>\n<p>Pour cl\u00f4turer l\u2019exp\u00e9rience, prolonger encore l\u2019enchantement et laisser parler votre inspiration, vous pourrez <strong>vous immiscer dans la peau de l\u2019artiste en dessinant et en accrochant vos propres \u0153uvres <\/strong>\u2013 pour les petit(e)s comme les plus grand(e)s\u00a0!<\/p>\n<p><strong>Et pour venir r\u00eaver dans La Nuit \u00e9toil\u00e9e,\u00a0<\/strong><strong>la billetterie est disponible <a href=\"https:\/\/feverup.com\/m\/402752?cp_landing=cta_header&amp;cp_landing_term=cta_header&amp;cp_landing_source=vangoghexpo&amp;utm_source=pokaa&amp;utm_medium=referral\" target=\"_blank\" rel=\"noopener\">en cliquant ici<\/a>.<\/strong><\/p>\n<p>            Van Gogh : the immersive experience<\/p>\n<p>            Quoi ? <\/p>\n<p>Exposition<\/p>\n<p>                Quand ?<\/p>\n<p>Du 15 octobre 2025 au 1er mars 2026<\/p>\n<ul>\n<li>Du mardi au dimanche : de 10h \u00e0 18h, derni\u00e8re entr\u00e9e \u00e0 16h30<\/li>\n<li>Ouvert \u00e9galement les lundis f\u00e9ri\u00e9s et pendant les vacances scolaires de la zone B<\/li>\n<\/ul>\n<p>            o\u00f9 ?<\/p>\n<p>Hall Tivoli, Parc des expositions, avenue Herrenschmidt, \u00e0 Strasbourg<\/p>\n<p>                Plus d&rsquo;infos ?<\/p>\n<p><a href=\"https:\/\/vangoghexpo.com\/strasbourg\/\" target=\"_blank\" rel=\"noopener\">Site web de l\u2019exposition et billeterie<\/a><\/p>\n<p><a href=\"https:\/\/www.instagram.com\/vangogh.experience\" target=\"_blank\" rel=\"noopener\">Page Instagram<\/a><\/p>\n<p>                <img width=\"762\" height=\"500\" src=\"https:\/\/www.europesays.com\/fr\/wp-content\/uploads\/2025\/09\/van-gogh-the-immersive-experience-5-762x500.png\" class=\"attachment-gallery size-gallery\" alt=\"Van Gogh the immersive experience (5)\" data-full-url=\"https:\/\/pokaa.fr\/wp-content\/uploads\/2025\/09\/16\/van-gogh-the-immersive-experience-5.png\" decoding=\"async\" loading=\"lazy\"  \/>            <\/p>\n<p>                <img width=\"743\" height=\"500\" src=\"https:\/\/www.europesays.com\/fr\/wp-content\/uploads\/2025\/09\/van-gogh-the-immersive-experience-3-743x500.png\" class=\"attachment-gallery size-gallery\" alt=\"Van Gogh the immersive experience (3)\" data-full-url=\"https:\/\/pokaa.fr\/wp-content\/uploads\/2025\/09\/16\/van-gogh-the-immersive-experience-3.png\" decoding=\"async\" loading=\"lazy\"  \/>            <\/p>\n<p>                    \u00a9 Van Gogh : The immersive experience \/ Documents remis<\/p>\n<p><script async src=\"\/\/www.instagram.com\/embed.js\"><\/script><\/p>\n","protected":false},"excerpt":{"rendered":"Accueil \/ Sorties \/ Envie d\u2019une \u00ab Nuit \u00e9toil\u00e9e \u00bb ? Dans 1 mois, l\u2019expo immersive Van Gogh&hellip;\n","protected":false},"author":2,"featured_media":400843,"comment_status":"","ping_status":"","sticky":false,"template":"","format":"standard","meta":{"footnotes":""},"categories":[2820],"tags":[1111,11,1777,674,1011,27,775,12,7054,25,53237,640,53238],"class_list":{"0":"post-400842","1":"post","2":"type-post","3":"status-publish","4":"format-standard","5":"has-post-thumbnail","7":"category-strasbourg","8":"tag-actu","9":"tag-actualites","10":"tag-eu","11":"tag-europe","12":"tag-fr","13":"tag-france","14":"tag-grand-est","15":"tag-news","16":"tag-parc-des-expositions","17":"tag-republique-francaise","18":"tag-son-et-lumiere","19":"tag-strasbourg","20":"tag-van-gogh"},"share_on_mastodon":{"url":"https:\/\/pubeurope.com\/@fr\/115227380174943983","error":""},"_links":{"self":[{"href":"https:\/\/www.europesays.com\/fr\/wp-json\/wp\/v2\/posts\/400842","targetHints":{"allow":["GET"]}}],"collection":[{"href":"https:\/\/www.europesays.com\/fr\/wp-json\/wp\/v2\/posts"}],"about":[{"href":"https:\/\/www.europesays.com\/fr\/wp-json\/wp\/v2\/types\/post"}],"author":[{"embeddable":true,"href":"https:\/\/www.europesays.com\/fr\/wp-json\/wp\/v2\/users\/2"}],"replies":[{"embeddable":true,"href":"https:\/\/www.europesays.com\/fr\/wp-json\/wp\/v2\/comments?post=400842"}],"version-history":[{"count":0,"href":"https:\/\/www.europesays.com\/fr\/wp-json\/wp\/v2\/posts\/400842\/revisions"}],"wp:featuredmedia":[{"embeddable":true,"href":"https:\/\/www.europesays.com\/fr\/wp-json\/wp\/v2\/media\/400843"}],"wp:attachment":[{"href":"https:\/\/www.europesays.com\/fr\/wp-json\/wp\/v2\/media?parent=400842"}],"wp:term":[{"taxonomy":"category","embeddable":true,"href":"https:\/\/www.europesays.com\/fr\/wp-json\/wp\/v2\/categories?post=400842"},{"taxonomy":"post_tag","embeddable":true,"href":"https:\/\/www.europesays.com\/fr\/wp-json\/wp\/v2\/tags?post=400842"}],"curies":[{"name":"wp","href":"https:\/\/api.w.org\/{rel}","templated":true}]}}