{"id":400844,"date":"2025-09-18T21:17:13","date_gmt":"2025-09-18T21:17:13","guid":{"rendered":"https:\/\/www.europesays.com\/fr\/400844\/"},"modified":"2025-09-18T21:17:13","modified_gmt":"2025-09-18T21:17:13","slug":"strasbourg-prend-des-mesures-contre-ses-ultras-dans-un-climat-tendu-france-strasbourg","status":"publish","type":"post","link":"https:\/\/www.europesays.com\/fr\/400844\/","title":{"rendered":"Strasbourg prend des mesures contre ses ultras dans un climat tendu &#8211; France &#8211; Strasbourg"},"content":{"rendered":"<p>Venez sans penser.<\/p>\n<p>Sur le terrain, Strasbourg a r\u00e9ussi un bon d\u00e9but de saison ; en dehors, c\u2019est autre chose. <strong><a target=\"_blank\" href=\"https:\/\/www.sofoot.com\/breves\/marc-keller-repond-aux-supporters-de-strasbourg-et-prend-la-defense-demanuel-emegha\" rel=\"nofollow noopener\">Marc Keller a profit\u00e9 de la conf\u00e9rence de presse de jeudi<\/a> pour annoncer des mesures prises avec effet imm\u00e9diat contre quatre groupe de supporters faisant partie des <a target=\"_blank\" href=\"https:\/\/www.sofoot.com\/articles\/strasbourg-entre-liam-rosenior-et-les-ultras-un-dialogue-de-sourds\" rel=\"nofollow noopener\">signataires d\u2019un communiqu\u00e9 diffus\u00e9 dimanche dernier<\/a>.<\/strong><\/p>\n<p>Le Racing entre en conflit avec ses ultras<\/p>\n<p>Selon les informations de L\u2019\u00c9quipe, <strong>les pr\u00e9sidents des UB90, de la Pariser Section, du KCB et de la F\u00e9d\u00e9ration des supporters du Racing Club de Strasbourg avaient re\u00e7u un mail en ce sens dans l\u2019apr\u00e8s-midi.<\/strong> Quelles sont ces mesures ? Un acc\u00e8s aux locaux mis \u00e0 disposition par le club possible \u00e0 condition d\u2019\u00eatre accompagn\u00e9 d\u2019un membre de la s\u00e9curit\u00e9, l\u2019espace pour confectionner les tifos interdit et l\u2019obligation d\u2019\u00eatre pr\u00e9sent\u00e9s et valid\u00e9s par la s\u00e9curit\u00e9 avant de pouvoir entrer \u00e0 l\u2019int\u00e9rieur de la Meinau.<\/p>\n<p>\u00ab\u202fTout support \u00e0 des fins politiques, id\u00e9ologiques, philosophiques, injurieuses ou pr\u00e9sentant un message \u00e0 caract\u00e8re discriminatoire, portant atteinte \u00e0 la dignit\u00e9 et\/ou susceptible de nuire \u00e0 l\u2019\u00e9tat physique et\/ou psychologique d\u2019autrui, insultant, vexatoire, raciste, x\u00e9nophobe ou homophobe ou d\u00e9livrant un message insultant sera refus\u00e9\u00a0\u00bb, peut-on \u00e9galement lire dans le quotidien. <strong>Par ailleurs, ces ultras en question ne seront plus prioritaires pour la billetterie des matchs \u00e0 l\u2019ext\u00e9rieur, alors que les tickets seront de nouveau nominatifs.\u00a0<\/strong><\/p>\n<p class=\"Paragraph__content\" data-v-e14a34bc=\"\">\u00ab\u00a0Nous avons \u00e9t\u00e9 nickel pendant des ann\u00e9es, a expliqu\u00e9 le directeur g\u00e9n\u00e9ral Alain Plet comme rapport\u00e9 par L\u2019\u00c9quipe.\u00a0On se sent trahis. Nous revenons donc \u00e0 une situation normale, connue par les autres groupes de supporters des autres clubs fran\u00e7ais.\u00a0\u00bb<\/p>\n<p data-v-e14a34bc=\"\">Un vrai divorce.<\/p>\n<p>\t\t\t\t\t\t\t\t\t\t<a class=\"lien-connexe\" href=\"https:\/\/www.sofoot.com\/breves\/marc-keller-repond-aux-supporters-de-strasbourg-et-prend-la-defense-demanuel-emegha\" rel=\"nofollow noopener\" target=\"_blank\">Marc Keller r\u00e9pond aux supporters et prend la d\u00e9fense d\u2019Emegha<\/a>\t\t\t\t\t<\/p>\n","protected":false},"excerpt":{"rendered":"Venez sans penser. Sur le terrain, Strasbourg a r\u00e9ussi un bon d\u00e9but de saison ; en dehors, c\u2019est&hellip;\n","protected":false},"author":2,"featured_media":400845,"comment_status":"","ping_status":"","sticky":false,"template":"","format":"standard","meta":{"footnotes":""},"categories":[2820],"tags":[1111,47,11,61,69,65,64,1777,674,63,1011,27,775,68,66,12,62,70,25,67,640],"class_list":{"0":"post-400844","1":"post","2":"type-post","3":"status-publish","4":"format-standard","5":"has-post-thumbnail","7":"category-strasbourg","8":"tag-actu","9":"tag-actualite","10":"tag-actualites","11":"tag-actus-football","12":"tag-bundesliga","13":"tag-championnats-europeens","14":"tag-equipe-de-france","15":"tag-eu","16":"tag-europe","17":"tag-football","18":"tag-fr","19":"tag-france","20":"tag-grand-est","21":"tag-ligua","22":"tag-ligue-1","23":"tag-news","24":"tag-news-foot","25":"tag-premier-league","26":"tag-republique-francaise","27":"tag-serie-a","28":"tag-strasbourg"},"share_on_mastodon":{"url":"https:\/\/pubeurope.com\/@fr\/115227383741316025","error":""},"_links":{"self":[{"href":"https:\/\/www.europesays.com\/fr\/wp-json\/wp\/v2\/posts\/400844","targetHints":{"allow":["GET"]}}],"collection":[{"href":"https:\/\/www.europesays.com\/fr\/wp-json\/wp\/v2\/posts"}],"about":[{"href":"https:\/\/www.europesays.com\/fr\/wp-json\/wp\/v2\/types\/post"}],"author":[{"embeddable":true,"href":"https:\/\/www.europesays.com\/fr\/wp-json\/wp\/v2\/users\/2"}],"replies":[{"embeddable":true,"href":"https:\/\/www.europesays.com\/fr\/wp-json\/wp\/v2\/comments?post=400844"}],"version-history":[{"count":0,"href":"https:\/\/www.europesays.com\/fr\/wp-json\/wp\/v2\/posts\/400844\/revisions"}],"wp:featuredmedia":[{"embeddable":true,"href":"https:\/\/www.europesays.com\/fr\/wp-json\/wp\/v2\/media\/400845"}],"wp:attachment":[{"href":"https:\/\/www.europesays.com\/fr\/wp-json\/wp\/v2\/media?parent=400844"}],"wp:term":[{"taxonomy":"category","embeddable":true,"href":"https:\/\/www.europesays.com\/fr\/wp-json\/wp\/v2\/categories?post=400844"},{"taxonomy":"post_tag","embeddable":true,"href":"https:\/\/www.europesays.com\/fr\/wp-json\/wp\/v2\/tags?post=400844"}],"curies":[{"name":"wp","href":"https:\/\/api.w.org\/{rel}","templated":true}]}}