{"id":400848,"date":"2025-09-18T21:19:11","date_gmt":"2025-09-18T21:19:11","guid":{"rendered":"https:\/\/www.europesays.com\/fr\/400848\/"},"modified":"2025-09-18T21:19:11","modified_gmt":"2025-09-18T21:19:11","slug":"une-pharmacie-negligee-ce-sont-des-patients-en-danger-les-pharmaciens-ont-clame-ce-jeudi-a-nice-leur-inquietude-et-leur-colere-une-mobilisation-tres-suivie","status":"publish","type":"post","link":"https:\/\/www.europesays.com\/fr\/400848\/","title":{"rendered":"\u00ab\u00a0Une pharmacie n\u00e9glig\u00e9e ce sont des patients en danger\u00a0\u00bb: les pharmaciens ont clam\u00e9 ce jeudi \u00e0 Nice leur inqui\u00e9tude et leur col\u00e8re, une mobilisation tr\u00e8s suivie"},"content":{"rendered":"<p>La mobilisation des pharmaciens a \u00e9t\u00e9 tr\u00e8s suivie ce jeudi apr\u00e8s-midi \u00e0 Nice. Sur les 420 officines que comptent les Alpes-Maritimes, 98% avaient baiss\u00e9 le rideau.<\/p>\n<p>Une mobilisation in\u00e9dite pour d\u00e9noncer un arr\u00eat\u00e9 minist\u00e9riel publi\u00e9 en ao\u00fbt qui transf\u00e8re 10% de leurs marges \u00e0 l\u2019industrie pharmaceutique. Et qui, selon les pharmaciens, menace un tiers de leurs commerces en France dans les deux prochaines ann\u00e9es, particuli\u00e8rement en zones rurales.<\/p>\n<p>\u00ab\u00a0Dans certaines communes, la pharmacie est souvent le dernier lieu de sant\u00e9, met en avant Rapha\u00ebl Gigliotti, pr\u00e9sident du syndicat des pharmaciens dans les Alpes-Maritimes. Et le gouvernement privil\u00e9gie l\u2019industrie pharmaceutique \u00e0 la pr\u00e9vention et \u00e0 la sant\u00e9 de proximit\u00e9 que repr\u00e9sentent les pharmaciens. C\u2019est inacceptable. Nous sommes d\u2019ailleurs soutenus par les \u00e9lus locaux qui ont compris depuis longtemps la probl\u00e9matique.\u00a0\u00bb<\/p>\n<p>\u00ab\u00a0Beaucoup de petites pharmacies fermeront \u00a0\u00bb<\/p>\n<p>              <img ci-src=\"https:\/\/www.nicematin.com\/greve-mouvements-sociaux\/protec\/DATA_ART_16266304-XNaevfZ6.jpg?vh=4d5ac9&amp;ci_seal=06e9f836e5\" alt=\"\"\/><br \/>\n         <strong>Dylan Meiffret \/ Nice Matin.<\/strong> <\/p>\n<p>\u00c0 Nice, entre 400 et 500 professionnels ont manifest\u00e9 leur col\u00e8re entre la gare du Sud et la place Garibaldi. Gilets, casquettes et fumig\u00e8nes verts, les pharmaciens ne voulaient pas passer inaper\u00e7us alors que la date de leur mobilisation \u00e9tait pr\u00e9vue de longue date, \u00ab\u00a0bien avant celle de l\u2019intersyndicale\u00a0\u00bb ont-ils insist\u00e9.<\/p>\n<p>\u00ab\u00a0Sant\u00e9 menac\u00e9e\u00a0\u00bb, \u00ab\u00a0Qui vous soignera quand on aura ferm\u00e9?\u00a0\u00bb, \u00ab\u00a0Une pharmacie n\u00e9glig\u00e9e ce sont des patients en danger\u00a0\u00bb, \u00ab\u00a0Les ruptures on sature\u00a0\u00bb, \u00ab\u00a0L\u2019\u00c9tat veut fermer ma pharmacie\u00a0\u00bb: les slogans r\u00e9sumaient la col\u00e8re de la profession. \u00c0 l\u2019image de Magdalena de la pharmacie La Salamandre, \u00e0 Nice: \u00ab\u00a0Nous avons peu de parapharmacie et 90% de notre activit\u00e9, ce sont les ordonnances. Alors on est tr\u00e8s inquiets pour la suite. Beaucoup de petites pharmacies, dont la mienne, fermeront d\u2019ici un ou deux ans si rien ne change.\u00a0\u00bb<\/p>\n<p>Les kin\u00e9s en col\u00e8re se sont joints au mouvement<\/p>\n<p>              <img ci-src=\"https:\/\/www.nicematin.com\/greve-mouvements-sociaux\/protec\/DATA_ART_16266301-FGHPRheL.jpg?vh=793005&amp;ci_seal=a7f4334a2c\" alt=\"\"\/><br \/>\n         <strong>Dylan Meiffret \/ Nice Matin.<\/strong> <\/p>\n<p>Dans les rangs du cort\u00e8ge, il y avait aussi des kin\u00e9sith\u00e9rapeutes lib\u00e9raux. \u00c0 l\u2019appel du principal syndicat de leur profession, certains ont ferm\u00e9 leur cabinet pour rejoindre la mobilisation des pharmaciens. Ils d\u00e9noncent le report d\u2019une petite revalorisation de leurs tarifs initialement pr\u00e9vue en juillet.<\/p>\n","protected":false},"excerpt":{"rendered":"La mobilisation des pharmaciens a \u00e9t\u00e9 tr\u00e8s suivie ce jeudi apr\u00e8s-midi \u00e0 Nice. Sur les 420 officines que&hellip;\n","protected":false},"author":2,"featured_media":400849,"comment_status":"","ping_status":"","sticky":false,"template":"","format":"standard","meta":{"footnotes":""},"categories":[2819],"tags":[1111,11,1777,674,1011,27,802,12,2401,882,25,801],"class_list":{"0":"post-400848","1":"post","2":"type-post","3":"status-publish","4":"format-standard","5":"has-post-thumbnail","7":"category-nice","8":"tag-actu","9":"tag-actualites","10":"tag-eu","11":"tag-europe","12":"tag-fr","13":"tag-france","14":"tag-greves-et-mouvements-sociaux","15":"tag-news","16":"tag-nice","17":"tag-provence-alpes-cote-dazur","18":"tag-republique-francaise","19":"tag-social"},"share_on_mastodon":{"url":"https:\/\/pubeurope.com\/@fr\/115227391728997094","error":""},"_links":{"self":[{"href":"https:\/\/www.europesays.com\/fr\/wp-json\/wp\/v2\/posts\/400848","targetHints":{"allow":["GET"]}}],"collection":[{"href":"https:\/\/www.europesays.com\/fr\/wp-json\/wp\/v2\/posts"}],"about":[{"href":"https:\/\/www.europesays.com\/fr\/wp-json\/wp\/v2\/types\/post"}],"author":[{"embeddable":true,"href":"https:\/\/www.europesays.com\/fr\/wp-json\/wp\/v2\/users\/2"}],"replies":[{"embeddable":true,"href":"https:\/\/www.europesays.com\/fr\/wp-json\/wp\/v2\/comments?post=400848"}],"version-history":[{"count":0,"href":"https:\/\/www.europesays.com\/fr\/wp-json\/wp\/v2\/posts\/400848\/revisions"}],"wp:featuredmedia":[{"embeddable":true,"href":"https:\/\/www.europesays.com\/fr\/wp-json\/wp\/v2\/media\/400849"}],"wp:attachment":[{"href":"https:\/\/www.europesays.com\/fr\/wp-json\/wp\/v2\/media?parent=400848"}],"wp:term":[{"taxonomy":"category","embeddable":true,"href":"https:\/\/www.europesays.com\/fr\/wp-json\/wp\/v2\/categories?post=400848"},{"taxonomy":"post_tag","embeddable":true,"href":"https:\/\/www.europesays.com\/fr\/wp-json\/wp\/v2\/tags?post=400848"}],"curies":[{"name":"wp","href":"https:\/\/api.w.org\/{rel}","templated":true}]}}