{"id":40085,"date":"2025-04-20T23:31:11","date_gmt":"2025-04-20T23:31:11","guid":{"rendered":"https:\/\/www.europesays.com\/fr\/40085\/"},"modified":"2025-04-20T23:31:11","modified_gmt":"2025-04-20T23:31:11","slug":"stassin-a-fait-tres-mal-a-lol-letexier-sest-encore-trompe-lentree-catastrophique-dakouokou-les-tops-et-les-flops","status":"publish","type":"post","link":"https:\/\/www.europesays.com\/fr\/40085\/","title":{"rendered":"Stassin a fait tr\u00e8s mal \u00e0 l\u2019OL, Letexier s\u2019est encore tromp\u00e9, l\u2019entr\u00e9e catastrophique d\u2019Akouokou &#8230; Les tops et les flops"},"content":{"rendered":"<p>Lyon s\u2019est inclin\u00e9 sur la pelouse de Saint-Etienne en cl\u00f4ture de la 30e journ\u00e9e de Ligue 1 (2-1). Retrouvez les tops et les flops de ce derby fou et tendu.<\/p>\n<p class=\"fig-paragraph\"><strong>TOPS\u00a0<\/strong><\/p>\n<p>Stassin, l\u2019homme du derby<\/p>\n<p class=\"fig-paragraph\">En 2025, seuls Demb\u00e9l\u00e9 et Biereth ont marqu\u00e9 plus que lui en Ligue 1. Lucas Stassin a confirm\u00e9 son excellente forme du moment, en inscrivant les deux buts st\u00e9phanois durant ce derby. D\u2019abord buteur de la t\u00eate, au c\u0153ur d\u2019une d\u00e9fense spectatrice, l\u2019attaquant belge a de nouveau fait chavirer le Chaudron en seconde p\u00e9riode. Cette fois en trompant Descamps d\u2019une belle frappe enroul\u00e9e \u00e0 l\u2019entr\u00e9e de la surface. Efficace et tr\u00e8s disponible dans le jeu,\u00a0<a href=\"http:\/\/www.lefigaro.fr\/sports\/football\/ligue-1\/ligue-1-l-asse-arrache-un-derby-sous-haute-tension-lyon-reste-groggy-et-perd-gros-20250420\" data-fig-type=\"NewsFlash\" data-gtm-custom-categorie=\"navigation\" data-gtm-custom-action=\"crossclick\" data-gtm-custom-label=\"Contextuel\" data-gtm-event=\"customEventSPE\" data-fig-domain=\"LEFIGARO\" target=\"_blank\" rel=\"noopener\">il a su concr\u00e9tiser la sup\u00e9riorit\u00e9 globale de l\u2019ASSE dans ce derby<\/a>. Bien aid\u00e9 \u00e9galement par Fran\u00e7ois Letexier, qui aurait d\u00fb l\u2019expulser en premi\u00e8re p\u00e9riode pour une semelle sur Tolisso, sorti sur blessure.<\/p>\n<p>Bernauer, symbole d\u2019une solidit\u00e9 retrouv\u00e9e<\/p>\n<p class=\"fig-paragraph\">Ils avaient encaiss\u00e9 au moins trois buts lors de leurs quatre derni\u00e8res sorties \u00e0 Geoffroy-Guichard. Les St\u00e9phanois ont finalement choisi le derby pour retrouver un minimum de solidit\u00e9. Jamais inqui\u00e9t\u00e9e en premi\u00e8re p\u00e9riode, l\u2019ASSE a su faire bloc et tenir bon quand l\u2019OL a pass\u00e9 la seconde apr\u00e8s la pause. Maxime Bernauer a particuli\u00e8rement brill\u00e9 au sein de l\u2019arri\u00e8re-garde for\u00e9zienne. Associ\u00e9 \u00e0 Nad\u00e9 en charni\u00e8re centrale, l\u2019ancien joueur du Paris FC a su s\u2019interposer \u00e0 plusieurs reprises dans sa surface. Vigilant, et l\u2019origine du deuxi\u00e8me but st\u00e9phanois, il a fini la rencontre perclus de crampes.<\/p>\n<p class=\"fig-paragraph\"><strong>FLOPS\u00a0<\/strong><\/p>\n<p>Mais pourquoi Letexier a chang\u00e9 d\u2019avis\u00a0?<\/p>\n<p class=\"fig-paragraph\"><a href=\"http:\/\/www.lefigaro.fr\/sports\/football\/ligue-1\/ligue-1-un-arbitre-touche-par-un-projectile-le-derby-saint-etienne-lyon-interrompu-20250420\" data-fig-type=\"NewsFlash\" data-gtm-custom-categorie=\"navigation\" data-gtm-custom-action=\"crossclick\" data-gtm-custom-label=\"Contextuel\" data-gtm-event=\"customEventSPE\" data-fig-domain=\"LEFIGARO\" target=\"_blank\" rel=\"noopener\">L\u2019interruption de la rencontre pendant de longues minutes<\/a>\u00a0n\u2019a pas fini de faire parler. D\u2019un point de vue strictement sportif, les d\u00e9cisions de Fran\u00e7ois Letexier vont \u00e9galement faire couler beaucoup d\u2019encre. Au c\u0153ur de plusieurs pol\u00e9miques depuis le d\u00e9but de saison (expulsion s\u00e9v\u00e8re de Harit lors d\u2019OM-PSG, non-sanction du geste dangereux de Singo sur Donnarumma durant Monaco-PSG), le n\u00b01 de l\u2019arbitrage fran\u00e7ais s\u2019est encore rat\u00e9 lors d\u2019un choc de Ligue 1. Et pourtant, il a d\u2019abord fait le bon choix en sanctionnant la semelle dangereuse de Stassin sur Tolisso d\u2019une expulsion logique. Mais apr\u00e8s appel du Var et visionnage des images,\u00a0<a href=\"http:\/\/www.lefigaro.fr\/sports\/football\/ligue-1\/saint-etienne-lyon-en-video-la-dangereuse-faute-de-stassin-asse-qui-blesse-tolisso-mais-echappe-au-carton-rouge-20250420\" data-fig-type=\"NewsFlash\" data-gtm-custom-categorie=\"navigation\" data-gtm-custom-action=\"crossclick\" data-gtm-custom-label=\"Contextuel\" data-gtm-event=\"customEventSPE\" data-fig-domain=\"LEFIGARO\" target=\"_blank\" rel=\"noopener\">l\u2019arbitre a surpris tout le monde en revenant sur sa d\u00e9cision et en changeant la couleur du carton<\/a>. L\u2019OL a l\u00e9gitimement de quoi se sentir frustr\u00e9, d\u2019autant plus que le champion du monde 2018 a \u00e9t\u00e9 \u00e9vacu\u00e9 sur une civi\u00e8re apr\u00e8s cette action. Le tournant de ce derby.<\/p>\n<p>L\u2019horrible premi\u00e8re p\u00e9riode de l\u2019OL<\/p>\n<p class=\"fig-paragraph\">La mauvaise d\u00e9cision de Fran\u00e7ois Letexier sur la faute de Stassin n\u2019est pas la seule cause de la d\u00e9faite lyonnaise dans ce derby. Attendus au tournant apr\u00e8s l\u2019\u00e9limination tragique face \u00e0 Manchester United en Ligue Europa, les Gones ont pay\u00e9 tr\u00e8s cher leur premi\u00e8re p\u00e9riode catastrophique. Malmen\u00e9 d\u2019entr\u00e9e et vite men\u00e9, l\u2019OL n\u2019a jamais r\u00e9agi pendant le premier acte. Paulo Fonseca a fait des choix forts, en alignant une d\u00e9fense remani\u00e9e et en associant Mikautadze \u00e0 Lacazette devant. Les joueurs ont sembl\u00e9 perdus et n\u2019ont pas su assimiler la strat\u00e9gie de l\u2019entra\u00eeneur portugais, qui a chang\u00e9 de tactique \u00e0 plusieurs reprises dans ce match. Signe de la d\u00e9b\u00e2cle collective du soir. Sur le plan individuel, peu de Lyonnais ont r\u00e9pondu pr\u00e9sent. \u00c0 commencer par Rayan Cherki, rapidement frustr\u00e9 par la tournure des \u00e9v\u00e9nements. \u00c9tincelant ces derni\u00e8res semaines, le m\u00e9tronome de l\u2019OL est retomb\u00e9 dans ses travers.<\/p>\n<p>Akouokou seulement de passage<\/p>\n<p class=\"fig-paragraph\">Un petit tour sur la pelouse et puis s\u2019en va. Entr\u00e9 avant la demi-heure de jeu en remplacement de Tolisso, Paul Akouokou a c\u00e9d\u00e9 sa place&#8230; d\u00e8s la pause. En un gros quart d\u2019heure de pr\u00e9sence sur le pr\u00e9, le milieu de terrain de 27 ans n\u2019a strictement rien montr\u00e9 de bon. Battu par l\u2019intensit\u00e9 st\u00e9phanoise et averti d\u00e8s son entr\u00e9e, l\u2019ancien joueur du Betis Seville a surtout fait l\u2019\u00e9talage d\u2019un \u00e9norme d\u00e9chet technique (seulement 71 % de passes r\u00e9ussies). Une maladresse r\u00e9dhibitoire \u00e0 ce niveau. \u00c9galement sorti \u00e0 la pause, Jordan Veretout a montr\u00e9 ses limites du moment, au sein d\u2019un entrejeu compl\u00e8tement d\u00e9pass\u00e9.<\/p>\n","protected":false},"excerpt":{"rendered":"Lyon s\u2019est inclin\u00e9 sur la pelouse de Saint-Etienne en cl\u00f4ture de la 30e journ\u00e9e de Ligue 1 (2-1).&hellip;\n","protected":false},"author":2,"featured_media":40086,"comment_status":"","ping_status":"","sticky":false,"template":"","format":"standard","meta":{"footnotes":""},"categories":[1889],"tags":[1111,11,444,2430,525,1981,814,1777,674,2257,63,1011,27,3309,66,1307,2428,955,12,1176,978,93,25,1980],"class_list":{"0":"post-40085","1":"post","2":"type-post","3":"status-publish","4":"format-standard","5":"has-post-thumbnail","7":"category-lyon","8":"tag-actu","9":"tag-actualites","10":"tag-as-saint-etienne","11":"tag-auvergne-rhone-alpes","12":"tag-calendrier","13":"tag-classement","14":"tag-direct","15":"tag-eu","16":"tag-europe","17":"tag-foot","18":"tag-football","19":"tag-fr","20":"tag-france","21":"tag-l1","22":"tag-ligue-1","23":"tag-lille","24":"tag-lyon","25":"tag-match","26":"tag-news","27":"tag-olympique-de-marseille","28":"tag-olympique-lyonnais","29":"tag-psg","30":"tag-republique-francaise","31":"tag-resultats"},"share_on_mastodon":{"url":"https:\/\/pubeurope.com\/@fr\/114372902177082580","error":""},"_links":{"self":[{"href":"https:\/\/www.europesays.com\/fr\/wp-json\/wp\/v2\/posts\/40085","targetHints":{"allow":["GET"]}}],"collection":[{"href":"https:\/\/www.europesays.com\/fr\/wp-json\/wp\/v2\/posts"}],"about":[{"href":"https:\/\/www.europesays.com\/fr\/wp-json\/wp\/v2\/types\/post"}],"author":[{"embeddable":true,"href":"https:\/\/www.europesays.com\/fr\/wp-json\/wp\/v2\/users\/2"}],"replies":[{"embeddable":true,"href":"https:\/\/www.europesays.com\/fr\/wp-json\/wp\/v2\/comments?post=40085"}],"version-history":[{"count":0,"href":"https:\/\/www.europesays.com\/fr\/wp-json\/wp\/v2\/posts\/40085\/revisions"}],"wp:featuredmedia":[{"embeddable":true,"href":"https:\/\/www.europesays.com\/fr\/wp-json\/wp\/v2\/media\/40086"}],"wp:attachment":[{"href":"https:\/\/www.europesays.com\/fr\/wp-json\/wp\/v2\/media?parent=40085"}],"wp:term":[{"taxonomy":"category","embeddable":true,"href":"https:\/\/www.europesays.com\/fr\/wp-json\/wp\/v2\/categories?post=40085"},{"taxonomy":"post_tag","embeddable":true,"href":"https:\/\/www.europesays.com\/fr\/wp-json\/wp\/v2\/tags?post=40085"}],"curies":[{"name":"wp","href":"https:\/\/api.w.org\/{rel}","templated":true}]}}