{"id":400864,"date":"2025-09-18T21:29:15","date_gmt":"2025-09-18T21:29:15","guid":{"rendered":"https:\/\/www.europesays.com\/fr\/400864\/"},"modified":"2025-09-18T21:29:15","modified_gmt":"2025-09-18T21:29:15","slug":"a-marseille-determines-et-unis-les-pharmaciens-ont-crie-leur-colere","status":"publish","type":"post","link":"https:\/\/www.europesays.com\/fr\/400864\/","title":{"rendered":"\u00e0 Marseille, d\u00e9termin\u00e9s et unis, les pharmaciens ont cri\u00e9 leur col\u00e8re"},"content":{"rendered":"<p>Des drapeaux verts flottaient ce jeudi 18\u00a0septembre dans les rues de <a href=\"https:\/\/www.laprovence.com\/bouches-du-rhone\/marseille-13055\" target=\"_blank\" rel=\"nofollow noopener\">Marseille<\/a>. Comme les croix des officines, \u00e9teintes \u00e0 95% aux quatre coins des rues des Bouches-du-Rh\u00f4ne. <a href=\"https:\/\/www.laprovence.com\/article\/societe\/14285193687839\/18-septembre-80-a-90-des-pharmacies-seront-fermees-en-paca?id=14285193687839\" target=\"_blank\" rel=\"nofollow noopener\">\u00c0 l\u2019appel des deux syndicats de la profession<\/a> (USPO, FSPF), les pharmaciens de la r\u00e9gion (venus aussi du Vaucluse et du pays d\u2019Arles) se sont largement engag\u00e9s pour exiger le retrait du texte qui pr\u00e9voit <a href=\"https:\/\/www.laprovence.com\/article\/societe\/40057539740902\/bouches-du-rhone-les-pharmacies-en-greve-des-gardes-et-des-astreintes-des-ce-mercredi\" target=\"_blank\" rel=\"nofollow noopener\">une baisse de 40 \u00e0 30% des remises<\/a> sur les achats de m\u00e9dicaments g\u00e9n\u00e9riques. Une mesure qui menacerait de disparition un tiers des officines (6\u00a0000 \u00e0 travers l\u2019Hexagone).<\/p>\n<p><img alt=\"1 500 pharmaciens ont d\u00e9fil\u00e9 hier de la pr\u00e9fecture au Vieux-Port pour d\u00e9fendre l\u2019acc\u00e8s aux soins de proximit\u00e9.\" loading=\"lazy\" decoding=\"async\" data-nimg=\"fill\" class=\" TwicCore_img__i9TC1 undefined  undefined\" style=\"position:absolute;height:100%;width:100%;left:0;top:0;right:0;bottom:0;color:transparent;background-size:cover;background-position:50% 50%;background-repeat:no-repeat;background-image:url(&quot;data:image\/svg+xml;charset=utf-8,%3Csvg xmlns='http:\/\/www.w3.org\/2000\/svg' %3E%3Cfilter id='b' color-interpolation-filters='sRGB'%3E%3CfeGaussianBlur stdDeviation='20'\/%3E%3CfeColorMatrix values='1 0 0 0 0 0 1 0 0 0 0 0 1 0 0 0 0 0 100 -1' result='s'\/%3E%3CfeFlood x='0' y='0' width='100%25' height='100%25'\/%3E%3CfeComposite operator='out' in='s'\/%3E%3CfeComposite in2='SourceGraphic'\/%3E%3CfeGaussianBlur stdDeviation='20'\/%3E%3C\/filter%3E%3Cimage width='100%25' height='100%25' x='0' y='0' preserveAspectRatio='none' style='filter: url(%23b);' href='https:\/\/pictures.laprovence.com\/cdn-cgi\/image\/blur=250\/media\/melody\/2025\/09\/18\/1500-pharmaciens-ont-defile-hier-de-la-prefecture-au-vieux-port-pour-defendre-l-acces-aux-soins-de-p-1758217172_d446ac0a3cc861946ac0a3cc82d46av_.jpg'\/%3E%3C\/svg%3E&quot;)\"   src=\"https:\/\/www.europesays.com\/fr\/wp-content\/uploads\/2025\/09\/1500-pharmaciens-ont-defile-hier-de-la-prefecture-au-vieux-port-pour-defendre-l-acces-aux-soins-de-p.jpeg\"\/>1 500 pharmaciens ont d\u00e9fil\u00e9 hier de la pr\u00e9fecture au Vieux-Port pour d\u00e9fendre l\u2019acc\u00e8s aux soins de proximit\u00e9. \/ Photo Gilles Bader<\/p>\n<p>En blouse blanche, Marine avait sorti la panoplie de la manifestante\u00a0: gilet vert, casquette verte et m\u00e9gaphone. \u00ab\u00a0Si nous sommes aussi nombreux dans la rue c\u2019est que la situation est critique, t\u00e9moigne la jeune docteure en pharmacie. Apr\u00e8s les d\u00e9serts m\u00e9dicaux, les d\u00e9serts pharmaceutiques. La cha\u00eene de l\u2019acc\u00e8s aux soins va s\u2019\u00e9crouler.\u00a0\u00bb<\/p>\n<p>\u00ab\u00a0On a de gros cr\u00e9dits et des salaires \u00e0 payer\u00a0\u00bb<\/p>\n<p>De la pr\u00e9fecture au Vieux-Port, ils \u00e9taient 1\u00a0500 \u00e0 d\u00e9fendre sous le soleil la survie de leur maillage territorial et l\u2019acc\u00e8s aux soins pour tous\u00a0: 20\u00a0000\u00a0pharmacies en France, 2\u00a0000 en Provence-Alpes-C\u00f4te d&rsquo;Azur dont 720 dans les Bouches-du-Rh\u00f4ne. \u00ab\u00a0On a de gros cr\u00e9dits et des salaires \u00e0 payer, nous sommes inqui\u00e8tes, confiaient Delphine et Marion, titulaires associ\u00e9es. Si on r\u00e9duit nos marges, on devra revoir nos horaires, licencier et travailler \u00e0 la cha\u00eene. L\u2019humain dispara\u00eetra et on deviendra des \u00e9piciers qui font de l\u2019abattage d\u2019ordonnances\u00a0!\u00a0\u00bb<\/p>\n<p>La profession refuse la destruction de notre mod\u00e8le social quand chaque jour, environ cinq millions de personnes poussent la porte d\u2019une officine. \u00ab\u00a0Si je m\u2019associe aux syndicats, c\u2019est que l\u2019heure est grave. Le projet de l\u2019\u00c9tat est une attaque frontale qui met en p\u00e9ril notre \u00e9quilibre\u00a0\u00bb, r\u00e9sumait St\u00e9phane Pichon, pr\u00e9sident de l\u2019Ordre des pharmaciens Paca-Corse, au moment o\u00f9 le CEPS (Comit\u00e9 \u00e9conomique des produits de sant\u00e9) se r\u00e9unissait pour s\u2019accorder sur de nouvelles baisses de prix.<\/p>\n<p>\u00ab\u00a0On ira jusqu\u2019au bout\u00a0\u00bb<\/p>\n<p>\u00ab\u00a0Nous demandons le retrait imm\u00e9diat du texte et le gel des tarifs des m\u00e9dicaments. On ira jusqu\u2019au bout\u00a0: <a href=\"https:\/\/www.laprovence.com\/article\/societe\/5314668706726614\/toute-la-profession-est-desesperee-un-appel-national-a-la-fermeture-des-pharmacies-est-lance\" target=\"_blank\" rel=\"nofollow noopener\">la gr\u00e8ve des gardes et des astreintes continue<\/a> et nous fermerons entre No\u00ebl et le Jour de l\u2019An si on n\u2019est pas entendus\u00a0\u00bb, pr\u00e9venait Patrick Raymond, pr\u00e9sident de l\u2019USPO 13.<\/p>\n<p>Pour \u00e9viter que les fermetures soient d\u00e9finitives, les \u00e9tudiants se mobilisaient aussi. Parmi eux, Thomas et In\u00e8s, craignent un \u00ab\u00a0effondrement du syst\u00e8me de sant\u00e9\u00a0\u00bb. En t\u00eate de cort\u00e8ge, ils chauffaient leurs coll\u00e8gues en multipliant les slogans\u00a0: \u00ab\u00a0Lecornu retire l\u2019arr\u00eat\u00e9, les patients sont en danger\u00a0\u00bb, \u00ab\u00a0Pharmacies trahies\u00a0\u00bb, \u00ab\u00a0Ruptures, fermetures, vous soigner devient trop dur\u00a0!\u00a0\u00bb. Ensemble, ils montraient leur unit\u00e9 et d\u00e9termination. \u00ab\u00a0Chaque jour en France, une pharmacie ferme, rappelait Val\u00e9rie Ollier, pr\u00e9sidente de la FSPF 13. Si \u00e7a continue, il n\u2019y aura plus de soins de proximit\u00e9 et \u00e7a retombera sur les urgences alors que l\u2019h\u00f4pital se meurt d\u00e9j\u00e0\u2026\u00a0\u00bb<\/p>\n<p><img alt=\"Un mouvement tr\u00e8s suivi, \u00e0 l\u2019appel de l\u2019intersyndicale USPO et FSPF, soutenu par le pr\u00e9sident de l\u2019Ordre des pharmaciens Paca-Corse, St\u00e9phane Pichon.\" loading=\"lazy\" decoding=\"async\" data-nimg=\"fill\" class=\" TwicCore_img__i9TC1 undefined  undefined\" style=\"position:absolute;height:100%;width:100%;left:0;top:0;right:0;bottom:0;color:transparent;background-size:cover;background-position:50% 50%;background-repeat:no-repeat;background-image:url(&quot;data:image\/svg+xml;charset=utf-8,%3Csvg xmlns='http:\/\/www.w3.org\/2000\/svg' %3E%3Cfilter id='b' color-interpolation-filters='sRGB'%3E%3CfeGaussianBlur stdDeviation='20'\/%3E%3CfeColorMatrix values='1 0 0 0 0 0 1 0 0 0 0 0 1 0 0 0 0 0 100 -1' result='s'\/%3E%3CfeFlood x='0' y='0' width='100%25' height='100%25'\/%3E%3CfeComposite operator='out' in='s'\/%3E%3CfeComposite in2='SourceGraphic'\/%3E%3CfeGaussianBlur stdDeviation='20'\/%3E%3C\/filter%3E%3Cimage width='100%25' height='100%25' x='0' y='0' preserveAspectRatio='none' style='filter: url(%23b);' href='https:\/\/pictures.laprovence.com\/cdn-cgi\/image\/blur=250\/media\/melody\/2025\/09\/18\/un-mouvement-tres-suivi-a-l-appel-de-l-intersyndicale-uspo-et-fspf-soutenu-par-le-president-de-l-ord-1758217173_0a528d5a3cc86de528d5a3cc8c2628v_.jpg'\/%3E%3C\/svg%3E&quot;)\"   src=\"https:\/\/www.europesays.com\/fr\/wp-content\/uploads\/2025\/09\/un-mouvement-tres-suivi-a-l-appel-de-l-intersyndicale-uspo-et-fspf-soutenu-par-le-president-de-l-ord.jpeg\"\/>Un mouvement tr\u00e8s suivi, \u00e0 l\u2019appel de l\u2019intersyndicale USPO et FSPF, soutenu par le pr\u00e9sident de l\u2019Ordre des pharmaciens Paca-Corse, St\u00e9phane Pichon. \/ Photo Gilles Bader<\/p>\n<p>\u00c0 peine visibles, <a href=\"https:\/\/www.laprovence.com\/article\/region\/2800512236072114\/18-septembre-les-orthophonistes-aussi-mobilises-pour-des-mesures-immediates-et-concretes\" target=\"_blank\" rel=\"nofollow noopener\">cinq orthophonistes<\/a> souriantes et deux <a href=\"https:\/\/www.laprovence.com\/article\/societe\/1219921340903814\/les-kines-sont-meprises-la-presidente-de-l-ordre-national-alerte-sur-les-difficultes-de-la-profession\" target=\"_blank\" rel=\"nofollow noopener\">kin\u00e9s s\u2019associaient au mouvement<\/a>, revendiquant une revalorisation de leurs actes et la g\u00e9n\u00e9ralisation de l\u2019acc\u00e8s direct \u00e0 leur sp\u00e9cialit\u00e9.<\/p>\n","protected":false},"excerpt":{"rendered":"Des drapeaux verts flottaient ce jeudi 18\u00a0septembre dans les rues de Marseille. Comme les croix des officines, \u00e9teintes&hellip;\n","protected":false},"author":2,"featured_media":400865,"comment_status":"","ping_status":"","sticky":false,"template":"","format":"standard","meta":{"footnotes":""},"categories":[2814],"tags":[17,1111,11,53239,1777,674,1011,27,151,884,12,35815,882,25,395,104,14069,133],"class_list":{"0":"post-400864","1":"post","2":"type-post","3":"status-publish","4":"format-standard","5":"has-post-thumbnail","7":"category-marseille","8":"tag-17","9":"tag-actu","10":"tag-actualites","11":"tag-determines","12":"tag-eu","13":"tag-europe","14":"tag-fr","15":"tag-france","16":"tag-les","17":"tag-marseille","18":"tag-news","19":"tag-pharmaciens","20":"tag-provence-alpes-cote-dazur","21":"tag-republique-francaise","22":"tag-septembre","23":"tag-societe","24":"tag-unis","25":"tag-video"},"share_on_mastodon":{"url":"https:\/\/pubeurope.com\/@fr\/115227431157276488","error":""},"_links":{"self":[{"href":"https:\/\/www.europesays.com\/fr\/wp-json\/wp\/v2\/posts\/400864","targetHints":{"allow":["GET"]}}],"collection":[{"href":"https:\/\/www.europesays.com\/fr\/wp-json\/wp\/v2\/posts"}],"about":[{"href":"https:\/\/www.europesays.com\/fr\/wp-json\/wp\/v2\/types\/post"}],"author":[{"embeddable":true,"href":"https:\/\/www.europesays.com\/fr\/wp-json\/wp\/v2\/users\/2"}],"replies":[{"embeddable":true,"href":"https:\/\/www.europesays.com\/fr\/wp-json\/wp\/v2\/comments?post=400864"}],"version-history":[{"count":0,"href":"https:\/\/www.europesays.com\/fr\/wp-json\/wp\/v2\/posts\/400864\/revisions"}],"wp:featuredmedia":[{"embeddable":true,"href":"https:\/\/www.europesays.com\/fr\/wp-json\/wp\/v2\/media\/400865"}],"wp:attachment":[{"href":"https:\/\/www.europesays.com\/fr\/wp-json\/wp\/v2\/media?parent=400864"}],"wp:term":[{"taxonomy":"category","embeddable":true,"href":"https:\/\/www.europesays.com\/fr\/wp-json\/wp\/v2\/categories?post=400864"},{"taxonomy":"post_tag","embeddable":true,"href":"https:\/\/www.europesays.com\/fr\/wp-json\/wp\/v2\/tags?post=400864"}],"curies":[{"name":"wp","href":"https:\/\/api.w.org\/{rel}","templated":true}]}}