{"id":400868,"date":"2025-09-18T21:31:25","date_gmt":"2025-09-18T21:31:25","guid":{"rendered":"https:\/\/www.europesays.com\/fr\/400868\/"},"modified":"2025-09-18T21:31:25","modified_gmt":"2025-09-18T21:31:25","slug":"lyon-40-artistes-transforment-le-quatrieme-etage-du-centre-dechanges-de-perrache","status":"publish","type":"post","link":"https:\/\/www.europesays.com\/fr\/400868\/","title":{"rendered":"Lyon : 40 artistes transforment le quatri\u00e8me \u00e9tage du centre d&rsquo;\u00e9changes de Perrache !"},"content":{"rendered":"<p>Le festival Airt de Famille fait son retour \u00e0 Lyon. Apr\u00e8s l&rsquo;ancien si\u00e8ge de la Caisse d&rsquo;\u00e9pargne, le mus\u00e9e des Tissus et la galerie des Terreaux, c&rsquo;est un autre lieu historique qui a \u00e9t\u00e9 investi&#8230; Et compl\u00e8tement transform\u00e9.<\/p>\n<p>Saurez-vous retrouver les objets du quotidien qui ont pris place dans les \u0153uvres ?<\/p>\n<p>Pour cette <b>4e \u00e9dition du festival Airt de Famille<\/b>, pr\u00e8s de 600 objets ont \u00e9t\u00e9 collect\u00e9s aupr\u00e8s des Lyonnais. Les artistes du <b>collectif Omart<\/b> s&rsquo;en sont saisis pour les int\u00e9grer dans leur cr\u00e9ation unique. <\/p>\n<p>Cinq semaines de r\u00e9sidence plus tard, l&rsquo;exposition s&rsquo;appr\u00eate \u00e0 ouvrir ses portes au public.<\/p>\n<p>Sur les toits de Perrache<\/p>\n<p>\u00ab\u00a0C&rsquo;est une autre \u00e9tape, sourit <b>Boun Ka<\/b>. C&rsquo;est la deuxi\u00e8me fois que je participe au festival et c&rsquo;est toujours un immense plaisir. C&rsquo;est un lieu de rencontres, on \u00e9change beaucoup entre artistes.\u00a0\u00bb<\/p>\n<p>Un peu plus loin, <b>Modelaine Amblard<\/b> pr\u00e9sente sa cr\u00e9ation faite de cartons. Une ville en construction, qui symbolise le d\u00e9but et la fin des choses\u2026 \u00ab\u00a0Il y a des immeubles en construction, d&rsquo;autres qui sont termin\u00e9s et enfin des ruines\u00a0\u00bb, explique l&rsquo;artiste. <\/p>\n<tr>\n<td class=\"defaut\"><a href=\"https:\/\/www.radioscoop.com\/infos\/javascript:void(0)\" onclick=\"parent.RS.diaporama.addMedia(707889) ;\" rel=\"nofollow noopener\" target=\"_blank\"><img loading=\"lazy\" decoding=\"async\" src=\"https:\/\/www.europesays.com\/fr\/wp-content\/uploads\/2025\/09\/1758231084_416_img\" width=\"640\" height=\"480\" border=\"0\" title=\"Modelaine Amblard, devant son \u0153uvre.\"\/><\/a><\/td>\n<\/tr>\n<tr\/>Les visiteurs vont ainsi pouvoir passer d&rsquo;un univers \u00e0 l&rsquo;autre, en immersion dans les \u0153uvres dans lesquelles ont entre litt\u00e9ralement. L&rsquo;exposition s&rsquo;accompagne d&rsquo;une riche programmation, jusqu&rsquo;\u00e0 la fin novembre. <a class=\"url\" href=\"https:\/\/airtdefamille.fr\/\" target=\"_blank\" rel=\"nofollow noopener\">Toutes les infos ici !<\/a><\/p>\n<p>\u00c0 l&rsquo;issue de ce temps fort, les objets customis\u00e9s seront remis \u00e0 leurs propri\u00e9taires. Quant au centre d&rsquo;\u00e9changes de Perrache, sa transformation attendra, mais elle est bien sur les rails\u2026<\/p>\n<p><img loading=\"lazy\" decoding=\"async\" src=\"https:\/\/www.europesays.com\/fr\/wp-content\/uploads\/2025\/09\/1758231085_88_img\" width=\"350\" height=\"200\" border=\"0\" title=\"Le futur centre d'\u00c3\u00a9changes de Perrache \u00c3\u00a0 Lyon\"\/><\/p>\n<p>\u25baTransport<\/p>\n<p style=\"font-size: 22px;\"><b>[PHOTOS] Lyon : on sait quand va d\u00e9buter la grande transformation de Perrache<\/b><\/p>\n<p>La transformation du centre d&rsquo;\u00e9changes Lyon Perrache&#8230;<\/p>\n<p><\/p>\n","protected":false},"excerpt":{"rendered":"Le festival Airt de Famille fait son retour \u00e0 Lyon. Apr\u00e8s l&rsquo;ancien si\u00e8ge de la Caisse d&rsquo;\u00e9pargne, le&hellip;\n","protected":false},"author":2,"featured_media":400869,"comment_status":"","ping_status":"","sticky":false,"template":"","format":"standard","meta":{"footnotes":""},"categories":[1889],"tags":[1111,11,53240,2430,1777,674,3293,1011,27,2428,12,51111,5274,25],"class_list":{"0":"post-400868","1":"post","2":"type-post","3":"status-publish","4":"format-standard","5":"has-post-thumbnail","7":"category-lyon","8":"tag-actu","9":"tag-actualites","10":"tag-aort-de-famille","11":"tag-auvergne-rhone-alpes","12":"tag-eu","13":"tag-europe","14":"tag-exposition","15":"tag-fr","16":"tag-france","17":"tag-lyon","18":"tag-news","19":"tag-omart","20":"tag-perrache","21":"tag-republique-francaise"},"share_on_mastodon":{"url":"https:\/\/pubeurope.com\/@fr\/115227439409141664","error":""},"_links":{"self":[{"href":"https:\/\/www.europesays.com\/fr\/wp-json\/wp\/v2\/posts\/400868","targetHints":{"allow":["GET"]}}],"collection":[{"href":"https:\/\/www.europesays.com\/fr\/wp-json\/wp\/v2\/posts"}],"about":[{"href":"https:\/\/www.europesays.com\/fr\/wp-json\/wp\/v2\/types\/post"}],"author":[{"embeddable":true,"href":"https:\/\/www.europesays.com\/fr\/wp-json\/wp\/v2\/users\/2"}],"replies":[{"embeddable":true,"href":"https:\/\/www.europesays.com\/fr\/wp-json\/wp\/v2\/comments?post=400868"}],"version-history":[{"count":0,"href":"https:\/\/www.europesays.com\/fr\/wp-json\/wp\/v2\/posts\/400868\/revisions"}],"wp:featuredmedia":[{"embeddable":true,"href":"https:\/\/www.europesays.com\/fr\/wp-json\/wp\/v2\/media\/400869"}],"wp:attachment":[{"href":"https:\/\/www.europesays.com\/fr\/wp-json\/wp\/v2\/media?parent=400868"}],"wp:term":[{"taxonomy":"category","embeddable":true,"href":"https:\/\/www.europesays.com\/fr\/wp-json\/wp\/v2\/categories?post=400868"},{"taxonomy":"post_tag","embeddable":true,"href":"https:\/\/www.europesays.com\/fr\/wp-json\/wp\/v2\/tags?post=400868"}],"curies":[{"name":"wp","href":"https:\/\/api.w.org\/{rel}","templated":true}]}}