{"id":40087,"date":"2025-04-20T23:32:09","date_gmt":"2025-04-20T23:32:09","guid":{"rendered":"https:\/\/www.europesays.com\/fr\/40087\/"},"modified":"2025-04-20T23:32:09","modified_gmt":"2025-04-20T23:32:09","slug":"quelles-perturbations-prevoir-avec-la-ratp-et-la-sncf-cette-semaine-4","status":"publish","type":"post","link":"https:\/\/www.europesays.com\/fr\/40087\/","title":{"rendered":"Quelles perturbations pr\u00e9voir avec la RATP et la SNCF cette semaine\u00a0?"},"content":{"rendered":"<p>Si vous prenez les transports en commun dans la capitale et en \u00cele-de-France, consultez les changements qui seront \u00e0 pr\u00e9voir cette semaine, entre le lundi\u00a021 et le dimanche 27\u00a0avril 2025. La ligne L du Transilien sera la plus touch\u00e9e, mais \u00e9galement le RER et Tramway. Voici l\u2019essentiel des perturbations en cette deuxi\u00e8me semaine de vacances de P\u00e2ques.<\/p>\n<p>M\u00e9tro<\/p>\n<ul>\n<li>Ligne 5\u00a0: du lundi\u00a021 au mercredi 23\u00a0avril, le trafic sera interrompu entre Bastille et Place d\u2019Italie (travaux). Des bus de substitution seront mis en place.<\/li>\n<li>Ligne 6\u00a0: Du samedi\u00a026 au dimanche 27\u00a0avril, le trafic est interrompu entre Trocad\u00e9ro et Charles de Gaulle \u2013 Etoile (travaux). Des bus de substitution seront mis en place.<\/li>\n<li>Ligne 10\u00a0: du lundi\u00a021 au jeudi 24\u00a0avril, d\u00e8s 22 heures, le trafic sera interrompu sur l\u2019ensemble de la ligne (travaux). Des bus de substitution seront mis en place.<\/li>\n<li>Ligne 12\u00a0: le samedi 27\u00a0avril d\u00e8s 22 heures, le trafic est interrompu sur l\u2019ensemble de la ligne (travaux). Des bus de substitution seront mis en place.<\/li>\n<li>Ligne 14\u00a0: du lundi\u00a021 au mardi 22\u00a0avril, d\u00e8s 22 heures, le trafic sera interrompu entre Maison Blanche et Saint-Denis \u2013 Pleyel (travaux). Des bus de substitution seront mis en place entre Gare de Lyon et Olympiades. Le 23 avril, d\u00e8s 22 heures, le trafic sera interrompu sur l\u2019ensemble de la ligne (travaux). Des bus de substitution seront mis en place.<\/li>\n<\/ul>\n<p>RER<\/p>\n<ul>\n<li>RER A\u00a0: Du mardi 22\u00a0avril au vendredi 25\u00a0avril, d\u00e8s 22h15, le trafic est interrompu entre Sartrouville et Cergy-Le Haut par Poissy (travaux). Le lundi 21\u00a0avril, d\u00e8s 22h15, le trafic est interrompu entre Maisons-Laffitte et Poissy (travaux). Des bus de substitution seront mis en place.<\/li>\n<li><a href=\"https:\/\/www.20minutes.fr\/dossier\/rer_b\" class=\"color-ultramarine c-link\" target=\"_blank\" rel=\"noopener\">RER B<\/a>\u00a0: le lundi 21\u00a0avril, le trafic sera interrompu entre Aulnay-sous-Bois et A\u00e9roport CDG (travaux). \u200b\u200b\u200b\u200b\u200b\u200bL\u2019offre de transport est r\u00e9duite. Changement de train n\u00e9cessaire en Gare du Nord, entre les voies souterraines et les voies de surface. Du mardi 22\u00a0avril au vendredi 25\u00a0avril, d\u00e8s 22h45, le trafic est interrompu entre Ch\u00e2telet \u2013 Les Halles et Mitry \u2013 Claye par A\u00e9roport <a href=\"https:\/\/www.20minutes.fr\/dossier\/charles_de_gaulle\" class=\"color-ultramarine c-link\" target=\"_blank\" rel=\"noopener\">Charles de Gaulle<\/a> 2 \u2013 <a href=\"https:\/\/www.20minutes.fr\/dossier\/tgv\" class=\"color-ultramarine c-link\" target=\"_blank\" rel=\"noopener\">TGV<\/a>. Des bus de substitution seront mis en place.<\/li>\n<li>RER C\u00a0: du lundi\u00a021 au dimanche 27\u00a0avril, l\u2019arr\u00eat n\u2019est pas desservi \u00e0 Issy en raison de mesures de s\u00e9curit\u00e9. Le lundi 21\u00a0avril jusqu\u2019\u00e0 17h. Trafic interrompu entre Juvisy \u2013 Dourdan\/Saint-Martin d\u2019\u00c9tampes (travaux). Des bus de substitution seront mis en place. Le samedi\u00a026 et dimanche 27\u00a0avril, le trafic sera interrompu entre Massy Palaiseau et Pont de Rungis (travaux). Des bus de substitution seront mis en place. Le samedi\u00a026 et dimanche 27\u00a0avril d\u00e8s 23h45, le trafic sera interrompu entre Paris Austerlitz et Dourdan\/Saint-Martin d\u2019Etampes (travaux). Du lundi\u00a021 au vendredi 25\u00a0avril d\u00e8s 23h30, le trafic est interrompu entre Versailles Ch\u00e2teau Rive Gauche et Javel (travaux). Lundi 21\u00a0avril, d\u00e8s 23h45, le trafic est interrompu entre Paris Austerlitz et Dourdan\/Saint-Martin d\u2019Etampes (travaux). Lundi 21\u00a0avril, d\u00e8s 23h50, le trafic est interrompu des Invalides vers Versailles Ch\u00e2teau Rive Gauche (travaux). Du mardi\u00a022 au vendredi 25\u00a0avril, d\u00e8s 23h, le trafic est interrompu entre Paris Austerlitz et Juvisy en raison de travaux. Du mardi\u00a022 au vendredi 25\u00a0avril, d\u00e8s 23h, le trafic est interrompu entre Av Henri Martin et Montigny Beauchamp\/Pontoise (travaux). Du lundi au vendredi 25\u00a0avril d\u00e8s 23h, le trafic est interrompu entre Paris Austerlitz et Pont de Rungis (travaux). Du lundi\u00a021 au vendredi 25\u00a0avril, d\u00e8s 23h30, le trafic sera interrompu entre Saint Quentin en Yvelines et Javel\/Montigny le Bretonneux (travaux). Du lundi\u00a021 au vendredi\u00a025, d\u00e8s 23h30, le trafic est interrompu entre Javel et Saint Quentin en <a href=\"https:\/\/www.20minutes.fr\/societe\/yvelines\/\" class=\"color-ultramarine c-link\" target=\"_blank\" rel=\"noopener\">Yvelines<\/a> (travaux).<\/li>\n<li><a href=\"https:\/\/www.20minutes.fr\/dossier\/rer_d\" class=\"color-ultramarine c-link\" target=\"_blank\" rel=\"noopener\">RER D<\/a>\u00a0: le lundi 21\u00a0avril 2025. Le trafic sera interrompu entre Paris Gare de Lyon et Paris Gare du Nord. A noter\u00a0: \u2013 Les trains circulent au d\u00e9part de Paris Gare du Nord surface sur les voies 20 et 21. \u2013 La gare de Stade de France n\u2019est pas desservie (travaux). Du lundi\u00a021 au vendredi 25\u00a0avril, d\u00e8s 23h20, le trafic sera interrompu. Trafic interrompu entre Paris Gare du Nord et Creil d\u00e8s 23h35 (sauf jours f\u00e9ri\u00e9s) (travaux). Des bus de substitution seront mis en place. Du lundi\u00a021 au vendredi 25\u00a0avril, les trains ne marquent pas l\u2019arr\u00eat \u00e0 Maisons-Alfort, Vert de Maisons, Cr\u00e9teil Pompadour et Villeneuve-Triage (travaux). Des bus de substitution seront mis en place. Du lundi\u00a021 au vendredi 25\u00a0avril d\u00e8s 23h20, le trafic est interrompu entre Gare du Nord et Creil (travaux). La nuit du 26\u00a0avril d\u00e8s 00h30 au 27\u00a0avril, le trafic sera interrompu entre Paris Gare de Lyon et Villeneuve Saint Georges (travaux). Les samedi\u00a026 et dimanche 27\u00a0avril 2025, le trafic sera interrompu entre Creil et Goussainville (travaux). Des bus de substitution seront mis en place, avec desserte des gares interm\u00e9diaires. Les samedi\u00a026 et dimanche 27\u00a0avril, de 23h59 \u00e0 5h25, le trafic est interrompu entre Gare de Lyon et Villeneuve-Saint-Georges (travaux).<\/li>\n<li>RER E\u00a0: du lundi\u00a021 au vendredi 25\u00a0avril \u00e0 partir de 22h45, le trafic sera interrompu entre Nanterre-La-Folie et Chelles \u2013 Gournay en raison de travaux. Le dimanche 27\u00a0avril d\u00e8s 22h45, le trafic est interrompu sur l\u2019ensemble de la ligne (travaux).<\/li>\n<\/ul>\n<p>Transilien<\/p>\n<ul>\n<li>Ligne H\u00a0: du lundi\u00a021 au vendredi 25\u00a0avril, le trafic sera interrompu entre Paris Gare du Nord et Persan \u2013 Beaumont via Montsoult \u2013 Maffliers. Dernier d\u00e9part 22h34 (travaux). Le trafic est interrompu entre Paris Gare du Nord et Luzarches, \u00e0 partir de 21h50, d\u00e8s 21h50 (travaux). Des bus de substitution seront mis en place. Du lundi\u00a021 au vendredi 25\u00a0avril, le trafic sera interrompu entre Paris Nord et <a href=\"https:\/\/www.20minutes.fr\/dossier\/pontoise\" class=\"color-ultramarine c-link\" target=\"_blank\" rel=\"noopener\">Pontoise<\/a> d\u00e8s 22h40. Des bus de substitution seront mis en place.<\/li>\n<li>Ligne K\u00a0: le lundi 21\u00a0avril, le trafic sera interrompu entre Paris Gare du Nord et <a href=\"https:\/\/www.20minutes.fr\/economie\/aulnay\/\" class=\"color-ultramarine c-link\" target=\"_blank\" rel=\"noopener\">Aulnay-sous-Bois<\/a>. Le dernier train de 18h07 partira de Cr\u00e9py-en-Valois.<\/li>\n<li>Ligne L\u00a0: du lundi\u00a021 au vendredi 25\u00a0avril, d\u00e8s 22h, le trafic sera interrompu entre B\u00e9con les Bruy\u00e8res et Nanterre Universit\u00e9\/Maisons-Laffitte. Des bus de substitution seront mis en place entre B\u00e9con les Bruy\u00e8res et Sartrouville. Du lundi\u00a021 au vendredi 25\u00a0avril d\u00e8s 21h15, le trafic sera interrompu entre Saint-Cloud et Versailles Rive Droite\/Saint-Nom la Bret\u00e8che (travaux). Des bus de substitution seront mis en place entre Saint-Cloud et Versailles Rive Droite et entre Saint-Cloud et Saint-Nom la Bret\u00e8che.<\/li>\n<li>Ligne N\u00a0: le lundi 21\u00a0avril, d\u00e8s 15h45, le trafic sera interrompu entre Paris Montparnasse et Versailles Chantiers (travaux). Le samedi\u00a026 et dimanche 27\u00a0avril, le trafic sera interrompu entre Paris Montparnasse et Versailles Chantiers (travaux). Le samedi\u00a026 et dimanche 27\u00a0avril, le trafic sera interrompu entre Paris Montparnasse et <a href=\"https:\/\/www.20minutes.fr\/dossier\/rambouillet\" class=\"color-ultramarine c-link\" target=\"_blank\" rel=\"noopener\">Rambouillet<\/a>. Du lundi\u00a021 au vendredi 25\u00a0avril, d\u00e8s 22h, le trafic sera interrompu entre Paris Montparnasse et Plaisir \u2013 Grignon en raison de travaux. Des bus de substitution seront mis en place. Le lundi 21\u00a0avril d\u00e8s 21h, le trafic sera interrompu entre Paris Montparnasse et Dreux (travaux). Le lundi 21\u00a0avril de 21h30 jusqu\u2019\u00e0 fin de service, le trafic sera interrompu de Plaisir \u2013 Grignon vers Mantes-la-Jolie (travaux). Le lundi 21\u00a0avril d\u00e8s 22h00, le trafic sera interrompu entre Paris Montparnasse et Plaisir \u2013 Grignon. Dans la nuit du lundi\u00a021 au mardi 22\u00a0avril 2025, le trafic sera interrompu de Paris Montparnasse vers Versailles Chantiers d\u00e8s 00h35. Du mardi\u00a022 au vendredi 25\u00a0avril, le trafic sera interrompu de Montparnasse vers Mantes-la-Jolie. Des bus de substitution seront mis en place.<\/li>\n<li>Ligne P\u00a0: le samedi\u00a026 et dimanche 27\u00a0avril, le trafic sera interrompu entre Gare de l\u2019Est et Meaux (travaux) et entre Gare de l\u2019Est et Coulommiers (travaux). Des bus de substitution seront mis en place. Le samedi\u00a026 et dimanche 27\u00a0avril d\u00e8s 22h30, le trafic sera interrompu sur l\u2019ensemble (travaux). Du lundi\u00a021 au vendredi\u00a025 d\u00e8s 22h15, le trafic sera interrompu entre Gare de l\u2019Est et Coulommiers (travaux). Le trafic sera interrompu entre Gare de l\u2019Est et Meaux (travaux), d\u00e8s 22h50 le samedi et dimanche, et d\u00e8s 22h20 du lundi au vendredi. Du lundi\u00a021 au vendredi 25\u00a0avril, d\u00e8s 22h, le trafic sera interrompu entre Gare de l\u2019Est et Ch\u00e2teau-Thierry (travaux). Du lundi\u00a021 au vendredi 25\u00a0avril, \u00e0 partir de 21h45, le trafic sera interrompu entre Gare de l\u2019Est et Provins (travaux). Le samedi\u00a026 et dimanche 27\u00a0avril, le trafic est interrompu entre Paris-Est et Ch\u00e2teau-Thierry (travaux). Des bus de substitution seront mis en place.<\/li>\n<li>Ligne R\u00a0: du lundi\u00a021 au vendredi 25\u00a0avril d\u00e8s 22h44, le trafic sera interrompu entre Melun et Montereau via Moret \u2013 Veneux-les-Sablons, et entre Melun et Montargis (travaux). Du lundi\u00a021 au vendredi 25\u00a0avril, le trafic sera interrompu entre Melun et Montargis et entre Melun et Montereau d\u00e8s 23h45. Dans la nuit du 26 au 27\u00a0avril, le trafic sera interrompu entre Paris <a href=\"https:\/\/www.20minutes.fr\/dossier\/gare_de_lyon\" class=\"color-ultramarine c-link\" target=\"_blank\" rel=\"noopener\">Gare de Lyon<\/a> et Villeneuve Saint Georges de 0h25 \u00e0 5h25.<\/li>\n<li>Ligne U\u00a0: le mardi, jeudi et vendredi d\u00e8s 22h00, le trafic est interrompu sur l\u2019ensemble de la ligne (travaux).<\/li>\n<li>Ligne V\u00a0: le samedi\u00a026 et dimanche 27\u00a0avril, le trafic est interrompu sur l\u2019ensemble de la ligne (travaux). Des bus de substitution seront mis en place.<\/li>\n<\/ul>\n<p>Tramway<\/p>\n<ul>\n<li>T1\u00a0: du lundi\u00a021 au samedi 26\u00a0avril, le trafic est interrompu entre Asni\u00e8res \u2013 Quatre Routes et Les Courtilles (travaux). Le lundi 21\u00a0avril, le trafic sera interrompu entre Gare de Noisy-le-Sec et Escadrille Normandie-Ni\u00e9men (travaux). Des bus de substitution seront mis en place.<\/li>\n<li>T2\u00a0: du lundi\u00a021 au samedi 26\u00a0avril, le trafic sera interrompu entre Porte de Versailles et Suzanne Lenglen (travaux).<\/li>\n<li>T12\u00a0: le samedi 26\u00a0avril et dimanche 27\u00a0avril, le trafic sera interrompu entre Massy-Palaiseau et Epinay-sur-Orge dans les deux sens (travaux). Un service de bus de remplacement est mis en place du premier au dernier tramway.<\/li>\n<li>T14\u00a0: Le jeudi 24\u00a0avril, le trafic sera interrompu sur toute la ligne T14 d\u00e8s 21h.<\/li>\n<\/ul>\n","protected":false},"excerpt":{"rendered":"Si vous prenez les transports en commun dans la capitale et en \u00cele-de-France, consultez les changements qui seront&hellip;\n","protected":false},"author":2,"featured_media":40088,"comment_status":"","ping_status":"","sticky":false,"template":"","format":"standard","meta":{"footnotes":""},"categories":[1592],"tags":[1111,11,1777,674,1011,27,662,12,626,1306,25,12396,2215],"class_list":{"0":"post-40087","1":"post","2":"type-post","3":"status-publish","4":"format-standard","5":"has-post-thumbnail","7":"category-ile-de-france","8":"tag-actu","9":"tag-actualites","10":"tag-eu","11":"tag-europe","12":"tag-fr","13":"tag-france","14":"tag-ile-de-france","15":"tag-news","16":"tag-paris","17":"tag-regions","18":"tag-republique-francaise","19":"tag-rer","20":"tag-sncf"},"share_on_mastodon":{"url":"https:\/\/pubeurope.com\/@fr\/114372905721449535","error":""},"_links":{"self":[{"href":"https:\/\/www.europesays.com\/fr\/wp-json\/wp\/v2\/posts\/40087","targetHints":{"allow":["GET"]}}],"collection":[{"href":"https:\/\/www.europesays.com\/fr\/wp-json\/wp\/v2\/posts"}],"about":[{"href":"https:\/\/www.europesays.com\/fr\/wp-json\/wp\/v2\/types\/post"}],"author":[{"embeddable":true,"href":"https:\/\/www.europesays.com\/fr\/wp-json\/wp\/v2\/users\/2"}],"replies":[{"embeddable":true,"href":"https:\/\/www.europesays.com\/fr\/wp-json\/wp\/v2\/comments?post=40087"}],"version-history":[{"count":0,"href":"https:\/\/www.europesays.com\/fr\/wp-json\/wp\/v2\/posts\/40087\/revisions"}],"wp:featuredmedia":[{"embeddable":true,"href":"https:\/\/www.europesays.com\/fr\/wp-json\/wp\/v2\/media\/40088"}],"wp:attachment":[{"href":"https:\/\/www.europesays.com\/fr\/wp-json\/wp\/v2\/media?parent=40087"}],"wp:term":[{"taxonomy":"category","embeddable":true,"href":"https:\/\/www.europesays.com\/fr\/wp-json\/wp\/v2\/categories?post=40087"},{"taxonomy":"post_tag","embeddable":true,"href":"https:\/\/www.europesays.com\/fr\/wp-json\/wp\/v2\/tags?post=40087"}],"curies":[{"name":"wp","href":"https:\/\/api.w.org\/{rel}","templated":true}]}}