{"id":400870,"date":"2025-09-18T21:32:15","date_gmt":"2025-09-18T21:32:15","guid":{"rendered":"https:\/\/www.europesays.com\/fr\/400870\/"},"modified":"2025-09-18T21:32:15","modified_gmt":"2025-09-18T21:32:15","slug":"manifestation-a-lyon-un-journaliste-et-des-policiers-blesses-lors-daffrontements-18-09-2025-a-2250","status":"publish","type":"post","link":"https:\/\/www.europesays.com\/fr\/400870\/","title":{"rendered":"Manifestation \u00e0 Lyon: un journaliste et des policiers bless\u00e9s lors d&rsquo;affrontements &#8211; 18\/09\/2025 \u00e0 22:50"},"content":{"rendered":"<p>        <img fetchpriority=\"high\" decoding=\"async\" src=\"https:\/\/www.europesays.com\/fr\/wp-content\/uploads\/2025\/09\/171e081d6aae03c3e959f7886ca739bd-760x507.jpg\" alt=\"Un journaliste bless\u00e9 de France TV (au centre en bas) est examin\u00e9 par des secouristes lors de manifestations \u00e0 Lyon, le 18 septembre 2025 ( AFP \/ OLIVIER CHASSIGNOLE )\" loading=\"eager\" width=\"760\" height=\"507\" style=\"max-width: 100%!important; height: auto;\"\/><\/p>\n<p class=\"c-image-news__legend\">Un journaliste bless\u00e9 de France TV (au centre en bas) est examin\u00e9 par des secouristes lors de manifestations \u00e0 Lyon, le 18 septembre 2025 ( AFP \/ OLIVIER CHASSIGNOLE )<\/p>\n<p>\n Un journaliste de France TV et deux policiers ont \u00e9t\u00e9 bless\u00e9s \u00e0 Lyon jeudi \u00e0 la mi-journ\u00e9e lors de heurts entre forces de l&rsquo;ordre et un groupe de jeunes masqu\u00e9s, en t\u00eate de la manifestation contre l&rsquo;aust\u00e9rit\u00e9, selon la pr\u00e9fecture et des journalistes de l&rsquo;AFP.\n<\/p>\n<p>\n Les incidents ont d\u00e9but\u00e9 environ une heure et demie apr\u00e8s le d\u00e9but de la manifestation, partie en fin de matin\u00e9e. Hormis quelques heurts en t\u00eate de cort\u00e8ge, l&rsquo;essentiel de la manifestation, qui a rassembl\u00e9 entre 14.000 et 20.000 participants selon les chiffres de la police et des syndicats, s&rsquo;est d\u00e9roul\u00e9e dans le calme.\n<\/p>\n<\/p>\n<p>\n Selon des journalistes de l&rsquo;AFP sur place, vers 12H30, les forces de l&rsquo;ordre ont fait un usage important de gaz lacrymog\u00e8ne et de quelques grenades de d\u00e9sencerclement pour r\u00e9pondre \u00e0 des jets de projectiles venant de manifestants masqu\u00e9s et v\u00eatus de noir plac\u00e9s en t\u00eate du cort\u00e8ge.\n<\/p>\n<p>\n Selon la pr\u00e9fecture il y a eu de \u00ab\u00a0tr\u00e8s nombreux jets de projectiles et tirs de mortiers (d&rsquo;artifice) sur les forces de l&rsquo;ordre\u00a0\u00bb r\u00e9alis\u00e9s depuis \u00ab\u00a0le pr\u00e9-cort\u00e8ge compos\u00e9 de nombreux individus \u00e0 risque qui emp\u00each(ait) les syndicats d&rsquo;avancer\u00a0\u00bb.\n<\/p>\n<p>\n Lors des incidents, un journaliste de France T\u00e9l\u00e9vision a \u00e9t\u00e9 bless\u00e9 au dos, sa chemise d\u00e9chir\u00e9e, selon un journaliste de l&rsquo;AFP. \u00ab\u00a0Nous ne savons pas s&rsquo;il s&rsquo;agit d&rsquo;un tir de mortier (d&rsquo;artifice) ou d&rsquo;une grenade (des forces de l&rsquo;ordre). Il a des br\u00fblures superficielles et des acouph\u00e8nes. Il est amen\u00e9 \u00e0 l&rsquo;h\u00f4pital\u00a0\u00bb, a pr\u00e9cis\u00e9 France TV \u00e0 l&rsquo;AFP.\n<\/p>\n<p>\n Le SNJ (Syndicat national des journalistes) de France T\u00e9l\u00e9visions a demand\u00e9, dans un communiqu\u00e9, une enqu\u00eate pour \u00ab\u00a0d\u00e9terminer l&rsquo;origine du tir qui a atteint notre confr\u00e8re\u00a0\u00bb, pr\u00e9cisant que l&rsquo;\u00e9quipe de reportage \u00ab\u00a0tr\u00e8s choqu\u00e9e\u00a0\u00bb \u00e9tait accompagn\u00e9e de deux agents de s\u00e9curit\u00e9.\n<\/p>\n<p>\n Deux policiers ont par ailleurs \u00e9t\u00e9 bless\u00e9s, dont l&rsquo;un a \u00ab\u00a0perdu une dent\u00a0\u00bb \u00e0 la suite d&rsquo;un jet de projectile, selon la pr\u00e9fecture.\n<\/p>\n<p>\n Le cort\u00e8ge a ensuite repris sa marche peu apr\u00e8s 13h00, jusqu&rsquo;\u00e0 l&rsquo;arriv\u00e9e de la manifestation place Bellecour, avec toutefois encore des jets de mortiers d&rsquo;artifice contre la police et de gaz lacrymog\u00e8ne.\n<\/p>\n<p>\n A l&rsquo;issue de cette manifestation, la pr\u00e9fecture a indiqu\u00e9 que trois personnes ont \u00e9t\u00e9 interpell\u00e9es pour \u00ab\u00a0des jets de projectiles ou tentatives de blocages\u00a0\u00bb.\n<\/p>\n<p>\n Plusieurs heures apr\u00e8s, en d\u00e9but de soir\u00e9e, les forces de l&rsquo;ordre sont intervenues pour disperser un cort\u00e8ge de 250 personnes issu d&rsquo;un rassemblement non d\u00e9clar\u00e9 dans le 8e arrondissement de Lyon. Sept personnes ont \u00e9t\u00e9 interpell\u00e9es et deux policiers bless\u00e9s, selon la pr\u00e9fecture.<\/p>\n","protected":false},"excerpt":{"rendered":"Un journaliste bless\u00e9 de France TV (au centre en bas) est examin\u00e9 par des secouristes lors de manifestations&hellip;\n","protected":false},"author":2,"featured_media":400871,"comment_status":"","ping_status":"","sticky":false,"template":"","format":"standard","meta":{"footnotes":""},"categories":[1889],"tags":[400,1111,11,2430,398,408,405,1777,674,1011,27,403,402,399,2428,404,12,25,401,406,407],"class_list":{"0":"post-400870","1":"post","2":"type-post","3":"status-publish","4":"format-standard","5":"has-post-thumbnail","7":"category-lyon","8":"tag-action-cac-40","9":"tag-actu","10":"tag-actualites","11":"tag-auvergne-rhone-alpes","12":"tag-bourse-de-paris","13":"tag-boursorama","14":"tag-cotations","15":"tag-eu","16":"tag-europe","17":"tag-fr","18":"tag-france","19":"tag-indices-devises","20":"tag-investir","21":"tag-investissement","22":"tag-lyon","23":"tag-marche-boursier","24":"tag-news","25":"tag-republique-francaise","26":"tag-sicav","27":"tag-trackers","28":"tag-warrants"},"share_on_mastodon":{"url":"https:\/\/pubeurope.com\/@fr\/115227442767854936","error":""},"_links":{"self":[{"href":"https:\/\/www.europesays.com\/fr\/wp-json\/wp\/v2\/posts\/400870","targetHints":{"allow":["GET"]}}],"collection":[{"href":"https:\/\/www.europesays.com\/fr\/wp-json\/wp\/v2\/posts"}],"about":[{"href":"https:\/\/www.europesays.com\/fr\/wp-json\/wp\/v2\/types\/post"}],"author":[{"embeddable":true,"href":"https:\/\/www.europesays.com\/fr\/wp-json\/wp\/v2\/users\/2"}],"replies":[{"embeddable":true,"href":"https:\/\/www.europesays.com\/fr\/wp-json\/wp\/v2\/comments?post=400870"}],"version-history":[{"count":0,"href":"https:\/\/www.europesays.com\/fr\/wp-json\/wp\/v2\/posts\/400870\/revisions"}],"wp:featuredmedia":[{"embeddable":true,"href":"https:\/\/www.europesays.com\/fr\/wp-json\/wp\/v2\/media\/400871"}],"wp:attachment":[{"href":"https:\/\/www.europesays.com\/fr\/wp-json\/wp\/v2\/media?parent=400870"}],"wp:term":[{"taxonomy":"category","embeddable":true,"href":"https:\/\/www.europesays.com\/fr\/wp-json\/wp\/v2\/categories?post=400870"},{"taxonomy":"post_tag","embeddable":true,"href":"https:\/\/www.europesays.com\/fr\/wp-json\/wp\/v2\/tags?post=400870"}],"curies":[{"name":"wp","href":"https:\/\/api.w.org\/{rel}","templated":true}]}}