{"id":400878,"date":"2025-09-18T21:37:11","date_gmt":"2025-09-18T21:37:11","guid":{"rendered":"https:\/\/www.europesays.com\/fr\/400878\/"},"modified":"2025-09-18T21:37:11","modified_gmt":"2025-09-18T21:37:11","slug":"apres-son-retour-gagnant-a-lolympia-la-chanteuse-alizee-annonce-une-tournee-des-septembre-2026","status":"publish","type":"post","link":"https:\/\/www.europesays.com\/fr\/400878\/","title":{"rendered":"Apr\u00e8s son retour gagnant \u00e0 l\u2019Olympia, la chanteuse Aliz\u00e9e annonce une tourn\u00e9e d\u00e8s septembre\u00a02026"},"content":{"rendered":"<p class=\"paragraph text_align_left lp-f-body-02\">Le 8 septembre dernier, au lendemain de son retour sur sc\u00e8ne \u00e0 Paris apr\u00e8s 21 ans, on avait pu \u00e9changer avec Aliz\u00e9e. \u00c0 la question d\u2019une envie retrouv\u00e9e de remonter sur sc\u00e8ne, apr\u00e8s <a href=\"https:\/\/www.leparisien.fr\/culture-loisirs\/musique\/alizee-cest-une-icone-les-fans-de-la-chanteuse-en-delire-pour-son-retour-a-lolympia-09-09-2025-PNKO34335FDDRDPWSZBOZUEYSE.php\" target=\"_blank\" rel=\"noreferrer nofollow noopener\">ces deux Olympia qu\u2019elle s\u2019offrait<\/a> pour c\u00e9l\u00e9brer les 25 ans de son tube \u00ab Moi\u2026 Lolita \u00bb, la chanteuse avait laiss\u00e9 planer le doute sur d\u2019autres dates \u00e0 venir. \u00ab Pour les concerts, je ne veux pas dire oui pour d\u00e9cevoir ensuite, ni non pour ne pas fermer la porte, mais ce que je peux dire c\u2019est qu\u2019on a un A g\u00e9ant, qu\u2019on a fabriqu\u00e9 pour cet Olympia, et qu\u2019on a envie de s\u2019en servir encore \u00bb.<\/p>\n<p class=\"paragraph text_align_left lp-f-body-02\">Le doute n\u2019en \u00e9tait pas vraiment un, mais elle le l\u00e8ve tout \u00e0 fait ce jeudi en annon\u00e7ant dans un communiqu\u00e9 \u00ab 25 ans d\u00e9j\u00e0 ! \u00bb, une mini-tourn\u00e9e de huit dates de concert l\u2019an prochain, du 5 au 26 septembre 2026, en France et en Belgique.<\/p>\n<p class=\"paragraph text_align_left lp-f-body-02\">Elle d\u00e9butera chez elle, \u00e0 Ajaccio (le 5 septembre), avant de passer \u00e0 Marseille (le 10), Montpellier (11), Lyon (12), Bordeaux (18), Li\u00e8ge (24), Lille (25) et Strasbourg (26). La billetterie ouvrira la semaine prochaine, le vendredi 26 septembre 2025 \u00e0 10 heures.<\/p>\n<p class=\"paragraph text_align_left lp-f-body-02\">Vingt-cinq ans apr\u00e8s avoir \u00e9t\u00e9 lanc\u00e9e par <a href=\"https:\/\/www.leparisien.fr\/culture-loisirs\/musique\/mylene-farmer\/\" rel=\"nofollow noopener\" target=\"_blank\">Myl\u00e8ne Farmer<\/a> et Laurent Boutonnat, duo avec lequel elle a cr\u00e9\u00e9 ses deux premiers albums aux singles \u00e9coul\u00e9s par millions, la Lolita devenue maman n\u2019a pas \u00e9t\u00e9 oubli\u00e9e par ses fans comme on a pu le constater sur place le 7 septembre dernier.<\/p>\n<p>Et maintenant un album ?<\/p>\n<p class=\"paragraph text_align_left lp-f-body-02\">Chanteuse doudou, \u00ab ic\u00f4ne \u00bb d\u2019une enfance r\u00e9volue et d\u2019une insouciance qu\u2019on vient retrouver, celle qui a gagn\u00e9 <a href=\"https:\/\/www.leparisien.fr\/culture-loisirs\/tv\/danse-avec-les-stars\/\" rel=\"nofollow noopener\" target=\"_blank\">\u00ab Danse avec les stars \u00bb<\/a> en 2013 avec <a href=\"https:\/\/www.leparisien.fr\/faits-divers\/ajaccio-le-danseur-gregoire-lyonnet-mari-dalizee-agresse-par-un-fan-de-la-chanteuse-10-01-2024-2AWIC34G65D4VAFL4QTGYR773Y.php\" rel=\"nofollow noopener\" target=\"_blank\">Gr\u00e9goire Lyonnet<\/a> &#8211; devenu depuis son mari et p\u00e8re de sa seconde fille, Maggy, et avec qui elle a ouvert un studio de danse en Corse \u2013 avait offert une soir\u00e9e g\u00e9n\u00e9reuse et festive devant un public fervent.<\/p>\n<p class=\"paragraph text_align_left lp-f-body-02\">Jusqu\u2019ici, elle s\u2019\u00e9tait \u00e9loign\u00e9e de la chanson en dehors de sa participation r\u00e9guli\u00e8re \u00e0 la tourn\u00e9e \u00ab I Gotta Feeling \u00bb, rassemblant des vedettes des ann\u00e9es 2000 \u2015 reprise le 29 janvier \u00e0 Nice \u2015 et avait d\u00e9laiss\u00e9 les sc\u00e8nes. Voici qu\u2019elle en a retrouv\u00e9 le chemin.<\/p>\n<p class=\"paragraph text_align_left lp-f-body-02\">Et celui des studios ? Ses fans, eux, n\u2019attendent que \u00e7a. Et elle ? \u00ab Ce n\u2019est pas pr\u00e9vu, nous r\u00e9pondait-elle il y a une dizaine de jours. Pas que je n\u2019en ai pas l\u2019envie, mais pas l\u2019opportunit\u00e9. Je suis interpr\u00e8te, je ne vais pas me mettre \u00e0 \u00e9crire, composer. Mais si on me propose quelque chose et que je me dis Ah ouais, c\u2019est cool ! Pourquoi pas\u2026 \u00bb. La porte n\u2019est pas ferm\u00e9e.<\/p>\n","protected":false},"excerpt":{"rendered":"Le 8 septembre dernier, au lendemain de son retour sur sc\u00e8ne \u00e0 Paris apr\u00e8s 21 ans, on avait&hellip;\n","protected":false},"author":2,"featured_media":400879,"comment_status":"","ping_status":"","sticky":false,"template":"","format":"standard","meta":{"footnotes":""},"categories":[1888],"tags":[11,872,1777,674,1011,27,873,12,626,25],"class_list":{"0":"post-400878","1":"post","2":"type-post","3":"status-publish","4":"format-standard","5":"has-post-thumbnail","7":"category-paris","8":"tag-actualites","9":"tag-culture-et-loisirs","10":"tag-eu","11":"tag-europe","12":"tag-fr","13":"tag-france","14":"tag-musique","15":"tag-news","16":"tag-paris","17":"tag-republique-francaise"},"share_on_mastodon":{"url":"https:\/\/pubeurope.com\/@fr\/115227462428583830","error":""},"_links":{"self":[{"href":"https:\/\/www.europesays.com\/fr\/wp-json\/wp\/v2\/posts\/400878","targetHints":{"allow":["GET"]}}],"collection":[{"href":"https:\/\/www.europesays.com\/fr\/wp-json\/wp\/v2\/posts"}],"about":[{"href":"https:\/\/www.europesays.com\/fr\/wp-json\/wp\/v2\/types\/post"}],"author":[{"embeddable":true,"href":"https:\/\/www.europesays.com\/fr\/wp-json\/wp\/v2\/users\/2"}],"replies":[{"embeddable":true,"href":"https:\/\/www.europesays.com\/fr\/wp-json\/wp\/v2\/comments?post=400878"}],"version-history":[{"count":0,"href":"https:\/\/www.europesays.com\/fr\/wp-json\/wp\/v2\/posts\/400878\/revisions"}],"wp:featuredmedia":[{"embeddable":true,"href":"https:\/\/www.europesays.com\/fr\/wp-json\/wp\/v2\/media\/400879"}],"wp:attachment":[{"href":"https:\/\/www.europesays.com\/fr\/wp-json\/wp\/v2\/media?parent=400878"}],"wp:term":[{"taxonomy":"category","embeddable":true,"href":"https:\/\/www.europesays.com\/fr\/wp-json\/wp\/v2\/categories?post=400878"},{"taxonomy":"post_tag","embeddable":true,"href":"https:\/\/www.europesays.com\/fr\/wp-json\/wp\/v2\/tags?post=400878"}],"curies":[{"name":"wp","href":"https:\/\/api.w.org\/{rel}","templated":true}]}}