{"id":400890,"date":"2025-09-18T21:43:13","date_gmt":"2025-09-18T21:43:13","guid":{"rendered":"https:\/\/www.europesays.com\/fr\/400890\/"},"modified":"2025-09-18T21:43:13","modified_gmt":"2025-09-18T21:43:13","slug":"lalgerie-recompensee-lors-dun-salon-en-allemagne-la-nouvelle-tribune","status":"publish","type":"post","link":"https:\/\/www.europesays.com\/fr\/400890\/","title":{"rendered":"l\u2019Alg\u00e9rie r\u00e9compens\u00e9e lors d\u2019un salon en Allemagne \u2013 La Nouvelle Tribune"},"content":{"rendered":"<p><strong>L\u2019Alg\u00e9rie<\/strong> a \u00e9t\u00e9 reconnue pour l\u2019excellence de son produit lors du<strong> Salon europ\u00e9en des huiles industrielles et des \u00e9nergies alternatives<\/strong> organis\u00e9 \u00e0 <strong>D\u00fcsseldorf<\/strong>, en <strong>Allemagne<\/strong>, du 16 au 18 septembre 2025. L\u2019\u00e9v\u00e9nement a rassembl\u00e9 des professionnels et des leaders du secteur venant d\u2019Europe, d\u2019Asie, d\u2019Afrique, cr\u00e9ant une plateforme d\u2019\u00e9changes \u00e0 l\u2019\u00e9chelle mondiale. <strong>Cette distinction met en avant le potentiel de croissance des entreprises alg\u00e9riennes et leur comp\u00e9titivit\u00e9 \u00e0 l\u2019export. <\/strong>Le jury a salu\u00e9 la performance du pays tandis que le public a manifest\u00e9 un int\u00e9r\u00eat marqu\u00e9 pour l\u2019innovation pr\u00e9sent\u00e9e. La reconnaissance obtenue pourrait favoriser le d\u00e9veloppement industriel et commercial de l\u2019Alg\u00e9rie dans les ann\u00e9es \u00e0 venir.<\/p>\n<p>Une performance notable face aux acteurs mondiaux<\/p>\n<p>Le salon de <strong>D\u00fcsseldorf<\/strong> a accueilli des fabricants majeurs du secteur des huiles industrielles et des \u00e9nergies alternatives, permettant des rencontres strat\u00e9giques et des \u00e9changes techniques. <strong>L\u2019Alg\u00e9rie<\/strong>, en obtenant le prix du meilleur produit africain, <strong>s\u2019est distingu\u00e9e parmi les participants internationaux.<\/strong> La qualit\u00e9 de la conception et l\u2019efficacit\u00e9 de son produit ont retenu l\u2019attention des experts et du public, soulignant la capacit\u00e9 du pays \u00e0 produire des solutions industrielles comp\u00e9titives. Cette visibilit\u00e9 offre \u00e9galement <strong>la possibilit\u00e9 de nouer de nouveaux partenariats commerciaux et technologiques<\/strong>, ouvrant la voie \u00e0 un rayonnement accru sur les march\u00e9s internationaux.<\/p>\n<p>Impact \u00e9conomique et perspectives commerciales<\/p>\n<p>Cette reconnaissance constitue un levier pour <strong>l\u2019Alg\u00e9rie <\/strong>en mati\u00e8re de d\u00e9veloppement \u00e9conomique. Elle peut favoriser <strong>l\u2019expansion des exportations et am\u00e9liorer la position du pays dans le commerce mondial des huiles industrielles et des \u00e9nergies alternatives. <\/strong>Les analystes notent que de telles distinctions permettent souvent d\u2019attirer des investissements et de stimuler l\u2019innovation dans les proc\u00e9d\u00e9s de production. En s\u2019appuyant sur ce prix, <strong>les entreprises alg\u00e9riennes peuvent renforcer leur pr\u00e9sence sur les march\u00e9s europ\u00e9ens et asiatiques et diversifier leurs clients. <\/strong>Historiquement, les soci\u00e9t\u00e9s africaines r\u00e9compens\u00e9es lors de salons internationaux ont constat\u00e9 une augmentation significative de leur chiffre d\u2019affaires et une meilleure image \u00e0 l\u2019\u00e9tranger, renfor\u00e7ant ainsi leur comp\u00e9titivit\u00e9. Cette distinction confirme la capacit\u00e9 de l\u2019Alg\u00e9rie \u00e0 s\u2019imposer comme un acteur cr\u00e9dible et comp\u00e9titif dans le secteur industriel \u00e0 l\u2019\u00e9chelle mondiale.<\/p>\n","protected":false},"excerpt":{"rendered":"L\u2019Alg\u00e9rie a \u00e9t\u00e9 reconnue pour l\u2019excellence de son produit lors du Salon europ\u00e9en des huiles industrielles et des&hellip;\n","protected":false},"author":2,"featured_media":292068,"comment_status":"","ping_status":"","sticky":false,"template":"","format":"standard","meta":{"footnotes":""},"categories":[1587],"tags":[11,672,1804,1805,1803,1777,674,1801,12,1802],"class_list":{"0":"post-400890","1":"post","2":"type-post","3":"status-publish","4":"format-standard","5":"has-post-thumbnail","7":"category-allemagne","8":"tag-actualites","9":"tag-allemagne","10":"tag-bundesrepublik-deutschland","11":"tag-de","12":"tag-deutschland","13":"tag-eu","14":"tag-europe","15":"tag-germany","16":"tag-news","17":"tag-republique-federale-dallemagne"},"share_on_mastodon":{"url":"https:\/\/pubeurope.com\/@fr\/115227486156421986","error":""},"_links":{"self":[{"href":"https:\/\/www.europesays.com\/fr\/wp-json\/wp\/v2\/posts\/400890","targetHints":{"allow":["GET"]}}],"collection":[{"href":"https:\/\/www.europesays.com\/fr\/wp-json\/wp\/v2\/posts"}],"about":[{"href":"https:\/\/www.europesays.com\/fr\/wp-json\/wp\/v2\/types\/post"}],"author":[{"embeddable":true,"href":"https:\/\/www.europesays.com\/fr\/wp-json\/wp\/v2\/users\/2"}],"replies":[{"embeddable":true,"href":"https:\/\/www.europesays.com\/fr\/wp-json\/wp\/v2\/comments?post=400890"}],"version-history":[{"count":0,"href":"https:\/\/www.europesays.com\/fr\/wp-json\/wp\/v2\/posts\/400890\/revisions"}],"wp:featuredmedia":[{"embeddable":true,"href":"https:\/\/www.europesays.com\/fr\/wp-json\/wp\/v2\/media\/292068"}],"wp:attachment":[{"href":"https:\/\/www.europesays.com\/fr\/wp-json\/wp\/v2\/media?parent=400890"}],"wp:term":[{"taxonomy":"category","embeddable":true,"href":"https:\/\/www.europesays.com\/fr\/wp-json\/wp\/v2\/categories?post=400890"},{"taxonomy":"post_tag","embeddable":true,"href":"https:\/\/www.europesays.com\/fr\/wp-json\/wp\/v2\/tags?post=400890"}],"curies":[{"name":"wp","href":"https:\/\/api.w.org\/{rel}","templated":true}]}}