{"id":400905,"date":"2025-09-18T21:54:17","date_gmt":"2025-09-18T21:54:17","guid":{"rendered":"https:\/\/www.europesays.com\/fr\/400905\/"},"modified":"2025-09-18T21:54:17","modified_gmt":"2025-09-18T21:54:17","slug":"chaine-tv-et-horaires-de-la-course","status":"publish","type":"post","link":"https:\/\/www.europesays.com\/fr\/400905\/","title":{"rendered":"cha\u00eene TV et horaires de la course"},"content":{"rendered":"<p>Troisi\u00e8me et derni\u00e8re journ\u00e9e du Grand Prix de Hongrie de MotoGP avec le point d&rsquo;orgue du week-end : la course principale. On vous dit tout sur l&rsquo;horaire de d\u00e9part et la diffusion TV.<\/p>\n<p>Le Grand Prix de Hongrie de MotoGP touche \u00e0 sa fin. Nous conna\u00eetrons le d\u00e9nouement de ce week-end aux alentours de 15h45 ce dimanche au terme des 26 tours de la course principale. On esp\u00e8re que nos Fran\u00e7ais Fabio Quartararo et Johann Zarco pourront briller sur la piste.<\/p>\n<p>Heure de d\u00e9part et diffusion TV du GP de Hongrie de F1<\/p>\n<p>Le d\u00e9part du Grand Prix est pr\u00e9vu pour 15h mais avant cela, vous pourrez regarder le warm-up du dimanche matin. Celui-ci se d\u00e9roulera de 9h40 \u00e0 9h50 avec une prise d&rsquo;antenne sur Canal+ Sport 360 \u00e0 partir de 9h35. La course est retransmise sur Canal+. Ce sera \u00e0 partir de 13h16 avec l&rsquo;\u00e9mission La Grille.<\/p>\n<p>Tous les horaires et cha\u00eene TV du GP de Hongrie de MotoGP<br \/>\nWarm-up<\/p>\n<ul>\n<li>Dimanche 24 ao\u00fbt<\/li>\n<li>De 9h40 \u00e0 9h50<\/li>\n<li>\u00c0 partir de 9h35 sur Canal+ Sport 360<\/li>\n<\/ul>\n<p>Grand Prix<\/p>\n<ul>\n<li>Dimanche 24 ao\u00fbt<\/li>\n<li>26 tours<\/li>\n<li>D\u00e9part \u00e0 14h<\/li>\n<li>\u00c0 partir de 13h16 sur Canal+<\/li>\n<\/ul>\n<p>Cr\u00e9dit photo : Press Only \/ Ducati.<\/p>\n","protected":false},"excerpt":{"rendered":"Troisi\u00e8me et derni\u00e8re journ\u00e9e du Grand Prix de Hongrie de MotoGP avec le point d&rsquo;orgue du week-end :&hellip;\n","protected":false},"author":2,"featured_media":400906,"comment_status":"","ping_status":"","sticky":false,"template":"","format":"standard","meta":{"footnotes":""},"categories":[1413],"tags":[1011,27,1457,1456,60],"class_list":{"0":"post-400905","1":"post","2":"type-post","3":"status-publish","4":"format-standard","5":"has-post-thumbnail","7":"category-moto","8":"tag-fr","9":"tag-france","10":"tag-moto","11":"tag-motocycle","12":"tag-sports"},"share_on_mastodon":{"url":"https:\/\/pubeurope.com\/@fr\/115227529360828126","error":""},"_links":{"self":[{"href":"https:\/\/www.europesays.com\/fr\/wp-json\/wp\/v2\/posts\/400905","targetHints":{"allow":["GET"]}}],"collection":[{"href":"https:\/\/www.europesays.com\/fr\/wp-json\/wp\/v2\/posts"}],"about":[{"href":"https:\/\/www.europesays.com\/fr\/wp-json\/wp\/v2\/types\/post"}],"author":[{"embeddable":true,"href":"https:\/\/www.europesays.com\/fr\/wp-json\/wp\/v2\/users\/2"}],"replies":[{"embeddable":true,"href":"https:\/\/www.europesays.com\/fr\/wp-json\/wp\/v2\/comments?post=400905"}],"version-history":[{"count":0,"href":"https:\/\/www.europesays.com\/fr\/wp-json\/wp\/v2\/posts\/400905\/revisions"}],"wp:featuredmedia":[{"embeddable":true,"href":"https:\/\/www.europesays.com\/fr\/wp-json\/wp\/v2\/media\/400906"}],"wp:attachment":[{"href":"https:\/\/www.europesays.com\/fr\/wp-json\/wp\/v2\/media?parent=400905"}],"wp:term":[{"taxonomy":"category","embeddable":true,"href":"https:\/\/www.europesays.com\/fr\/wp-json\/wp\/v2\/categories?post=400905"},{"taxonomy":"post_tag","embeddable":true,"href":"https:\/\/www.europesays.com\/fr\/wp-json\/wp\/v2\/tags?post=400905"}],"curies":[{"name":"wp","href":"https:\/\/api.w.org\/{rel}","templated":true}]}}