{"id":400907,"date":"2025-09-18T21:55:10","date_gmt":"2025-09-18T21:55:10","guid":{"rendered":"https:\/\/www.europesays.com\/fr\/400907\/"},"modified":"2025-09-18T21:55:10","modified_gmt":"2025-09-18T21:55:10","slug":"grenoble-simpose-face-a-nevers-et-reprend-provisoirement-la-tete","status":"publish","type":"post","link":"https:\/\/www.europesays.com\/fr\/400907\/","title":{"rendered":"Grenoble s\u2019impose face \u00e0 Nevers et reprend provisoirement la t\u00eate"},"content":{"rendered":"<p>Pour l\u2019ouverture de la 4e journ\u00e9e de Pro D2, Grenoble s\u2019est impos\u00e9 \u00e0 domicile face \u00e0 Nevers.<\/p>\n<p class=\"fig-paragraph\">En t\u00eate. Grenoble s&rsquo;est impos\u00e9 sur sa pelouse face \u00e0 Nevers 20 \u00e0 17, jeudi lors du match d&rsquo;ouverture de\u00a0<a href=\"https:\/\/www.lefigaro.fr\/sports\/rugby\/pro-d2\/calendrier-resultats\" target=\"_blank\" rel=\"nofollow noopener\" data-gtm-custom-categorie=\"navigation\" data-gtm-custom-action=\"crossclick\" data-gtm-custom-label=\"Contextuel\" data-gtm-event=\"customEventSPE\">la quatri\u00e8me journ\u00e9e de Pro D2<\/a>\u00a0de rugby.<\/p>\n<p class=\"fig-body-link\">\n            \u00c0 lire aussi<br \/>\n        <a class=\"fig-body-link__link\" href=\"http:\/\/www.lefigaro.fr\/sports\/rugby\/rugby-george-north-jonny-may-richie-arnold-ces-cinq-stars-internationales-qui-illuminent-la-pro-d2-20250918\" target=\"_blank\" data-fig-type=\"NewsFlash\" rel=\"noopener\" data-gtm-custom-categorie=\"navigation\" data-gtm-custom-action=\"crossclick\" data-gtm-custom-label=\"Contextuel\" data-gtm-event=\"customEventSPE\" data-fig-domain=\"LEFIGARO\">Rugby\u00a0: George North, Jonny May, Richie Arnold&#8230;, ces cinq stars internationales qui illuminent la Pro D2<br \/>\n    <\/a>\n<\/p>\n<p class=\"fig-paragraph\">Menant 10-7 \u00e0 la pause gr\u00e2ce \u00e0 un essai du talonneur Bastien Sorry (22e), transform\u00e9 par Romain Trouilloud, apr\u00e8s la premi\u00e8re p\u00e9nalit\u00e9 marqu\u00e9e par ce dernier (9e), les Grenoblois ont ensuite men\u00e9 au score tout du long de la rencontre. Ce que l\u2019on peut retenir de cette rencontre, c\u2019est le courage des joueurs de Nevers, qui ont arrach\u00e9, sur la sir\u00e8ne, le bonus d\u00e9fensif gr\u00e2ce \u00e0 un essai du jeune Jules Bousquet (80e), transform\u00e9 par le demi de m\u00eal\u00e9e Simon tarel.<\/p>\n<p>                                    <a class=\"fig-a11y-skip a11y-hidden\" href=\"#fig-a11y-skip-main-inarticle\"><br \/>\n        Passer la publicit\u00e9<br \/>\n    <\/a><\/p>\n<p class=\"fig-paragraph\"><strong>Jeudi 18 septembre<\/strong><\/p>\n<p class=\"fig-paragraph\">Grenoble &#8211; Nevers (bd) 20 &#8211; 17<\/p>\n<p class=\"fig-paragraph\"><strong>Vendredi 19 septembre<\/strong><\/p>\n<p class=\"fig-paragraph\">(19h00): Biarritz &#8211; Brive<\/p>\n<p class=\"fig-paragraph\">(19h30): Valence-Romans &#8211; Soyaux-Angoul\u00eame<\/p>\n<p>                                    <a class=\"fig-a11y-skip a11y-hidden\" href=\"#fig-a11y-skip-main-inarticle_mtf\"><br \/>\n        Passer la publicit\u00e9<br \/>\n    <\/a><\/p>\n<p class=\"fig-paragraph\">(19h30): B\u00e9ziers &#8211; Mont-de-Marsan<\/p>\n<p class=\"fig-paragraph\">(19h30): Colomiers &#8211; Aurillac<\/p>\n<p class=\"fig-paragraph\">(19h30): Carcassonne &#8211; Agen<\/p>\n<p class=\"fig-paragraph\">(19h30): Dax &#8211; Oyonnax<\/p>\n<p class=\"fig-paragraph\">(21h00): Vannes &#8211; Provence Rugby<\/p>\n<p>                                    <a class=\"fig-a11y-skip a11y-hidden\" href=\"#fig-a11y-skip-main-inarticle_btf\"><br \/>\n        Passer la publicit\u00e9<br \/>\n    <\/a><\/p>\n<p class=\"fig-paragraph\"><strong>Classement\u00a0: Pts J G N P pp pc dif Bon<\/strong><\/p>\n<p class=\"fig-paragraph\">1. Grenoble 13 4 3 0 1 108 99 9 1<\/p>\n<p class=\"fig-paragraph\">2. Brive 11 3 2 1 0 101 48 53 1<\/p>\n<p class=\"fig-paragraph\">3. Nevers 10 4 2 0 2 109 103 6 2<\/p>\n<p class=\"fig-paragraph\">4. Aurillac 10 3 2 0 1 106 72 34 2<\/p>\n<p class=\"fig-paragraph\">5. Agen 10 3 2 0 1 108 81 27 2<\/p>\n<p class=\"fig-paragraph\">6. Colomiers 9 3 2 0 1 89 60 29 1<\/p>\n<p class=\"fig-paragraph\">7. Vannes 8 3 1 1 1 86 69 17 2<\/p>\n<p class=\"fig-paragraph\">8. Soyaux-Angoul\u00eame 8 3 2 0 1 65 76 -11 0<\/p>\n<p class=\"fig-paragraph\">9. Valence-Romans 8 3 2 0 1 79 101 -22 0<\/p>\n<p class=\"fig-paragraph\">10. Provence Rugby 7 3 1 0 2 107 71 36 3<\/p>\n<p class=\"fig-paragraph\">11. Oyonnax 6 3 1 0 2 75 70 5 2<\/p>\n<p class=\"fig-paragraph\">12. B\u00e9ziers 5 3 1 0 2 109 116 -7 1<\/p>\n<p class=\"fig-paragraph\">13. Mont-de-Marsan 5 3 1 0 2 57 105 -48 1<\/p>\n<p class=\"fig-paragraph\">14. Carcassonne 4 3 1 0 2 46 84 -38 0<\/p>\n<p class=\"fig-paragraph\">15. Biarritz 2 3 1 0 2 75 132 -57 1<\/p>\n<p class=\"fig-paragraph\">16. Dax -4 3 0 0 3 54 87 -33 1<\/p>\n","protected":false},"excerpt":{"rendered":"Pour l\u2019ouverture de la 4e journ\u00e9e de Pro D2, Grenoble s\u2019est impos\u00e9 \u00e0 domicile face \u00e0 Nevers. En&hellip;\n","protected":false},"author":2,"featured_media":400908,"comment_status":"","ping_status":"","sticky":false,"template":"","format":"standard","meta":{"footnotes":""},"categories":[1412],"tags":[1451,1452,1453,1454,1455,1011,27,2308,60],"class_list":{"0":"post-400907","1":"post","2":"type-post","3":"status-publish","4":"format-standard","5":"has-post-thumbnail","7":"category-f1","8":"tag-f1","9":"tag-formula-1","10":"tag-formula1","11":"tag-formule-1","12":"tag-formule1","13":"tag-fr","14":"tag-france","15":"tag-pro-d2","16":"tag-sports"},"share_on_mastodon":{"url":"https:\/\/pubeurope.com\/@fr\/115227533144504283","error":""},"_links":{"self":[{"href":"https:\/\/www.europesays.com\/fr\/wp-json\/wp\/v2\/posts\/400907","targetHints":{"allow":["GET"]}}],"collection":[{"href":"https:\/\/www.europesays.com\/fr\/wp-json\/wp\/v2\/posts"}],"about":[{"href":"https:\/\/www.europesays.com\/fr\/wp-json\/wp\/v2\/types\/post"}],"author":[{"embeddable":true,"href":"https:\/\/www.europesays.com\/fr\/wp-json\/wp\/v2\/users\/2"}],"replies":[{"embeddable":true,"href":"https:\/\/www.europesays.com\/fr\/wp-json\/wp\/v2\/comments?post=400907"}],"version-history":[{"count":0,"href":"https:\/\/www.europesays.com\/fr\/wp-json\/wp\/v2\/posts\/400907\/revisions"}],"wp:featuredmedia":[{"embeddable":true,"href":"https:\/\/www.europesays.com\/fr\/wp-json\/wp\/v2\/media\/400908"}],"wp:attachment":[{"href":"https:\/\/www.europesays.com\/fr\/wp-json\/wp\/v2\/media?parent=400907"}],"wp:term":[{"taxonomy":"category","embeddable":true,"href":"https:\/\/www.europesays.com\/fr\/wp-json\/wp\/v2\/categories?post=400907"},{"taxonomy":"post_tag","embeddable":true,"href":"https:\/\/www.europesays.com\/fr\/wp-json\/wp\/v2\/tags?post=400907"}],"curies":[{"name":"wp","href":"https:\/\/api.w.org\/{rel}","templated":true}]}}