{"id":400913,"date":"2025-09-18T21:59:11","date_gmt":"2025-09-18T21:59:11","guid":{"rendered":"https:\/\/www.europesays.com\/fr\/400913\/"},"modified":"2025-09-18T21:59:11","modified_gmt":"2025-09-18T21:59:11","slug":"cest-une-premiere-stephane-bern-lance-sa-chaine-youtube-et-invite-une-star-de-la-plateforme-pour-linaugurer","status":"publish","type":"post","link":"https:\/\/www.europesays.com\/fr\/400913\/","title":{"rendered":"\u00ab\u00a0C&rsquo;est une premi\u00e8re\u00a0\u00bb : St\u00e9phane Bern lance sa cha\u00eene YouTube et invite une star de la plateforme pour l&rsquo;inaugurer"},"content":{"rendered":"<p>            <img loading=\"lazy\" decoding=\"async\" src=\"https:\/\/www.europesays.com\/fr\/wp-content\/uploads\/2025\/09\/ad6083d59af5abc1-35x35-2.jpg\" class=\"author-article-picture\" width=\"35\" height=\"35\"\/><\/p>\n<p>                Par<br \/>\n                                    Nastassia Dobremez<br \/>\n                                                    | Journaliste<\/p>\n<p>\n                N\u00e9e \u00e0 Paris l\u2019ann\u00e9e de la sortie de \u00ab\u00a0Dracula\u00a0\u00bb de Francis Ford Coppola, le septi\u00e8me art a guid\u00e9 son parcours professionnel jusqu\u2019\u00e0 devenir journaliste sp\u00e9cialis\u00e9e dans le cin\u00e9ma. Passionn\u00e9e aussi par la t\u00e9l\u00e9vision et les s\u00e9ries, elle peut parler des heures de \u00ab\u00a0Friends\u00a0\u00bb, \u00ab\u00a0Desperate Housewives\u00a0\u00bb et du regrett\u00e9 \u00ab\u00a0Grand Journal\u00a0\u00bb de Michel Denisot sur Canal+.\n            <\/p>\n<p>\n    Figure incontournable du petit \u00e9cran, St\u00e9phane Bern se lance un nouveau d\u00e9fi en cr\u00e9ant sa propre \u00e9mission sur YouTube. Pour sa premi\u00e8re vid\u00e9o, mise en ligne en d\u00e9but de semaine, l&rsquo;animateur a re\u00e7u un confr\u00e8re aux 14 millions d&rsquo;abonn\u00e9s.\n<\/p>\n<p>                            <img loading=\"lazy\" decoding=\"async\" class=\"player-thumbnail\" src=\"https:\/\/www.europesays.com\/fr\/wp-content\/uploads\/2025\/09\/61d2be50287cad33-580x326-2.jpg\" width=\"580\" height=\"326\"\/><\/p>\n<p>                    St\u00e9phane Bern n&rsquo;a pu retenir ses \u00e9motions lorsqu&rsquo;il a \u00e9voqu\u00e9 la r\u00e9cente disparition de son fr\u00e8re et de son p\u00e8re \/ St\u00e9phane Bern se lance sur YouTube ce 16 septembre 2025 \u00a9 Capture d&rsquo;\u00e9cran de la cha\u00eene YouTube de St\u00e9phane Bern<\/p>\n<p>La suite apr\u00e8s la publicit\u00e9<\/p>\n<p>Une tendance qui ne se d\u00e9ment pas. Depuis plusieurs ann\u00e9es, les animateurs les plus c\u00e9l\u00e8bres de la t\u00e9l\u00e9vision fran\u00e7aise c\u00e8dent aux sir\u00e8nes d&rsquo;Internet. Apr\u00e8s <a href=\"https:\/\/www.ozap.com\/actu\/apres-danse-avec-les-stars-sophie-davant-decroche-lanimation-dune-nouvelle-emission-diffusee-sur-youtube\/650964\" rel=\"nofollow noopener\" target=\"_blank\">Sophie Davant<\/a>, <a href=\"https:\/\/www.ozap.com\/actu\/-safe-zone-juju-fitcats-joyca-decouvrez-les-invites-de-la-saison-2-du-rendez-vous-de-faustine-bollaert-sur-youtube\/639409\" rel=\"nofollow noopener\" target=\"_blank\">Faustine Bollaert<\/a>, <a href=\"https:\/\/www.ozap.com\/actu\/50-degres-quel-est-le-concept-de-la-nouvelle-emission-d-hugo-clement-disponible-sur-youtube\/649691\" rel=\"nofollow noopener\" target=\"_blank\">Hugo Cl\u00e9ment<\/a>, Bruno Guillon, Laurent Baffie ou encore Claire Chazal, c&rsquo;est au tour de <a href=\"https:\/\/www.ozap.com\/personnalite\/stephane-bern_e190\" rel=\"nofollow noopener\" target=\"_blank\">St\u00e9phane Bern<\/a> de cr\u00e9er sa cha\u00eene YouTube. Le premier \u00e9pisode a \u00e9t\u00e9 mis en ligne ce lundi 16 septembre 2025. Les internautes ont pu d\u00e9couvrir une s\u00e9quence d&rsquo;introduction d\u00e9cal\u00e9e tourn\u00e9e au Coll\u00e8ge Royal et Militaire de Thiron-Gardais, rachet\u00e9 et restaur\u00e9 par le principal int\u00e9ress\u00e9. Arborant une tenue de l&rsquo;ordre des Templiers, il menace de mort avec son \u00e9p\u00e9e le YouTubeur Cyprien, sous les traits d&rsquo;un jeune assassin, qui p\u00e9n\u00e8tre dans son lieu sacr\u00e9. \u00ab\u00a0Si tu veux avoir la vie sauve, il te reste deux options : soit tu me fais l\u00e0 la caverne du clash avec <a href=\"https:\/\/www.ozap.com\/actu\/marine-pen-porte-plainte-rappeur-cortex\/330722\" rel=\"nofollow noopener\" target=\"_blank\">Cortex<\/a> ou tu me racontes le reste de ta vie sur un Confident\u00a0\u00bb, lui propose-t-il.<\/p>\n<p>\u00ab\u00a0Le Confident\u00a0\u00bb, c&rsquo;est le nom de cette \u00e9mission mais aussi celle du fauteuil en forme de S sur lequel l&rsquo;homme de 61 ans recueille les confessions de ses invit\u00e9s. \u00ab\u00a0C&rsquo;est une premi\u00e8re, ma premi\u00e8re \u00e9mission sur YouTube. Tu es l&rsquo;un des premiers humoristes de France sur YouTube avec 14 millions et demi d&rsquo;abonn\u00e9s, \u00e7a m&rsquo;impressionne\u00a0\u00bb, lance-t-il en guise d&rsquo;introduction au <a href=\"https:\/\/www.ozap.com\/actu\/-faut-s-arreter-la-le-youtubeur-cyprien-iov-annonce-deposer-plainte-contre-de-fausses-publicites-usurpant-son-image-avec-une-ia\/643431\" rel=\"nofollow noopener\" target=\"_blank\">cr\u00e9ateur de contenus<\/a>. Une vid\u00e9o inaugurale qui a accumul\u00e9 plus de 40.000 vues en moins de 48 heures.<\/p>\n<p>St\u00e9phane Bern veut \u00ab\u00a0explorer de nouveaux territoires\u00a0\u00bb<\/p>\n<p>L&rsquo;annonce de l&rsquo;arriv\u00e9e de St\u00e9phane Bern sur YouTube avait \u00e9t\u00e9 faite en juin dernier par le Youtubeur Gaspard G. Ce dernier accompagne l&rsquo;animateur dans cette aventure via son agence, Intello. \u00ab\u00a0Apr\u00e8s Claire Chazal, on est hyper fiers d\u2019annoncer qu&rsquo;Intello devient producteur et agent de St\u00e9phane Bern sur le num\u00e9rique, avait-il \u00e9crit dans un post LinkedIn. Objectif : faire rayonner l\u2019histoire, le patrimoine et la culture aupr\u00e8s d\u2019une nouvelle g\u00e9n\u00e9ration.\u00a0\u00bb De son c\u00f4t\u00e9, le principal int\u00e9ress\u00e9 avait d\u00e9velopp\u00e9 son projet aupr\u00e8s de l&rsquo;AFP : dans ce rendez-vous mensuel, l&rsquo;homme fort de France T\u00e9l\u00e9visions avait confi\u00e9 qu&rsquo;il recevrait des personnalit\u00e9s \u00ab\u00a0un peu \u00e9loign\u00e9es\u00a0\u00bb de son univers. Avant de pr\u00e9venir : \u00ab\u00a0L\u2019id\u00e9e, ce n\u2019est pas de se substituer \u00e0 quoi que ce soit que je fais d\u00e9j\u00e0, ou qui existe, c\u2019est d\u2019explorer de nouveaux territoires.\u00a0\u00bb\u00a0<\/p>\n<p>YouTube, radio, t\u00e9l\u00e9vision&#8230; St\u00e9phane Bern diversifie ses activit\u00e9s<\/p>\n<p>En parall\u00e8le, St\u00e9phane Bern continue ses activit\u00e9s sur le petit \u00e9cran et \u00e0 la radio. <a href=\"https:\/\/www.ozap.com\/actu\/on-va-adapter-lemission-pour-lui-stephane-bern-recupere-la-presentation-de-la-carte-aux-tresors-sur-france-3-apres-le-retrait-de-cyril-feraud\/651432\" rel=\"nofollow noopener\" target=\"_blank\">La star a \u00e9t\u00e9 choisie pour succ\u00e9der \u00e0 Cyril F\u00e9raud<\/a> \u00e0 la pr\u00e9sentation de <a href=\"https:\/\/www.ozap.com\/actu\/un-morceau-de-saucisson-cyril-feraud-revele-son-etonnant-petit-secret-pour-ne-pas-avoir-le-mal-de-lair-pendant-le-tournage-de-la-carte-aux-tresors-sur-france-3\/649764\" rel=\"nofollow noopener\" target=\"_blank\">\u00ab\u00a0La Carte aux tr\u00e9sors\u00a0\u00bb sur France 3<\/a> dont un premier num\u00e9ro est attendu pour 2026. Il anime \u00e9galement \u00ab\u00a0Secrets d\u2019histoire\u00a0\u00bb, \u00ab\u00a0Le Village pr\u00e9f\u00e9r\u00e9 des Fran\u00e7ais\u00a0\u00bb ou encore la \u00ab\u00a0Mission Patrimoine\u00a0\u00bb. Sur les ondes, <a href=\"https:\/\/www.ozap.com\/actu\/je-vous-quitte-la-larme-a-l-oeil-julia-vignali-et-stephane-bern-annoncent-leur-depart-d-europe-1\/650710\" rel=\"nofollow noopener\" target=\"_blank\">apr\u00e8s son d\u00e9part d&rsquo;Europe 1 en fin de saison derni\u00e8re apr\u00e8s cinq ans de bons et loyaux services<\/a>, ce sp\u00e9cialiste des t\u00eates couronn\u00e9es est d\u00e9sormais \u00e0 retrouver sur la radio locale <a href=\"https:\/\/www.ozap.com\/actu\/france-bleu-devient-ici-decouvrez-les-premiers-instants-de-vie-de-la-radio-apres-son-changement-de-nom\/648214\" rel=\"nofollow noopener\" target=\"_blank\">ICI, ex France Bleu<\/a>, du lundi au vendredi \u00e0 7h55 avec \u00ab\u00a0Voyage dans le temps\u00a0\u00bb.<\/p>\n<p>        <img decoding=\"async\" class=\"thumb-img-100 thumb-img\" src=\"https:\/\/www.europesays.com\/fr\/wp-content\/uploads\/2025\/09\/b5f25eb66ff3e071-320x180-1.jpg\" alt=\"&quot;On va adapter l'\u00e9mission pour lui&quot; : St\u00e9phane Bern r\u00e9cup\u00e8re la pr\u00e9sentation de &quot;La Carte aux tr\u00e9sors&quot; sur France 3 apr\u00e8s le retrait de Cyril F\u00e9raud\" width=\"320\" height=\"180\" loading=\"lazy\" role=\"presentation\"\/><\/p>\n<p>                                            \u00ab\u00a0On va adapter l&rsquo;\u00e9mission pour lui\u00a0\u00bb : St\u00e9phane Bern r\u00e9cup\u00e8re la pr\u00e9sentation de \u00ab\u00a0La Carte aux tr\u00e9sors\u00a0\u00bb sur France 3 apr\u00e8s le retrait de Cyril F\u00e9raud<\/p>\n<p>        <img decoding=\"async\" class=\"thumb-img-100 thumb-img\" src=\"https:\/\/www.europesays.com\/fr\/wp-content\/uploads\/2025\/09\/31a114f7218f94cc-320x180-1.jpg\" alt=\"&quot;Plein de choses m'effrayaient&quot; : Pourquoi St\u00e9phane Bern a enfin accept\u00e9 de participer \u00e0 &quot;Fort Boyard&quot; sur France 2\" width=\"320\" height=\"180\" loading=\"lazy\" role=\"presentation\"\/><\/p>\n<p>                                            \u00ab\u00a0Plein de choses m&rsquo;effrayaient\u00a0\u00bb : Pourquoi St\u00e9phane Bern a enfin accept\u00e9 de participer \u00e0 \u00ab\u00a0Fort Boyard\u00a0\u00bb sur France 2<\/p>\n<p>        <img decoding=\"async\" class=\"thumb-img-100 thumb-img\" src=\"https:\/\/www.europesays.com\/fr\/wp-content\/uploads\/2025\/09\/2954aa891a0bfcb5-320x180-1.png\" alt=\"&quot;Stop The Train&quot; : Combien de vues en 48 heures pour la derni\u00e8re vid\u00e9o de Squeezie, la plus ch\u00e8re de l'histoire de YouTube en France ?\" width=\"320\" height=\"180\" loading=\"lazy\" role=\"presentation\"\/><\/p>\n<p>                                            \u00ab\u00a0Stop The Train\u00a0\u00bb : Combien de vues en 48 heures pour la derni\u00e8re vid\u00e9o de Squeezie, la plus ch\u00e8re de l&rsquo;histoire de YouTube en France ?<\/p>\n","protected":false},"excerpt":{"rendered":"Par Nastassia Dobremez | Journaliste N\u00e9e \u00e0 Paris l\u2019ann\u00e9e de la sortie de \u00ab\u00a0Dracula\u00a0\u00bb de Francis Ford Coppola,&hellip;\n","protected":false},"author":2,"featured_media":400914,"comment_status":"","ping_status":"","sticky":false,"template":"","format":"standard","meta":{"footnotes":""},"categories":[1359],"tags":[58,59,1011,27,973],"class_list":{"0":"post-400913","1":"post","2":"type-post","3":"status-publish","4":"format-standard","5":"has-post-thumbnail","7":"category-people","8":"tag-divertissement","9":"tag-entertainment","10":"tag-fr","11":"tag-france","12":"tag-people"},"share_on_mastodon":{"url":"https:\/\/pubeurope.com\/@fr\/115227553250511727","error":""},"_links":{"self":[{"href":"https:\/\/www.europesays.com\/fr\/wp-json\/wp\/v2\/posts\/400913","targetHints":{"allow":["GET"]}}],"collection":[{"href":"https:\/\/www.europesays.com\/fr\/wp-json\/wp\/v2\/posts"}],"about":[{"href":"https:\/\/www.europesays.com\/fr\/wp-json\/wp\/v2\/types\/post"}],"author":[{"embeddable":true,"href":"https:\/\/www.europesays.com\/fr\/wp-json\/wp\/v2\/users\/2"}],"replies":[{"embeddable":true,"href":"https:\/\/www.europesays.com\/fr\/wp-json\/wp\/v2\/comments?post=400913"}],"version-history":[{"count":0,"href":"https:\/\/www.europesays.com\/fr\/wp-json\/wp\/v2\/posts\/400913\/revisions"}],"wp:featuredmedia":[{"embeddable":true,"href":"https:\/\/www.europesays.com\/fr\/wp-json\/wp\/v2\/media\/400914"}],"wp:attachment":[{"href":"https:\/\/www.europesays.com\/fr\/wp-json\/wp\/v2\/media?parent=400913"}],"wp:term":[{"taxonomy":"category","embeddable":true,"href":"https:\/\/www.europesays.com\/fr\/wp-json\/wp\/v2\/categories?post=400913"},{"taxonomy":"post_tag","embeddable":true,"href":"https:\/\/www.europesays.com\/fr\/wp-json\/wp\/v2\/tags?post=400913"}],"curies":[{"name":"wp","href":"https:\/\/api.w.org\/{rel}","templated":true}]}}