{"id":400915,"date":"2025-09-18T22:00:18","date_gmt":"2025-09-18T22:00:18","guid":{"rendered":"https:\/\/www.europesays.com\/fr\/400915\/"},"modified":"2025-09-18T22:00:18","modified_gmt":"2025-09-18T22:00:18","slug":"le-peintre-pierre-soulages-noircit-du-papier-au-musee-du-luxembourg","status":"publish","type":"post","link":"https:\/\/www.europesays.com\/fr\/400915\/","title":{"rendered":"Le peintre Pierre Soulages noircit du papier au mus\u00e9e du Luxembourg"},"content":{"rendered":"<p>Le peintre abstrait Pierre Soulages est, jusqu&rsquo;au 11\u00a0janvier\u00a02026, dans les petits papiers du mus\u00e9e parisien du Luxembourg. Il fait \u00e9galement l&rsquo;objet d&rsquo;une grande <a href=\"http:\/\/www.franceinfo.fr\/culture\/arts-expos\/peinture\/a-montpellier-une-retrospective-soulages-pour-lancer-le-bicentenaire-du-musee-fabre_7343790.html#comments-embed\" rel=\"nofollow noopener\" target=\"_blank\">r\u00e9trospective au mus\u00e9e Fabre de Montpellier<\/a>. L&rsquo;inventeur de l&rsquo;outrenoir, <a href=\"http:\/\/www.franceinfo.fr\/culture\/arts-expos\/peinture\/le-peintre-francais-pierre-soulages-maitre-du-noir-et-legende-de-l-art-contemporain-est-mort-a-102-ans_3757899.html#:~:text=Pierre%20Soulages%20est%20mort%20%C3%A0,pu%20se%20faire%20confirmer%20franceinfo.\" rel=\"nofollow noopener\" target=\"_blank\">d\u00e9c\u00e9d\u00e9 en 2022 \u00e0 l&rsquo;\u00e2ge de 102\u00a0ans,<\/a> a exp\u00e9riment\u00e9 toute sa vie une multitude de techniques, refusant d&rsquo;\u00e9tablir une hi\u00e9rarchie entre les diff\u00e9rents supports qu&rsquo;il utilisait. Avec le soutien de son \u00e9pouse Colette, qui a f\u00eat\u00e9 ses 104\u00a0ans en mars, et du <a href=\"https:\/\/www.franceinfo.fr\/culture\/arts-expos\/petanque-tatouages-sorcieres-ou-vertige-douze-expositions-immanquables-a-decouvrir-cet-ete-dans-toute-la-france_7326198.html\" data-tooltip-url=\"https:\/\/www.franceinfo.fr\/culture\/arts-expos\/petanque-tatouages-sorcieres-ou-vertige-douze-expositions-immanquables-a-decouvrir-cet-ete-dans-toute-la-france_7326198.html\" rel=\"nofollow noopener\" target=\"_blank\">mus\u00e9e Soulages de Rodez, sa ville natale<\/a>, l&rsquo;exposition explore une passion m\u00e9connue de l&rsquo;artiste\u00a0: la peinture sur papier. Un ensemble exceptionnel de 130\u00a0\u0153uvres dont une trentaine de pi\u00e8ces in\u00e9dites sont r\u00e9unies.<\/p>\n<p>Une grande photo, en noir et blanc comme de bien entendu, ouvre l&rsquo;exposition\u00a0: Pierre Soulages, l\u00e9ger sourire aux l\u00e8vres, nous accueille assis dans son atelier. Sur les murs blancs du mus\u00e9e, comme sur du papier musique, la sc\u00e9nographie dessine une partition\u00a0: une succession d&rsquo;\u0153uvres blanches, noires, de croches, rythm\u00e9es par des intervalles, des silences. \u00ab\u00a0La taille du mus\u00e9e est parfaitement adapt\u00e9e, car les papiers sont de petit format dans l&rsquo;ensemble, estime Alfred Pacquement, le commissaire de l&rsquo;exposition, qui a bien connu Pierre Soulages. Il collabore avec Camille Morando,\u00a0responsable de la documentation des collections modernes au Centre Pompidou \u00e0 Paris, qui a men\u00e9 un gros travail de recherches sur les archives.\u00a0<\/p>\n<p>    <img decoding=\"async\" class=\"cms-media-image lazyload\" alt=\"Entr\u00e9e de l'exposition &quot;Soulages, une autre lumi\u00e8re&quot; au mus\u00e9e du Luxembourg, \u00e0 Paris, du 17\u00a0septembre\u00a02025 au 11\u00a0janvier\u00a02026. (VALERIE GAGET\u00a0\/\u00a0FRANCEINFO CULTURE)\" width=\"720\" height=\"513.50098897994\" data- src=\"https:\/\/www.europesays.com\/fr\/wp-content\/uploads\/2025\/09\/soulages-atelier-68cbde5832996743342633.jpg\"\/><\/p>\n<p>      Entr\u00e9e de l&rsquo;exposition \u00ab\u00a0Soulages, une autre lumi\u00e8re\u00a0\u00bb au mus\u00e9e du Luxembourg, \u00e0 Paris, du 17\u00a0septembre\u00a02025 au 11\u00a0janvier\u00a02026. (VALERIE GAGET\u00a0\/\u00a0FRANCEINFO CULTURE)<\/p>\n<p>\u00ab\u00a0C&rsquo;est l&rsquo;exposition la plus importante qui ait jamais \u00e9t\u00e9 consacr\u00e9e \u00e0 ce support dans l&rsquo;\u0153uvre de Pierre Soulages\u00a0\u00bb, explique fi\u00e8rement le commissaire. Quand le mus\u00e9e de Rodez a \u00e9t\u00e9 cr\u00e9\u00e9, en 2014, le peintre et son \u00e9pouse ont fait une grande donation de peintures sur papier. \u00ab\u00a0C&rsquo;est dire l&rsquo;importance que Soulages accordait \u00e0 ce travail\u00a0\u00bb, appuie Alfred Pacquement. L&rsquo;exposition entend remettre la lumi\u00e8re sur cette partie de son travail, non pas n\u00e9glig\u00e9e, mais un peu occult\u00e9e par rapport aux toiles.<\/p>\n<p>Le commissaire redessine le parcours du peintre \u00e0 grands traits\u00a0: \u00ab\u00a0Il est n\u00e9 \u00e0 Rodez, il a \u00e9t\u00e9 \u00e0 l&rsquo;\u00e9cole des Beaux-Arts de Montpellier. Quand la guerre est arriv\u00e9e, il est devenu clandestin. Il a \u00e9pous\u00e9 Colette et ils se sont install\u00e9s ensemble \u00e0 Courbevoie\u00a0\u00bb. Il pr\u00e9cise que \u00ab\u00a0l&rsquo;\u0153uvre de Soulages a commenc\u00e9 en 1946, \u00e0 la fois avec des peintures sur toile, mais surtout avec des papiers\u00a0\u00bb. Pour r\u00e9sumer, c&rsquo;est sur le papier que la belle histoire de l&rsquo;artiste aveyronnais, n\u00e9 une nuit de No\u00ebl en 1919, a v\u00e9ritablement commenc\u00e9 \u00e0 s&rsquo;\u00e9crire.\u00a0<\/p>\n<p>    <img decoding=\"async\" class=\"cms-media-image lazyload\" alt=\"Pierre Soulages, brou de noix sur papier, 73,5x47\u00a0cm, 1946, Collection\u00a0C.S. (ADAGP PARIS 2025\u00a0\/\u00a0VINCENT CUNILLERE)\" width=\"720\" height=\"1094.8899266177\" data- src=\"https:\/\/www.europesays.com\/fr\/wp-content\/uploads\/2025\/09\/2-soulages-brou-de-noix-sur-papier-73-5-x-47cm-1946-300-dpi-68cab88c704c3627236446.jpg\"\/><\/p>\n<p>      Pierre Soulages, brou de noix sur papier, 73,5&#215;47\u00a0cm, 1946, Collection\u00a0C.S. (ADAGP PARIS 2025\u00a0\/\u00a0VINCENT CUNILLERE)<\/p>\n<p>Apr\u00e8s avoir fait un certain nombre de fusains, pr\u00e9sent\u00e9s dans la premi\u00e8re salle de l&rsquo;exposition, l&rsquo;artiste a utilis\u00e9 du brou de noix, un colorant naturel qui se pr\u00e9sente sous forme de poudre ou de p\u00e2te et se dilue avec de l&rsquo;eau. \u00c0 Rodez, beaucoup d&rsquo;artisans comme son p\u00e8re, fabricant de charrettes \u00e0 chevaux, utilisaient cette mati\u00e8re, plut\u00f4t bon march\u00e9, pour teindre le bois. Dans des tonalit\u00e9s brunes, Soulages joue avec les transparences et les opacit\u00e9s permises par le brou de noix. Il emploie pour l&rsquo;appliquer des brosses tr\u00e8s larges et des couteaux qui arrachent la mati\u00e8re. Ce faisant, le peintre invente un nouveau type d&rsquo;\u0153uvres abstraites.<\/p>\n<p>Bien que l&rsquo;exposition pr\u00e9sente deux dessins de jeunesse figuratifs, r\u00e9alis\u00e9s d&rsquo;apr\u00e8s mod\u00e8le \u00e0 l&rsquo;\u00e9cole des Beaux-Arts, le commissaire pr\u00e9cise que \u00ab\u00a0Soulages est abstrait d\u00e8s le d\u00e9part en mars\u00a01946\u00a0\u00bb.\u00a0\u00ab\u00a0Tout est peinture, ajoute-t-il, Soulages ne dessine pas, il peint\u00a0\u00bb. Comme le brou de noix s\u00e9chait plus vite que les huiles, il pouvait faire beaucoup de peintures sur papier et choisir de les garder ou pas. Alfred Pacquement et Camille Morando s&rsquo;appliquent \u00e0 pr\u00e9senter un panorama complet de ce travail qui va se d\u00e9velopper, avec diff\u00e9rentes phases, de 1946 \u00e0 2005.\u00a0\u00ab\u00a0Quand il a commenc\u00e9 sa p\u00e9riode de peinture qu&rsquo;il a appel\u00e9e l&rsquo;outrenoir, la mati\u00e8re \u00e9tant \u00e9paisse sur le support, il a fallu qu&rsquo;il travaille sur toile, d\u00e9taille le commissaire. Il a donc arr\u00eat\u00e9 de peindre sur papier en 1978-1979 avant de reprendre un peu cette pratique autour de 2004.\u00a0\u00bb<\/p>\n<p>1948 marque une ann\u00e9e d\u00e9terminante dans sa carri\u00e8re. Soulages n&rsquo;a que 29\u00a0ans et il est choisi avec neuf autres peintres abstraits (dont Frantisek Kupka et Hans Hartung) repr\u00e9sentant la sc\u00e8ne artistique fran\u00e7aise, pour une exposition itin\u00e9rante qui va faire escale dans sept mus\u00e9es allemands. Rappelons que <a href=\"http:\/\/www.franceinfo.fr\/culture\/coups-de-coeur-culture\/au-musee-picasso-de-paris-la-revanche-des-artistes-degeneres-proscrits-par-les-nazis_7079856.html#comments-embed\" rel=\"nofollow noopener\" target=\"_blank\">les nazis qualifiaient l&rsquo;art abstrait de \u00ab\u00a0d\u00e9g\u00e9n\u00e9r\u00e9<\/a>\u00ab\u00a0. C&rsquo;est m\u00eame une peinture sur papier de Soulages qui figure sur l&rsquo;affiche. \u00ab\u00a0C&rsquo;est vraiment le point de d\u00e9part de sa carri\u00e8re internationale, trois\u00a0ans apr\u00e8s la fin de la guerre\u00a0\u00bb, souligne Alfred Pacquement. Dans les ann\u00e9es\u00a01950-1960, il exposera tr\u00e8s r\u00e9guli\u00e8rement \u00e0 New\u00a0York. \u00ab\u00a0Une bonne partie de sa production part aux \u00c9tats-Unis chez les meilleurs collectionneurs du moment\u00a0\u00bb, ajoute l&rsquo;expert.<\/p>\n<p>Avancer dans l&rsquo;exposition, c&rsquo;est un peu comme faire un voyage en train en regardant par la fen\u00eatre. Le paysage garde une unit\u00e9, mais il \u00e9volue parfois subrepticement et d&rsquo;autres fois de fa\u00e7on radicale. Des \u0153uvres au brou de noix, mais aussi des encres et des gouaches au d\u00e9but de sa carri\u00e8re, de grandes nappes d&rsquo;encre noire dans les ann\u00e9es\u00a01960 rappelant ses peintures sur toiles r\u00e9alis\u00e9es \u00e0 la m\u00eame \u00e9poque, puis, dans les ann\u00e9es\u00a01970, des compositions beaucoup plus minimales, plus construites&#8230; Admirez notamment quatre sublimes cadres dans des tons noirs et bleus qui occupent tout un pan de mur. \u00ab\u00a0Les peintures sur papier, c&rsquo;est une \u0153uvre dans l&rsquo;\u0153uvre\u00a0\u00bb, r\u00e9sume le commissaire de l&rsquo;exposition.<\/p>\n<p>    <img decoding=\"async\" class=\"cms-media-image lazyload\" alt=\"Pierre Soulages, gouache et encre sur papier maroufl\u00e9 sur toile, 99x63,4\u00a0cm,&#10;1978, Collection\u00a0C.S. (ADAGP PARIS 2025\u00a0\/\u00a0VINCENT CUNILLERE)\" width=\"720\" height=\"1097.3170731707\" data- src=\"https:\/\/www.europesays.com\/fr\/wp-content\/uploads\/2025\/09\/16-soulages-gouache-et-encre-sur-papier-maroufle-sur-toile-99-x-63-4-cm-1978-300-dpi-68cad3e630e2d77.jpeg\"\/><\/p>\n<p>      Pierre Soulages, gouache et encre sur papier maroufl\u00e9 sur toile, 99&#215;63,4\u00a0cm,<br \/>\n1978, Collection\u00a0C.S. (ADAGP PARIS 2025\u00a0\/\u00a0VINCENT CUNILLERE)<\/p>\n<p>Deux films agr\u00e9mentent cette exposition tr\u00e8s compl\u00e8te et permettent de r\u00e9entendre la voix du ma\u00eetre\u00a0: une <a href=\"https:\/\/fresques.ina.fr\/soulages\/fiche-media\/Soulag00007\/pierre-dumayet-recoit-pierre-soulages.html\" target=\"_blank\" rel=\"noopener nofollow\">interview avec le journaliste Pierre Dumayet, l&rsquo;homme \u00e0 la pipe, en 1969<\/a>, et un t\u00e9moignage plus personnel sur une exp\u00e9rience v\u00e9cue \u00e0 l&rsquo;\u00e9cole. Pierre Soulages raconte qu&rsquo;un jour, le professeur a demand\u00e9 aux \u00e9l\u00e8ves de sa classe de dessiner une machine \u00e0 vapeur. Ses camarades se sont aussit\u00f4t tourn\u00e9s vers lui sachant qu&rsquo;il \u00e9tait le plus dou\u00e9. Sur le tableau noir, le jeune Pierre a commenc\u00e9 par poser sa craie \u00e0 plat pour tracer deux grands rectangles blancs accol\u00e9s. Puis, devant son enseignant interloqu\u00e9, il a ensuite mouill\u00e9 son doigt et effac\u00e9 la craie pour faire appara\u00eetre les pistons. \u00ab\u00a0Je n&rsquo;aurais jamais pens\u00e9 \u00e0 \u00e7a\u00a0\u00bb, a r\u00e9agi son professeur. C&rsquo;est tr\u00e8s bien. Je vous mets 9 en le\u00e7on jusqu&rsquo;\u00e0 la fin du trimestre\u00a0\u00bb. Le peintre explique, amus\u00e9, que c&rsquo;est l&rsquo;un de ses \u00ab\u00a0rares titres de gloire\u00a0\u00bb dans sa scolarit\u00e9.<\/p>\n<p>\u00ab\u00a0Si je me souviens de cette histoire, explique-t-il, c&rsquo;est que j&rsquo;ai toujours pens\u00e9 comme \u00e7a. Tous les brous de noix que j&rsquo;ai faits, ce ne sont pas des lignes. La ligne est toujours une \u00e9paisseur, elle a toujours une surface (&#8230;) Il y a toujours une relation qui se fait avec la surface. Ce n&rsquo;est pas qu&rsquo;une trace, c&rsquo;est aussi quelque chose de concret qui se passe sur la toile\u00a0\u00bb. Son approche de la forme dessin\u00e9e appara\u00eet, comme les pistons, de fa\u00e7on limpide gr\u00e2ce \u00e0 cette anecdote racont\u00e9e dans le film.\u00a0<\/p>\n<p>    <img decoding=\"async\" class=\"cms-media-image lazyload\" alt=\"Pierre Soulages, mine de plomb sur papier maroufl\u00e9 sur toile, 75x59\u00a0cm, vers&#10;1999-2000, Collection\u00a0C.S. (ADAGP PARIS 2025\u00a0\/\u00a0VINCENT CUNILLERE)\" width=\"720\" height=\"953.58288770053\" data- src=\"https:\/\/www.europesays.com\/fr\/wp-content\/uploads\/2025\/09\/17-soulages-mine-de-plomb-sur-papier-maroufle-sur-toile-75-x-59-cm-vers-1999-2000-300-dpi-68cae6de31.jpeg\"\/><\/p>\n<p>      Pierre Soulages, mine de plomb sur papier maroufl\u00e9 sur toile, 75&#215;59\u00a0cm, vers<br \/>\n1999-2000, Collection\u00a0C.S. (ADAGP PARIS 2025\u00a0\/\u00a0VINCENT CUNILLERE)<\/p>\n<p>Le ma\u00eetre aveyronnais racontait aussi qu&rsquo;\u00e0 l&rsquo;\u00e2ge de 8 ou 10\u00a0ans, il tra\u00e7ait d\u00e9j\u00e0 \u00e0 l&rsquo;encre noire des traits sur du papier blanc pour r\u00e9aliser un paysage de neige. \u00ab\u00a0Je suis persuad\u00e9 que ce que je cherchais, c&rsquo;\u00e9tait le blanc du papier qui s&rsquo;illuminait et devenait aussi blanc que la neige gr\u00e2ce \u00e0 mes traits noirs\u00a0\u00bb, a-t-il confi\u00e9.<\/p>\n<p>Et bien que ce type d&rsquo;\u0153uvres se soit fait plus rare \u00e0 l&rsquo;hiver de sa vie, Soulages n&rsquo;a jamais oubli\u00e9 qu&rsquo;elles \u00e9taient \u00e0 la source m\u00eame de son inspiration. Le mus\u00e9e parisien du Luxembourg comme le mus\u00e9e Fabre de Montpellier ont la bonne id\u00e9e, deux ans apr\u00e8s sa mort, de remettre en lumi\u00e8re l&rsquo;\u0153uvre unique de ce g\u00e9ant de l&rsquo;art contemporain. N&rsquo;h\u00e9sitez pas \u00e0 entrer dans sa magie noire.<\/p>\n<p><strong>\u00ab\u00a0Soulages, une autre lumi\u00e8re. Peintures sur papier\u00a0\u00bb\u00a0(Nouvelle fen\u00eatre)\u00a0\u00bb, \u00ab\u00a0<\/strong><strong>du 16\u00a0septembre\u00a02025 au 11\u00a0janvier\u00a02026, au <\/strong><a href=\"https:\/\/museeduluxembourg.fr\/fr\" target=\"_blank\" rel=\"noopener nofollow\" data-tooltip-url=\"https:\/\/museeduluxembourg.fr\/fr\"><strong>mus\u00e9e du Luxembourg de Paris<\/strong><\/a><\/p>\n<p><strong>R\u00e9trospective \u00ab\u00a0Pierre Soulages, la rencontre\u00a0\u00bb au <a href=\"https:\/\/www.museefabre.fr\/soulages2025#presentation\" target=\"_blank\" rel=\"noopener nofollow\">mus\u00e9e Fabre de Montpellier<\/a>, jusqu&rsquo;au 4\u00a0janvier\u00a02026.<\/strong><\/p>\n","protected":false},"excerpt":{"rendered":"Le peintre abstrait Pierre Soulages est, jusqu&rsquo;au 11\u00a0janvier\u00a02026, dans les petits papiers du mus\u00e9e parisien du Luxembourg. Il&hellip;\n","protected":false},"author":2,"featured_media":400916,"comment_status":"","ping_status":"","sticky":false,"template":"","format":"standard","meta":{"footnotes":""},"categories":[1358],"tags":[1348,1384,1385,1386,58,59,1011,27],"class_list":{"0":"post-400915","1":"post","2":"type-post","3":"status-publish","4":"format-standard","5":"has-post-thumbnail","7":"category-arts-et-design","8":"tag-arts","9":"tag-arts-and-design","10":"tag-arts-et-design","11":"tag-design","12":"tag-divertissement","13":"tag-entertainment","14":"tag-fr","15":"tag-france"},"share_on_mastodon":{"url":"https:\/\/pubeurope.com\/@fr\/115227553467103010","error":""},"_links":{"self":[{"href":"https:\/\/www.europesays.com\/fr\/wp-json\/wp\/v2\/posts\/400915","targetHints":{"allow":["GET"]}}],"collection":[{"href":"https:\/\/www.europesays.com\/fr\/wp-json\/wp\/v2\/posts"}],"about":[{"href":"https:\/\/www.europesays.com\/fr\/wp-json\/wp\/v2\/types\/post"}],"author":[{"embeddable":true,"href":"https:\/\/www.europesays.com\/fr\/wp-json\/wp\/v2\/users\/2"}],"replies":[{"embeddable":true,"href":"https:\/\/www.europesays.com\/fr\/wp-json\/wp\/v2\/comments?post=400915"}],"version-history":[{"count":0,"href":"https:\/\/www.europesays.com\/fr\/wp-json\/wp\/v2\/posts\/400915\/revisions"}],"wp:featuredmedia":[{"embeddable":true,"href":"https:\/\/www.europesays.com\/fr\/wp-json\/wp\/v2\/media\/400916"}],"wp:attachment":[{"href":"https:\/\/www.europesays.com\/fr\/wp-json\/wp\/v2\/media?parent=400915"}],"wp:term":[{"taxonomy":"category","embeddable":true,"href":"https:\/\/www.europesays.com\/fr\/wp-json\/wp\/v2\/categories?post=400915"},{"taxonomy":"post_tag","embeddable":true,"href":"https:\/\/www.europesays.com\/fr\/wp-json\/wp\/v2\/tags?post=400915"}],"curies":[{"name":"wp","href":"https:\/\/api.w.org\/{rel}","templated":true}]}}