{"id":400917,"date":"2025-09-18T22:01:12","date_gmt":"2025-09-18T22:01:12","guid":{"rendered":"https:\/\/www.europesays.com\/fr\/400917\/"},"modified":"2025-09-18T22:01:12","modified_gmt":"2025-09-18T22:01:12","slug":"les-nouveaux-rendez-vous-litteraires-a-oxymore-a-port-vendres","status":"publish","type":"post","link":"https:\/\/www.europesays.com\/fr\/400917\/","title":{"rendered":"Les nouveaux rendez-vous litt\u00e9raires \u00e0 Oxymore \u00e0 Port-Vendres"},"content":{"rendered":"<p><b>Vendredi 19 septembre <\/b>\u00e0 19 h, la librairie Oxymore re\u00e7oit Daniel Selig et Manon Raupp. Daniel Selig est auteur, publie son premier livre en 2017, co-fonde les \u00e9ditions Automne en 2022 et participe \u00e0 diverses revues. Il vient pr\u00e9senter The mops, son premier album en tant que sc\u00e9nariste. \u00c0 l\u2019issue de cette rencontre, Daniel Selig interpr\u00e8tera quelques morceaux du duo Docks en compagnie de Manon Raupp. Apr\u00e8s une s\u00e9rie de sorties \u00e9gren\u00e9es annuellement avec tranquillit\u00e9, Docks continue d\u2019affiner une pop r\u00eaveuse et instrumentale, entre passages m\u00e9lancoliques et emballements shoegaze.<\/p>\n<p>Le <b>samedi 20 septembre<\/b> \u00e0 16 h, la rencontre propos\u00e9e par Oxymore se d\u00e9roulera au Mus\u00e9e d\u2019art moderne de Collioure, \u00e0 l\u2019occasion des Journ\u00e9es du patrimoine. La romanci\u00e8re et journaliste Caroline Boid\u00e9 viendra pr\u00e9senter son dernier ouvrage, \u00ab\u00a0Il nous faut la vie fauve\u00a0\u00bb (\u00c9quateurs litt\u00e9rature). Il est temps de r\u00e9veiller la puissance animale qui est en nous. Caroline Boid\u00e9, admiratrice des grands fauves, s\u2019est lanc\u00e9e sur les traces d\u2019artistes qui ont refus\u00e9 d\u2019\u00eatre domestiqu\u00e9s. Dans ce r\u00e9cit de voyage, qui est aussi un manifeste, nous partons sur les pas de Matisse et Derain \u00e0 Collioure, de Nietzsche \u00e0 Nice, de Catherine Pozzi (l\u2019amour fou de Paul Val\u00e9ry) ou encore de Delacroix \u00e0 Tanger, de Noureev entre Moscou et Paris\u2026 Au contact de ces esprits irr\u00e9ductibles, de leurs parcours hors la loi, l\u2019autrice c\u00e9l\u00e8bre la couleur, les paysages du Sud, les vertus de l\u2019indignation et le pouvoir de l\u2019imagination.<\/p>\n<p>Renseignements : 06 07 90 03 89.<\/p>\n","protected":false},"excerpt":{"rendered":"Vendredi 19 septembre \u00e0 19 h, la librairie Oxymore re\u00e7oit Daniel Selig et Manon Raupp. Daniel Selig est&hellip;\n","protected":false},"author":2,"featured_media":400918,"comment_status":"","ping_status":"","sticky":false,"template":"","format":"standard","meta":{"footnotes":""},"categories":[1357],"tags":[1379,58,59,1011,27,1380],"class_list":{"0":"post-400917","1":"post","2":"type-post","3":"status-publish","4":"format-standard","5":"has-post-thumbnail","7":"category-livres","8":"tag-books","9":"tag-divertissement","10":"tag-entertainment","11":"tag-fr","12":"tag-france","13":"tag-livres"},"share_on_mastodon":{"url":"https:\/\/pubeurope.com\/@fr\/115227556843590403","error":""},"_links":{"self":[{"href":"https:\/\/www.europesays.com\/fr\/wp-json\/wp\/v2\/posts\/400917","targetHints":{"allow":["GET"]}}],"collection":[{"href":"https:\/\/www.europesays.com\/fr\/wp-json\/wp\/v2\/posts"}],"about":[{"href":"https:\/\/www.europesays.com\/fr\/wp-json\/wp\/v2\/types\/post"}],"author":[{"embeddable":true,"href":"https:\/\/www.europesays.com\/fr\/wp-json\/wp\/v2\/users\/2"}],"replies":[{"embeddable":true,"href":"https:\/\/www.europesays.com\/fr\/wp-json\/wp\/v2\/comments?post=400917"}],"version-history":[{"count":0,"href":"https:\/\/www.europesays.com\/fr\/wp-json\/wp\/v2\/posts\/400917\/revisions"}],"wp:featuredmedia":[{"embeddable":true,"href":"https:\/\/www.europesays.com\/fr\/wp-json\/wp\/v2\/media\/400918"}],"wp:attachment":[{"href":"https:\/\/www.europesays.com\/fr\/wp-json\/wp\/v2\/media?parent=400917"}],"wp:term":[{"taxonomy":"category","embeddable":true,"href":"https:\/\/www.europesays.com\/fr\/wp-json\/wp\/v2\/categories?post=400917"},{"taxonomy":"post_tag","embeddable":true,"href":"https:\/\/www.europesays.com\/fr\/wp-json\/wp\/v2\/tags?post=400917"}],"curies":[{"name":"wp","href":"https:\/\/api.w.org\/{rel}","templated":true}]}}