{"id":400919,"date":"2025-09-18T22:02:12","date_gmt":"2025-09-18T22:02:12","guid":{"rendered":"https:\/\/www.europesays.com\/fr\/400919\/"},"modified":"2025-09-18T22:02:12","modified_gmt":"2025-09-18T22:02:12","slug":"accrochage-entre-alain-duhamel-et-chloe-ridel-sur-le-plateau-de-bfmtv","status":"publish","type":"post","link":"https:\/\/www.europesays.com\/fr\/400919\/","title":{"rendered":"accrochage entre Alain Duhamel et Chlo\u00e9 Ridel sur le plateau de BFMTV"},"content":{"rendered":"<p>    Alain Duhamel et Chlo\u00e9 Ridel<br \/>\n                Domine Jerome\/ABACA \/ Domine Jerome \/ Domine Jerome\/ABACA \/ Domine Jerome<\/p>\n<p>Un climat tendu dans les rues, mais \u00e9galement sur les cha\u00eenes de t\u00e9l\u00e9vision. Ce jeudi 18 octobre, les t\u00e9l\u00e9spectateurs de la cha\u00eene d\u2019information en continu ont assist\u00e9 \u00e0 une dissension entre l\u2019\u00e9ditorialiste politique et la d\u00e9put\u00e9e europ\u00e9enne.<\/p>\n<p class=\"fig-paragraph\">Les tensions n\u2019avaient pas lieu uniquement dans les rues en ce 18 septembre,\u00a0<a href=\"http:\/\/www.lefigaro.fr\/actualite-france\/dossier\/greve-du-18-septembre-tout-ce-qu-il-faut-savoir-sur-le-mouvement\" target=\"_blank\" data-fig-type=\"Topic\" rel=\"noopener\" data-gtm-custom-categorie=\"navigation\" data-gtm-custom-action=\"crossclick\" data-gtm-custom-label=\"Contextuel\" data-gtm-event=\"customEventSPE\" data-fig-domain=\"LEFIGARO\">jour de manifestations<\/a>. Sur les plateaux de t\u00e9l\u00e9vision aussi, les esprits se sont \u00e9chauff\u00e9s. C\u2019\u00e9tait en l\u2019occurrence le cas sur<a href=\"https:\/\/www.lefigaro.fr\/tag\/bfmtv\" target=\"_blank\" rel=\"sponsored noopener\" data-gtm-custom-categorie=\"navigation\" data-gtm-custom-action=\"crossclick\" data-gtm-custom-label=\"Contextuel\" data-gtm-event=\"customEventSPE\">\u00a0BFMTV<\/a>\u00a0en fin d\u2019apr\u00e8s-midi alors que la cha\u00eene \u00e9tait en \u00e9dition sp\u00e9ciale pour l\u2019occasion. Les invit\u00e9s se sont succ\u00e9d\u00e9 sur fond d\u2019images de manifestation dans les rues de Paris avec, entre autres, l\u2019\u00e9ditorialiste politique\u00a0<a href=\"https:\/\/www.lefigaro.fr\/tag\/alain-duhamel\" target=\"_blank\" rel=\"sponsored noopener\" data-gtm-custom-categorie=\"navigation\" data-gtm-custom-action=\"crossclick\" data-gtm-custom-label=\"Contextuel\" data-gtm-event=\"customEventSPE\">Alain Duhamel<\/a>\u00a0ainsi que la d\u00e9put\u00e9e europ\u00e9enne et coordinatrice nationale du PS Chlo\u00e9 Ridel.<\/p>\n<p class=\"fig-paragraph\">Et alors que la femme politique d\u00e9clarait s\u2019\u00eatre rendue \u00e0 Matignon avec son parti politique afin d\u2019exposer leurs propositions alternatives au premier ministre\u00a0<a href=\"https:\/\/video.lefigaro.fr\/figaro\/sebastien-lecornu-recevra-les-organisations-syndicales-dans-les-jours-qui-viennent-20250918\" data-fig-type=\"Video\" data-gtm-custom-categorie=\"navigation\" data-gtm-custom-action=\"crossclick\" data-gtm-custom-label=\"Contextuel\" data-gtm-event=\"customEventSPE\" data-fig-domain=\"LEFIGARO\" target=\"_blank\" rel=\"noopener\">S\u00e9bastien Lecornu<\/a>\u00a0et \u00eatre pr\u00eat \u00e0 prendre le pouvoir, l\u2019\u00e9ditorialiste politique s\u2019est offusqu\u00e9. \u00abJe ne vois pas les choses comme \u00e7a. Ce qu\u2019il s\u2019est pass\u00e9 hier \u00e9tait une premi\u00e8re prise de contact [&#8230;] et appelle \u00e0 d\u2019autres r\u00e9unions. \u00c0 mon avis il y en aura beaucoup d\u2019autres\u00bb, a-t-il martel\u00e9.<\/p>\n<p class=\"fig-body-link\">\n            \u00c0 lire aussi<br \/>\n        <a class=\"fig-body-link__link\" href=\"http:\/\/tvmag.lefigaro.fr\/programme-tv\/actu-tele\/telematin-la-matinale-de-france-2-perturbee-par-la-greve-du-18-septembre-20250918\" target=\"_blank\" data-fig-type=\"Article\" rel=\"noopener\" data-gtm-custom-categorie=\"navigation\" data-gtm-custom-action=\"crossclick\" data-gtm-custom-label=\"Contextuel\" data-gtm-event=\"customEventSPE\" data-fig-domain=\"TVMAG\">\u00abT\u00e9l\u00e9matin\u00bb\u00a0: la matinale de France 2 perturb\u00e9e par la gr\u00e8ve du 18 septembre<br \/>\n    <\/a>\n<\/p>\n<p>                                    <a class=\"fig-a11y-skip a11y-hidden\" href=\"#fig-a11y-skip-main-inarticle\"><br \/>\n        Passer la publicit\u00e9<br \/>\n    <\/a><\/p>\n<p>\u00abOn fera appel \u00e0 la VAR\u00bb<\/p>\n<p class=\"fig-paragraph\">Une assurance qui n\u2019a pas plu \u00e0 la d\u00e9put\u00e9e europ\u00e9enne qui a repris la parole dans la foul\u00e9e. \u00abVous parlez \u00e0 ma place depuis tout \u00e0 l\u2019heure. Je me permets quand m\u00eame de vous corriger\u00bb, a lanc\u00e9 Chlo\u00e9 Ridel, passablement agac\u00e9e. Et de poursuivre\u00a0: \u00abVous dites que ce n\u2019est que la premi\u00e8re rencontre d\u2019une s\u00e9rie. Mais qu\u2019est-ce que vous en savez Monsieur\u00a0?\u00bb D\u00e8s lors, le ton est officiellement mont\u00e9 entre les deux interlocuteurs. \u00abNon, mais vous \u00eates extraordinaire\u00a0!\u00bb, s\u2019est exclam\u00e9 Alain Duhamel suscitant la surprise de la d\u00e9put\u00e9e. \u00abD\u2019abord vous \u00eates insolente et je n\u2019ai pas l\u2019habitude. Vous parlez de fa\u00e7on impertinente. Et je ne parle pas du tout \u00e0 votre place\u00bb, a-t-il r\u00e9torqu\u00e9.<\/p>\n<p class=\"fig-paragraph\">Un aplomb qui a visiblement d\u00e9plu \u00e0 Chlo\u00e9 Ridel qui a d\u00e9nonc\u00e9 un comportement sexiste. \u00abJe ne vois pas ce que le sexe a \u00e0 voir l\u00e0-dedans. Vous croyez que si vous \u00e9tiez un homme je n\u2019aurai pas fait la m\u00eame chose franchement\u00a0?\u00bb, a questionn\u00e9 l\u2019\u00e9ditorialiste politique exc\u00e9d\u00e9. Dans la foul\u00e9e, le pr\u00e9sentateur de BFMTV a d\u00e9fendu son chroniqueur en avan\u00e7ant\u00a0: \u00abIl vous interpelle en tant que responsable politique, pas en tant que femme.\u00bb<\/p>\n<p class=\"fig-paragraph\">Celle qui s\u2019est d\u00e9fendue d\u2019\u00eatre insolente s\u2019est appuy\u00e9e sur la vid\u00e9o du direct pour prouver le contraire. Une remarque qui a davantage amus\u00e9 les protagonistes pr\u00e9sents sur le plateau. \u00abOn fera appel \u00e0 la VAR (l\u2019assistance vid\u00e9o \u00e0 l\u2019arbitrage NDLR)\u00bb, a conclu le pr\u00e9sentateur en plaisantant.<\/p>\n","protected":false},"excerpt":{"rendered":"Alain Duhamel et Chlo\u00e9 Ridel Domine Jerome\/ABACA \/ Domine Jerome \/ Domine Jerome\/ABACA \/ Domine Jerome Un climat&hellip;\n","protected":false},"author":2,"featured_media":400920,"comment_status":"","ping_status":"","sticky":false,"template":"","format":"standard","meta":{"footnotes":""},"categories":[1356],"tags":[36542,10831,58,59,1011,27,252,1364],"class_list":{"0":"post-400919","1":"post","2":"type-post","3":"status-publish","4":"format-standard","5":"has-post-thumbnail","7":"category-television","8":"tag-alain-duhamel","9":"tag-bfmtv","10":"tag-divertissement","11":"tag-entertainment","12":"tag-fr","13":"tag-france","14":"tag-television","15":"tag-tv"},"share_on_mastodon":{"url":"https:\/\/pubeurope.com\/@fr\/115227560752545231","error":""},"_links":{"self":[{"href":"https:\/\/www.europesays.com\/fr\/wp-json\/wp\/v2\/posts\/400919","targetHints":{"allow":["GET"]}}],"collection":[{"href":"https:\/\/www.europesays.com\/fr\/wp-json\/wp\/v2\/posts"}],"about":[{"href":"https:\/\/www.europesays.com\/fr\/wp-json\/wp\/v2\/types\/post"}],"author":[{"embeddable":true,"href":"https:\/\/www.europesays.com\/fr\/wp-json\/wp\/v2\/users\/2"}],"replies":[{"embeddable":true,"href":"https:\/\/www.europesays.com\/fr\/wp-json\/wp\/v2\/comments?post=400919"}],"version-history":[{"count":0,"href":"https:\/\/www.europesays.com\/fr\/wp-json\/wp\/v2\/posts\/400919\/revisions"}],"wp:featuredmedia":[{"embeddable":true,"href":"https:\/\/www.europesays.com\/fr\/wp-json\/wp\/v2\/media\/400920"}],"wp:attachment":[{"href":"https:\/\/www.europesays.com\/fr\/wp-json\/wp\/v2\/media?parent=400919"}],"wp:term":[{"taxonomy":"category","embeddable":true,"href":"https:\/\/www.europesays.com\/fr\/wp-json\/wp\/v2\/categories?post=400919"},{"taxonomy":"post_tag","embeddable":true,"href":"https:\/\/www.europesays.com\/fr\/wp-json\/wp\/v2\/tags?post=400919"}],"curies":[{"name":"wp","href":"https:\/\/api.w.org\/{rel}","templated":true}]}}