{"id":400921,"date":"2025-09-18T22:03:12","date_gmt":"2025-09-18T22:03:12","guid":{"rendered":"https:\/\/www.europesays.com\/fr\/400921\/"},"modified":"2025-09-18T22:03:12","modified_gmt":"2025-09-18T22:03:12","slug":"madonna-annonce-son-retour-a-la-musique-avec-un-nouvel-album-aux-sonorites-dance","status":"publish","type":"post","link":"https:\/\/www.europesays.com\/fr\/400921\/","title":{"rendered":"Madonna annonce son \u00ab\u00a0retour \u00e0 la musique\u00a0\u00bb avec un nouvel album aux sonorit\u00e9s \u00ab\u00a0dance\u00a0\u00bb"},"content":{"rendered":"<p>        <img decoding=\"async\" loading=\"lazy\" src=\"https:\/\/www.europesays.com\/fr\/wp-content\/uploads\/2025\/09\/e25dcbf_1710149096051-gettyimages-533745738.jpg\"  width=\"728\" height=\"409\" alt=\"Madonna, qui demeure l\u2019artiste musicale la plus vendue de l\u2019histoire, a annonc\u00e9 ce jeudi 18\u00a0septembre un nouvel album aux sonorit\u00e9s \u00ab\u00a0dance\u00a0\u00bb. (Photo d\u2019illustration prise en 2016)\"\/>  <\/p>\n<p>JB Lacroix \/ WireImage<\/p>\n<p>Madonna, qui demeure l\u2019artiste musicale la plus vendue de l\u2019histoire, a annonc\u00e9 ce jeudi 18\u00a0septembre un nouvel album aux sonorit\u00e9s \u00ab\u00a0dance\u00a0\u00bb. (Photo d\u2019illustration prise en 2016)<\/p>\n<p class=\"asset asset-text\">CULTURE &#8211; La reine de la pop annonce revenir \u00ab\u00a0\u00e0 la musique\u00a0\u00bb et sur le \u00ab\u00a0Dance Floor\u00a0\u00bb . <a href=\"https:\/\/www.huffingtonpost.fr\/people\/article\/madonna-critiquee-aux-grammy-awards-cite-beyonce-pour-repondre-aux-attaques_213807.html\" target=\"_blank\" rel=\"noopener\">Madonna<\/a>, qui demeure l\u2019artiste musicale la plus vendue de l\u2019histoire, a annonc\u00e9 ce jeudi 18\u00a0septembre un nouvel <a href=\"https:\/\/www.huffingtonpost.fr\/culture\/article\/eddy-de-pretto-explique-l-histoire-du-dessin-bizarre-de-son-nouvel-album_177138.html\" target=\"_blank\" rel=\"noopener\">album<\/a> aux sonorit\u00e9s \u00ab\u00a0dance\u00a0\u00bb l\u2019ann\u00e9e prochaine chez Warner. C\u2019est le label de ses d\u00e9buts avec lequel elle a sign\u00e9 ses plus grands succ\u00e8s, notamment ses albums iconiques tels que\u00a0Like a Prayer\u00a0et\u00a0Ray of Light.<\/p>\n<p class=\"asset asset-text\">\u00ab\u00a0Je suis heureuse de renouer ces liens et j\u2019attends avec impatience l\u2019avenir\u00a0: faire de la musique, surprendre, tout en provoquant peut-\u00eatre quelques d\u00e9bats n\u00e9cessaires\u00a0\u00bb, a d\u00e9clar\u00e9 la star dans un communiqu\u00e9.<\/p>\n<p class=\"asset asset-text\">Son futur disque est produit par le DJ Stuart Price,\u00a0avec qui la chanteuse a \u00e9labor\u00e9 son album Confessions\u00a0on a Dance Floor\u00a0(2005), sur lequel figure les tubes Hung Up et Sorry, pr\u00e9cise ce communiqu\u00e9.<\/p>\n<p>    \u00ab\u00a0C\u2019est un mod\u00e8le, une briseuse de r\u00e8gles\u00a0\u00bb    <\/p>\n<p class=\"asset asset-text\">\u00ab\u00a0Nous sommes honor\u00e9s d\u2019accueillir Madonna de retour chez Warner. Madonna n\u2019est pas seulement une artiste, c\u2019est un mod\u00e8le, une briseuse de r\u00e8gles, une force culturelle ultime\u00a0\u00bb, se r\u00e9jouissent pour leur part Tom Corson et Aaron Bay-Schuck, copr\u00e9sidents de Warner Records.<\/p>\n<p class=\"asset asset-text\">La star de 67 ans, qui avait d\u2019abord sign\u00e9 avec Warner en 1982, avait quitt\u00e9 la major en 2007 pour un contrat historique avec Live Nation, un des plus gros de l\u2019\u00e9poque.<\/p>\n<p class=\"asset asset-text\">Apr\u00e8s trois albums sans grand succ\u00e8s, dont le dernier,\u00a0Madame, remonte \u00e0 2019, la Madonne avait renou\u00e9 en 2021 avec le label de ses d\u00e9buts.<\/p>\n","protected":false},"excerpt":{"rendered":"JB Lacroix \/ WireImage Madonna, qui demeure l\u2019artiste musicale la plus vendue de l\u2019histoire, a annonc\u00e9 ce jeudi&hellip;\n","protected":false},"author":2,"featured_media":400922,"comment_status":"","ping_status":"","sticky":false,"template":"","format":"standard","meta":{"footnotes":""},"categories":[1355],"tags":[1692,251,58,59,1011,27,6239,1361,873],"class_list":{"0":"post-400921","1":"post","2":"type-post","3":"status-publish","4":"format-standard","5":"has-post-thumbnail","7":"category-musique","8":"tag-album","9":"tag-culture","10":"tag-divertissement","11":"tag-entertainment","12":"tag-fr","13":"tag-france","14":"tag-madonna","15":"tag-music","16":"tag-musique"},"share_on_mastodon":{"url":"https:\/\/pubeurope.com\/@fr\/115227564794466052","error":""},"_links":{"self":[{"href":"https:\/\/www.europesays.com\/fr\/wp-json\/wp\/v2\/posts\/400921","targetHints":{"allow":["GET"]}}],"collection":[{"href":"https:\/\/www.europesays.com\/fr\/wp-json\/wp\/v2\/posts"}],"about":[{"href":"https:\/\/www.europesays.com\/fr\/wp-json\/wp\/v2\/types\/post"}],"author":[{"embeddable":true,"href":"https:\/\/www.europesays.com\/fr\/wp-json\/wp\/v2\/users\/2"}],"replies":[{"embeddable":true,"href":"https:\/\/www.europesays.com\/fr\/wp-json\/wp\/v2\/comments?post=400921"}],"version-history":[{"count":0,"href":"https:\/\/www.europesays.com\/fr\/wp-json\/wp\/v2\/posts\/400921\/revisions"}],"wp:featuredmedia":[{"embeddable":true,"href":"https:\/\/www.europesays.com\/fr\/wp-json\/wp\/v2\/media\/400922"}],"wp:attachment":[{"href":"https:\/\/www.europesays.com\/fr\/wp-json\/wp\/v2\/media?parent=400921"}],"wp:term":[{"taxonomy":"category","embeddable":true,"href":"https:\/\/www.europesays.com\/fr\/wp-json\/wp\/v2\/categories?post=400921"},{"taxonomy":"post_tag","embeddable":true,"href":"https:\/\/www.europesays.com\/fr\/wp-json\/wp\/v2\/tags?post=400921"}],"curies":[{"name":"wp","href":"https:\/\/api.w.org\/{rel}","templated":true}]}}