{"id":400926,"date":"2025-09-18T22:07:10","date_gmt":"2025-09-18T22:07:10","guid":{"rendered":"https:\/\/www.europesays.com\/fr\/400926\/"},"modified":"2025-09-18T22:07:10","modified_gmt":"2025-09-18T22:07:10","slug":"isabelle-nanty-la-triste-annonce","status":"publish","type":"post","link":"https:\/\/www.europesays.com\/fr\/400926\/","title":{"rendered":"Isabelle Nanty : la triste annonce"},"content":{"rendered":"<p>Isabelle Nanty risque de <strong>beaucoup moins appara\u00eetre \u00e0 la t\u00e9l\u00e9vision ou au cin\u00e9ma<\/strong> dans les prochains mois. En effet, l\u2019actrice \u00e2g\u00e9e de 63 ans va visiblement devoir s\u2019\u00e9loigner des plateaux de tournage pendant quelque temps. La faute \u00e0 <a href=\"https:\/\/www.letribunaldunet.fr\/people\/isabelle-nanty-victime-dun-accident-de-la-route-la-comedienne-dans-un-etat-grave.html?utm_source=public&amp;utm_medium=referral\" target=\"_blank\" rel=\"noopener\">son grave accident<\/a> survenu vendredi dernier.<\/p>\n<p>Le 12 septembre 2025, nos confr\u00e8res de 78 Actu r\u00e9v\u00e9laient que l\u2019acolyte de Jean-Paul Rouve <a href=\"https:\/\/www.public.fr\/isabelle-nanty-victime-dun-grave-accident-de-la-route-lactrice-hospitalisee-en-urgence-absolue\" target=\"_blank\" rel=\"noopener\">avait eu un grave accident de voiture<\/a> et \u00e9tait\u00a0 hospitalis\u00e9e depuis quarante-huit heures\u00a0\u00e0 l&rsquo;h\u00f4pital Percy de Clamart dans les Hauts-de-Seine. Son grave accident de la route a eu lieu aux environs de Saint-Arnoult (Yvelines). Isabelle Nanty a <strong>d\u00fb \u00eatre plac\u00e9e en urgence absolue dans la foul\u00e9e selon nos confr\u00e8res.<\/strong><\/p>\n<p>78 Actu indiquait \u00e9galement que l\u2019actrice \u00e2g\u00e9e de 63 ans \u00e9tait la passag\u00e8re d&rsquo;une Mercedes V lou\u00e9e. Un v\u00e9hicule conduit par <a href=\"https:\/\/www.public.fr\/isabelle-nanty-victime-dun-gros-accident-de-la-route-sur-la10-le-conducteur-avait-un-profil-tout-particulier\" target=\"_blank\" rel=\"noopener\">un chauffeur priv\u00e9<\/a> qui s\u2019est retourn\u00e9 lors de l\u2019accident. Heureusement aucun autre v\u00e9hicule n&rsquo;a \u00e9t\u00e9 impliqu\u00e9\u00a0et, \u00e0 ce stade, on ignore les causes de cet accident.<\/p>\n<p>Isabelle Nanty doit \u00ab\u00a0r\u00e9cup\u00e9rer\u00a0\u00bb avant de repartir en tournage<\/p>\n<p>Si, \u00e0 l\u2019heure actuelle, Isabelle Nanty <a href=\"https:\/\/www.public.fr\/annonce-mort-isabelle-nanty-hospitalisee-durgence-dany-boon-donne-des-nouvelles-de-la-comedienne\" target=\"_blank\" rel=\"noopener\">se trouve hors de danger<\/a>, cet accident a de nombreuses <strong>r\u00e9percussions sur son travail<\/strong>. En effet, l\u2019actrice connue pour ses r\u00f4les dans <strong>Munch, les Tuche<\/strong>, ou encore <strong>Tatie Danielle<\/strong>, semble devoir s\u2019\u00e9loigner des plateaux de tournage \u00e0 cause de ses blessures.<\/p>\n<p>Nos confr\u00e8res du <a href=\"https:\/\/www.leparisien.fr\/culture-loisirs\/cinema\/accident-disabelle-nanty-blessee-lactrice-a-du-quitter-le-tournage-dune-serie-pour-tf1-18-09-2025-5T43U3LZEVA7XESZ36UAVF2654.php?ts=1758208638508\" target=\"_blank\" rel=\"noopener\">Parisien<\/a> indiquent en effet qu\u2019au moment o\u00f9 l\u2019accident se produisait, la com\u00e9dienne revenait du Cantal, o\u00f9 elle jouait dans une s\u00e9rie pour TF1, dont elle tient le r\u00f4le-titre. Il s\u2019agit de la s\u00e9rie <strong>Marie-Line, incognito<\/strong>.\u00a0<\/p>\n<p>\u00ab\u00a0Le tournage de cette fiction avait commenc\u00e9 le 24 juin, s\u2019\u00e9tait interrompu le 7 ao\u00fbt et avait repris le 24. Selon la production, il ne restait plus qu\u2019\u00e0\u00a0la com\u00e9dienne des \u00ab\u00a0Tuche\u00a0\u00bb\u00a0que quelques sc\u00e8nes \u00e0 mettre en bo\u00eete. Le tournage, qui devait initialement s\u2019achever le 5 octobre, <strong>se poursuit actuellement sans sa com\u00e9dienne-phare<\/strong>\u00ab\u00a0, expliquent nos confr\u00e8res.<\/p>\n<p>Elle tient le premier r\u00f4le de la s\u00e9rie \u00ab\u00a0Marie-Line, incognito\u00a0\u00bb<\/p>\n<p>Toujours d\u2019apr\u00e8s le Parisien, Isabelle Nanty ne pourra revenir sur le plateau qu\u2019au moment o\u00f9\u00a0\u00ab\u00a0elle sera en \u00e9tat de le faire\u2026\u00a0\u00bb. Autrement dit, pas avant plusieurs semaines d\u2019apr\u00e8s le quotidien.\u00a0 \u00ab\u00a0On avance le c\u0153ur serr\u00e9 pour Isabelle , <strong>en esp\u00e9rant qu\u2019elle se r\u00e9tablisse vite<\/strong>\u00ab\u00a0, indique d\u2019ailleurs un membre de l\u2019\u00e9quipe \u00e0 nos confr\u00e8res.\u00a0<\/p>\n<p>Dans cette s\u00e9rie r\u00e9alis\u00e9e par Arnauld Mercadier, Isabelle Nanty interpr\u00e8te le personnage principal Marie-Line Maupain. Une ancienne espionne de la DGSE (Direction g\u00e9n\u00e9rale de la s\u00e9curit\u00e9 ext\u00e9rieure) en Russie qui se retrouve forc\u00e9e de se mettre au vert dans son Cantal natal apr\u00e8s une mission d\u00e9licate. <\/p>\n<p>N\u00e9anmoins, malgr\u00e9 sa mise au vert, Marie-Line Maupain va faire face \u00e0 une s\u00e9rie de meurtres et va ainsi se retrouver forc\u00e9e de \u00ab\u00a0remettre le tablier\u00a0\u00bb.\u00a0<\/p>\n<p>      Mentionn\u00e9s dans cet article<\/p>\n<p>      Sur le m\u00eame sujet<\/p>\n","protected":false},"excerpt":{"rendered":"Isabelle Nanty risque de beaucoup moins appara\u00eetre \u00e0 la t\u00e9l\u00e9vision ou au cin\u00e9ma dans les prochains mois. En&hellip;\n","protected":false},"author":2,"featured_media":400927,"comment_status":"","ping_status":"","sticky":false,"template":"","format":"standard","meta":{"footnotes":""},"categories":[8],"tags":[119,4376,58,59,1011,27,11403,1629,199,6265],"class_list":{"0":"post-400926","1":"post","2":"type-post","3":"status-publish","4":"format-standard","5":"has-post-thumbnail","7":"category-divertissement","8":"tag-accident","9":"tag-accident-de-la-route","10":"tag-divertissement","11":"tag-entertainment","12":"tag-fr","13":"tag-france","14":"tag-isabelle-nanty","15":"tag-jean-paul-rouve","16":"tag-tf1","17":"tag-tournage"},"share_on_mastodon":{"url":"https:\/\/pubeurope.com\/@fr\/115227580477868155","error":""},"_links":{"self":[{"href":"https:\/\/www.europesays.com\/fr\/wp-json\/wp\/v2\/posts\/400926","targetHints":{"allow":["GET"]}}],"collection":[{"href":"https:\/\/www.europesays.com\/fr\/wp-json\/wp\/v2\/posts"}],"about":[{"href":"https:\/\/www.europesays.com\/fr\/wp-json\/wp\/v2\/types\/post"}],"author":[{"embeddable":true,"href":"https:\/\/www.europesays.com\/fr\/wp-json\/wp\/v2\/users\/2"}],"replies":[{"embeddable":true,"href":"https:\/\/www.europesays.com\/fr\/wp-json\/wp\/v2\/comments?post=400926"}],"version-history":[{"count":0,"href":"https:\/\/www.europesays.com\/fr\/wp-json\/wp\/v2\/posts\/400926\/revisions"}],"wp:featuredmedia":[{"embeddable":true,"href":"https:\/\/www.europesays.com\/fr\/wp-json\/wp\/v2\/media\/400927"}],"wp:attachment":[{"href":"https:\/\/www.europesays.com\/fr\/wp-json\/wp\/v2\/media?parent=400926"}],"wp:term":[{"taxonomy":"category","embeddable":true,"href":"https:\/\/www.europesays.com\/fr\/wp-json\/wp\/v2\/categories?post=400926"},{"taxonomy":"post_tag","embeddable":true,"href":"https:\/\/www.europesays.com\/fr\/wp-json\/wp\/v2\/tags?post=400926"}],"curies":[{"name":"wp","href":"https:\/\/api.w.org\/{rel}","templated":true}]}}