{"id":400933,"date":"2025-09-18T22:11:10","date_gmt":"2025-09-18T22:11:10","guid":{"rendered":"https:\/\/www.europesays.com\/fr\/400933\/"},"modified":"2025-09-18T22:11:10","modified_gmt":"2025-09-18T22:11:10","slug":"un-homme-abattu-apres-avoir-menace-des-enfants-et-des-policiers-avec-une-machette","status":"publish","type":"post","link":"https:\/\/www.europesays.com\/fr\/400933\/","title":{"rendered":"Un homme abattu apr\u00e8s avoir menac\u00e9 des enfants et des policiers avec une machette"},"content":{"rendered":"<p>Un homme a \u00e9t\u00e9 abattu apr\u00e8s avoir menac\u00e9 des enfants et attaqu\u00e9 des <a href=\"https:\/\/www.20minutes.fr\/dossier\/policier\" class=\"c-link c-link--is-underlined\" target=\"_blank\" rel=\"noopener\">policiers<\/a> ce jeudi avec une machette \u00e0 La Seyne-sur-Mer (<a href=\"https:\/\/www.20minutes.fr\/societe\/var\/\" class=\"c-link c-link--is-underlined\" target=\"_blank\" rel=\"noopener\">Var<\/a>), pr\u00e8s de <a href=\"https:\/\/www.20minutes.fr\/dossier\/toulon\" class=\"c-link c-link--is-underlined\" target=\"_blank\" rel=\"noopener\">Toulon<\/a>. Les faits se sont produits vers 16h45, devant l\u2019\u00e9cole maternelle Pierre-Semard.<\/p>\n<p>Selon le procureur de la R\u00e9publique de Toulon, Samuel Finiel, les services de police ont \u00e9t\u00e9 pr\u00e9venus en fin d\u2019apr\u00e8s-midi d\u2019un homme qui \u00ab\u00a0d\u00e9ambulait avec une machette pr\u00e8s de la cit\u00e9 Berthe\u00a0\u00bb. Il tenait \u00ab\u00a0une attitude et des propos mena\u00e7ants\u00a0\u00bb. Il a tent\u00e9 dans un premier temps de s\u2019enfuir \u00e0 l\u2019arriv\u00e9e des policiers. Rejoint et accul\u00e9, il aurait alors menac\u00e9 les forces de l\u2019ordre \u00e0 l\u2019aide d\u2019une machette.<\/p>\n<p>Six balles tir\u00e9es \u00ab\u00a0en direction des jambes\u00a0\u00bb<\/p>\n<p>Ceux-ci auraient us\u00e9 \u00e0 deux reprises d\u2019un pistolet \u00e0 impulsion \u00e9lectrique, sans effet sur le trentenaire, toujours mena\u00e7ant et approchant. Ils auraient alors fait \u00ab\u00a0usage de leur arme \u00e0 feu \u00e0 six reprises, en visant le bas de son corps\u00a0\u00bb. Il est finalement d\u00e9c\u00e9d\u00e9 quelques minutes plus tard apr\u00e8s l\u2019intervention des sapeurs-pompiers qui ont essay\u00e9 de le r\u00e9animer, pr\u00e9cise le magistrat.<\/p>\n<\/p>\n<p>Son identit\u00e9 n\u2019a pas \u00e9t\u00e9 divulgu\u00e9e. Deux enqu\u00eates distinctes ont \u00e9t\u00e9 ouvertes. L\u2019une pour les \u00ab\u00a0violences commises \u00e0 l\u2019encontre d\u2019un tiers et de la police\u00a0\u00bb, afin notamment de tenter de comprendre les raisons qui l\u2019ont pouss\u00e9 \u00e0 se montrer mena\u00e7ant. La seconde \u00ab\u00a0sur les circonstances de l\u2019ouverture du feu de la police\u00a0\u00bb, pr\u00e9cise BFM TV.<\/p>\n","protected":false},"excerpt":{"rendered":"Un homme a \u00e9t\u00e9 abattu apr\u00e8s avoir menac\u00e9 des enfants et attaqu\u00e9 des policiers ce jeudi avec une&hellip;\n","protected":false},"author":2,"featured_media":400934,"comment_status":"","ping_status":"","sticky":false,"template":"","format":"standard","meta":{"footnotes":""},"categories":[4],"tags":[47,11,6688,847,118,1011,27,1147,12,883,1072,882,25,2310,7506],"class_list":{"0":"post-400933","1":"post","2":"type-post","3":"status-publish","4":"format-standard","5":"has-post-thumbnail","7":"category-france","8":"tag-actualite","9":"tag-actualites","10":"tag-ecole-maternelle","11":"tag-enfant","12":"tag-faits-divers","13":"tag-fr","14":"tag-france","15":"tag-menace","16":"tag-news","17":"tag-paca","18":"tag-police","19":"tag-provence-alpes-cote-dazur","20":"tag-republique-francaise","21":"tag-toulon","22":"tag-var"},"share_on_mastodon":{"url":"https:\/\/pubeurope.com\/@fr\/115227596161723395","error":""},"_links":{"self":[{"href":"https:\/\/www.europesays.com\/fr\/wp-json\/wp\/v2\/posts\/400933","targetHints":{"allow":["GET"]}}],"collection":[{"href":"https:\/\/www.europesays.com\/fr\/wp-json\/wp\/v2\/posts"}],"about":[{"href":"https:\/\/www.europesays.com\/fr\/wp-json\/wp\/v2\/types\/post"}],"author":[{"embeddable":true,"href":"https:\/\/www.europesays.com\/fr\/wp-json\/wp\/v2\/users\/2"}],"replies":[{"embeddable":true,"href":"https:\/\/www.europesays.com\/fr\/wp-json\/wp\/v2\/comments?post=400933"}],"version-history":[{"count":0,"href":"https:\/\/www.europesays.com\/fr\/wp-json\/wp\/v2\/posts\/400933\/revisions"}],"wp:featuredmedia":[{"embeddable":true,"href":"https:\/\/www.europesays.com\/fr\/wp-json\/wp\/v2\/media\/400934"}],"wp:attachment":[{"href":"https:\/\/www.europesays.com\/fr\/wp-json\/wp\/v2\/media?parent=400933"}],"wp:term":[{"taxonomy":"category","embeddable":true,"href":"https:\/\/www.europesays.com\/fr\/wp-json\/wp\/v2\/categories?post=400933"},{"taxonomy":"post_tag","embeddable":true,"href":"https:\/\/www.europesays.com\/fr\/wp-json\/wp\/v2\/tags?post=400933"}],"curies":[{"name":"wp","href":"https:\/\/api.w.org\/{rel}","templated":true}]}}