{"id":400947,"date":"2025-09-18T22:19:10","date_gmt":"2025-09-18T22:19:10","guid":{"rendered":"https:\/\/www.europesays.com\/fr\/400947\/"},"modified":"2025-09-18T22:19:10","modified_gmt":"2025-09-18T22:19:10","slug":"comment-les-cameras-ont-elles-permis-de-retrouver-le-voleur-du-telephone-dun-enfant-de-10-ans","status":"publish","type":"post","link":"https:\/\/www.europesays.com\/fr\/400947\/","title":{"rendered":"comment les cam\u00e9ras ont-elles permis de retrouver le voleur du t\u00e9l\u00e9phone d\u2019un enfant de 10 ans\u00a0?"},"content":{"rendered":"<p>            Par<br \/>\n        <strong><br \/>\n            <a href=\"https:\/\/actu.fr\/auteur\/metropoop\" title=\"Consulter tous les articles de R\u00e9daction M\u00e9tropolitain\" target=\"_blank\" rel=\"noopener\">R\u00e9daction M\u00e9tropolitain<\/a><br \/>\n        <\/strong><\/p>\n<p>        Publi\u00e9 le<\/p>\n<p>            18 sept. 2025 \u00e0 18h35        <\/p>\n<p><strong>Ce mardi 16 septembre 2025<\/strong>, peu avant 18h, <strong>un enfant de 10 ans<\/strong> a \u00e9t\u00e9 pris pour cible en plein <strong>centre-ville de Montpellier<\/strong>. Alors qu\u2019il marchait, <strong>son t\u00e9l\u00e9phone portable<\/strong> lui a \u00e9t\u00e9 <strong>d\u00e9rob\u00e9<\/strong>. L\u2019alerte a \u00e9t\u00e9 transmise aux forces de l\u2019ordre.<\/p>\n<p>Un \u0153il attentif derri\u00e8re les \u00e9crans<\/p>\n<p class=\" wall-content\">La police nationale a aussit\u00f4t sollicit\u00e9 le centre de supervision urbaine. Les cam\u00e9ras de vid\u00e9oprotection install\u00e9es dans le quartier ont permis de suivre les d\u00e9placements d\u2019un homme au comportement suspect, rue du Faubourg du Courreau, \u00e0 proximit\u00e9 de Plan Cabanes. Son attitude a \u00e9veill\u00e9 les soup\u00e7ons d\u2019un agent, malgr\u00e9 un signalement qui ne correspondait pas exactement \u00e0 celui d\u00e9crit par la victime.<\/p>\n<p>    <a href=\"https:\/\/www.google.com\/maps\/embed?pb=!1m18!1m12!1m3!1d11560.434415225096!2d3.8535167999999995!3d43.58345415!2m3!1f0!2f0!3f0!3m2!1i1024!2i768!4f13.1!3m3!1m2!1s0x12b6afaa293c3211%3A0xfdc503f8c746ecaf!2sRue%20du%20Faubourg%20du%20Courreau%2C%2034000%20Montpellier!5e0!3m2!1sfr!2sfr!4v1758200594498!5m2!1sfr!2sfr\" title=\"Ouvrie le lien\" target=\"_blank\" rel=\"noopener\">Cliquez ici pour visualiser le contenu<\/a><\/p>\n<p class=\" wall-content\">Sur place, les policiers ont proc\u00e9d\u00e9 au contr\u00f4le de l\u2019individu, \u00e2g\u00e9 d\u2019une cinquantaine d\u2019ann\u00e9es. Lors de la fouille, le t\u00e9l\u00e9phone vol\u00e9 a \u00e9t\u00e9 retrouv\u00e9 en sa possession. Il a \u00e9t\u00e9 imm\u00e9diatement interpell\u00e9 et l\u2019enfant a pu r\u00e9cup\u00e9rer son bien.<\/p>\n<p class=\" wall-content\">Personnalisez votre actualit\u00e9 en ajoutant vos villes et m\u00e9dias en favori avec <a href=\"https:\/\/moncompte.actu.fr\" title=\"D\u00e9couvez Mon Actu\" rel=\"nofollow noopener\" data-trk=\"{&quot;cta&quot;:{&quot;action&quot;:&quot;https:\\\/\\\/moncompte.actu.fr&quot;,&quot;category&quot;:&quot;mon compte&quot;,&quot;from&quot;:&quot;article footer&quot;,&quot;name&quot;:&quot;Mon actu&quot;,&quot;type&quot;:&quot;cta&quot;}}\" target=\"_blank\">Mon Actu<\/a>.<\/p>\n","protected":false},"excerpt":{"rendered":"Par R\u00e9daction M\u00e9tropolitain Publi\u00e9 le 18 sept. 2025 \u00e0 18h35 Ce mardi 16 septembre 2025, peu avant 18h,&hellip;\n","protected":false},"author":2,"featured_media":400948,"comment_status":"","ping_status":"","sticky":false,"template":"","format":"standard","meta":{"footnotes":""},"categories":[9599],"tags":[1111,11,1777,674,118,1011,27,2208,12,2680,1072,25,7939],"class_list":{"0":"post-400947","1":"post","2":"type-post","3":"status-publish","4":"format-standard","5":"has-post-thumbnail","7":"category-montpellier","8":"tag-actu","9":"tag-actualites","10":"tag-eu","11":"tag-europe","12":"tag-faits-divers","13":"tag-fr","14":"tag-france","15":"tag-montpellier","16":"tag-news","17":"tag-occitanie","18":"tag-police","19":"tag-republique-francaise","20":"tag-videosurveillance"},"share_on_mastodon":{"url":"https:\/\/pubeurope.com\/@fr\/115227627703317928","error":""},"_links":{"self":[{"href":"https:\/\/www.europesays.com\/fr\/wp-json\/wp\/v2\/posts\/400947","targetHints":{"allow":["GET"]}}],"collection":[{"href":"https:\/\/www.europesays.com\/fr\/wp-json\/wp\/v2\/posts"}],"about":[{"href":"https:\/\/www.europesays.com\/fr\/wp-json\/wp\/v2\/types\/post"}],"author":[{"embeddable":true,"href":"https:\/\/www.europesays.com\/fr\/wp-json\/wp\/v2\/users\/2"}],"replies":[{"embeddable":true,"href":"https:\/\/www.europesays.com\/fr\/wp-json\/wp\/v2\/comments?post=400947"}],"version-history":[{"count":0,"href":"https:\/\/www.europesays.com\/fr\/wp-json\/wp\/v2\/posts\/400947\/revisions"}],"wp:featuredmedia":[{"embeddable":true,"href":"https:\/\/www.europesays.com\/fr\/wp-json\/wp\/v2\/media\/400948"}],"wp:attachment":[{"href":"https:\/\/www.europesays.com\/fr\/wp-json\/wp\/v2\/media?parent=400947"}],"wp:term":[{"taxonomy":"category","embeddable":true,"href":"https:\/\/www.europesays.com\/fr\/wp-json\/wp\/v2\/categories?post=400947"},{"taxonomy":"post_tag","embeddable":true,"href":"https:\/\/www.europesays.com\/fr\/wp-json\/wp\/v2\/tags?post=400947"}],"curies":[{"name":"wp","href":"https:\/\/api.w.org\/{rel}","templated":true}]}}