{"id":400957,"date":"2025-09-18T22:25:15","date_gmt":"2025-09-18T22:25:15","guid":{"rendered":"https:\/\/www.europesays.com\/fr\/400957\/"},"modified":"2025-09-18T22:25:15","modified_gmt":"2025-09-18T22:25:15","slug":"les-agriculteurs-appeles-a-manifester-partout-en-france-le-26-septembre-prochain","status":"publish","type":"post","link":"https:\/\/www.europesays.com\/fr\/400957\/","title":{"rendered":"Les agriculteurs appel\u00e9s \u00e0 manifester partout en France le 26 septembre prochain"},"content":{"rendered":"<p>            Par<br \/>\n        <strong><br \/>\n            <a href=\"https:\/\/actu.fr\/auteur\/chantal-pape\" title=\"Consulter tous les articles de Chantal Pape\" target=\"_blank\" rel=\"noopener\">Chantal Pape<\/a><br \/>\n        <\/strong><\/p>\n<p>        Publi\u00e9 le<\/p>\n<p>            18 sept. 2025 \u00e0 18h00        <\/p>\n<p>Apr\u00e8s <b>Bloquons tout<\/b>, le 10\u00a0septembre dernier, puis l\u2019appel des syndicats \u00e0 <b>descendre dans la rue <\/b>le 18\u00a0septembre, ce sera au tour des agriculteurs, le <b>vendredi 26\u00a0septembre<\/b>, d\u2019exprimer leur col\u00e8re. \u00ab\u2009C\u2019est <b>un mouvement national\u2009\u00bb,<\/b> indique Arnaud Rousseau, le pr\u00e9sident de la <a href=\"https:\/\/www.fnsea.fr\/\" target=\"_blank\" rel=\"noopener\">FNSEA,<\/a> pr\u00e9sent au <a href=\"https:\/\/www.space.fr\/fr\" target=\"_blank\" rel=\"noopener\">Space<\/a>, \u00e0 Rennes, ces derniers jours. \u00ab\u2009La p\u00e9riode n\u2019est pas facile sur les exploitations, entre la fin des<b> r\u00e9coltes <\/b>et le d\u00e9but des <b>semis.<\/b> Mais <b>il y a urgence\u2009\u00bb.<\/b><\/p>\n<p class=\" wall-content\">\u00ab\u2009Notre <b>col\u00e8re<\/b> est triple\u2009\u00bb, d\u00e9taille Maxime Buizard Blondeau, vice-pr\u00e9sident des <a href=\"https:\/\/www.jeunes-agriculteurs.fr\/\" target=\"_blank\" rel=\"noopener\">Jeunes Agriculteurs. <\/a>\u00ab\u2009Nous d\u00e9non\u00e7ons la<b> na\u00efvet\u00e9 de l\u2019Union europ\u00e9enne<\/b> face aux sanctions prises par les USA et les accords du Mercosur, mais aussi le manque de capacit\u00e9 financi\u00e8re de la future PAC\u2009\u00bb.<\/p>\n<p class=\" wall-content\">Les agriculteurs interpellent aussi nos politiques. \u00ab\u2009Avec un 5e gouvernement en deux ans et demi et l\u2019un des plus gros d\u00e9ficits de l\u2019Union europ\u00e9enne, la France, plus grand pays agricole, est<b> le moins cr\u00e9dible <\/b>et ne peut plus <b>peser sur la PAC<\/b>\u2009\u00bb. Enfin, leur col\u00e8re est aussi dirig\u00e9e contre le Pr\u00e9sident de la R\u00e9publique. \u00ab\u2009Macron s\u2019est engag\u00e9 pour la souverainet\u00e9 alimentaire, et <b>ne tient pas parole\u2009\u00bb.\u00a0<\/b><\/p>\n<p class=\" wall-content\">Le 26\u00a0septembre prochain, <b>tous les d\u00e9partements<\/b> sont appel\u00e9s \u00e0 se mobiliser. \u00ab\u2009Rencontre avec les parlementaires, descentes dans les grandes surfaces, blocages\u2026\u2009: \u00e0 chacun sa fa\u00e7on d\u2019exprimer sa col\u00e8re\u2009\u00bb, expliquent la FNSEA et les JA. \u00ab\u2009Dans un premier temps, nous voulons<b> interpeller<\/b> les d\u00e9cideurs et l\u2019opinion. Mais ce n\u2019est qu\u2019une premi\u00e8re \u00e9tape. Si rien ne bouge, les agriculteurs seront encore appel\u00e9s \u00e0 <b>se mobiliser plus tard<\/b>, peut-\u00eatre en novembre\u2009\u00bb. Avec une volont\u00e9 forte. \u00ab\u2009Remettre l\u2019agriculture au c\u0153ur des politiques publiques et de la PAC\u2009\u00bb.<\/p>\n<p class=\" wall-content\">Personnalisez votre actualit\u00e9 en ajoutant vos villes et m\u00e9dias en favori avec <a href=\"https:\/\/moncompte.actu.fr\" title=\"D\u00e9couvez Mon Actu\" rel=\"nofollow noopener\" data-trk=\"{&quot;cta&quot;:{&quot;action&quot;:&quot;https:\\\/\\\/moncompte.actu.fr&quot;,&quot;category&quot;:&quot;mon compte&quot;,&quot;from&quot;:&quot;article footer&quot;,&quot;name&quot;:&quot;Mon actu&quot;,&quot;type&quot;:&quot;cta&quot;}}\" target=\"_blank\">Mon Actu<\/a>.<\/p>\n","protected":false},"excerpt":{"rendered":"Par Chantal Pape Publi\u00e9 le 18 sept. 2025 \u00e0 18h00 Apr\u00e8s Bloquons tout, le 10\u00a0septembre dernier, puis l\u2019appel&hellip;\n","protected":false},"author":2,"featured_media":400958,"comment_status":"","ping_status":"","sticky":false,"template":"","format":"standard","meta":{"footnotes":""},"categories":[2821],"tags":[1111,11,327,829,33,1777,674,1011,27,1272,12,584,25,3427],"class_list":{"0":"post-400957","1":"post","2":"type-post","3":"status-publish","4":"format-standard","5":"has-post-thumbnail","7":"category-rennes","8":"tag-actu","9":"tag-actualites","10":"tag-agriculture","11":"tag-bretagne","12":"tag-economie","13":"tag-eu","14":"tag-europe","15":"tag-fr","16":"tag-france","17":"tag-manifestations","18":"tag-news","19":"tag-rennes","20":"tag-republique-francaise","21":"tag-syndicats"},"share_on_mastodon":{"url":"https:\/\/pubeurope.com\/@fr\/115227651197928890","error":""},"_links":{"self":[{"href":"https:\/\/www.europesays.com\/fr\/wp-json\/wp\/v2\/posts\/400957","targetHints":{"allow":["GET"]}}],"collection":[{"href":"https:\/\/www.europesays.com\/fr\/wp-json\/wp\/v2\/posts"}],"about":[{"href":"https:\/\/www.europesays.com\/fr\/wp-json\/wp\/v2\/types\/post"}],"author":[{"embeddable":true,"href":"https:\/\/www.europesays.com\/fr\/wp-json\/wp\/v2\/users\/2"}],"replies":[{"embeddable":true,"href":"https:\/\/www.europesays.com\/fr\/wp-json\/wp\/v2\/comments?post=400957"}],"version-history":[{"count":0,"href":"https:\/\/www.europesays.com\/fr\/wp-json\/wp\/v2\/posts\/400957\/revisions"}],"wp:featuredmedia":[{"embeddable":true,"href":"https:\/\/www.europesays.com\/fr\/wp-json\/wp\/v2\/media\/400958"}],"wp:attachment":[{"href":"https:\/\/www.europesays.com\/fr\/wp-json\/wp\/v2\/media?parent=400957"}],"wp:term":[{"taxonomy":"category","embeddable":true,"href":"https:\/\/www.europesays.com\/fr\/wp-json\/wp\/v2\/categories?post=400957"},{"taxonomy":"post_tag","embeddable":true,"href":"https:\/\/www.europesays.com\/fr\/wp-json\/wp\/v2\/tags?post=400957"}],"curies":[{"name":"wp","href":"https:\/\/api.w.org\/{rel}","templated":true}]}}