{"id":400959,"date":"2025-09-18T22:26:15","date_gmt":"2025-09-18T22:26:15","guid":{"rendered":"https:\/\/www.europesays.com\/fr\/400959\/"},"modified":"2025-09-18T22:26:15","modified_gmt":"2025-09-18T22:26:15","slug":"le-tours-vb-va-continuer-de-bricoler-contre-rennes-en-amical","status":"publish","type":"post","link":"https:\/\/www.europesays.com\/fr\/400959\/","title":{"rendered":"Le Tours VB va continuer de bricoler contre Rennes en amical"},"content":{"rendered":"<p><strong>Tours Volley-Ball\u00a0&#8211; Rennes<\/strong><\/p>\n<p>Le Tours VB continue de prendre son mal en patience. Contraint de pr\u00e9parer sa saison avec un demi-effectif, le champion de France en titre aborde son troisi\u00e8me match amical, ce vendredi 19\u00a0septembre face \u00e0 Rennes (Ligue B), dans des dispositions tout sauf id\u00e9ales&#8230;. <\/p>\n<p>    Cet article a \u00e9t\u00e9 tronqu\u00e9. Abonnez-vous pour lire l&rsquo;article complet sur notre site.<\/p>\n<p style=\"margin: 0 !important; padding: 0 !important; font-size: 12px !important;\">Cet article a \u00e9t\u00e9 tronqu\u00e9. Abonnez-vous pour lire l&rsquo;article complet.<\/p>\n<p>    <a href=\"https:\/\/www.lanouvellerepublique.fr\/abonnements\" style=\"display: inline-block; margin-top: 5px !important; padding: 6px 12px !important; background: #cb1c27; color: white; text-decoration: none; border-radius: 4px; font-size: 12px !important;\" target=\"_blank\" rel=\"noopener\"><br \/>\n      S&rsquo;abonner<br \/>\n    <\/a><\/p>\n","protected":false},"excerpt":{"rendered":"Tours Volley-Ball\u00a0&#8211; Rennes Le Tours VB continue de prendre son mal en patience. Contraint de pr\u00e9parer sa saison&hellip;\n","protected":false},"author":2,"featured_media":400960,"comment_status":"","ping_status":"","sticky":false,"template":"","format":"standard","meta":{"footnotes":""},"categories":[2821],"tags":[1392,1111,11,829,1777,674,1011,27,1387,1655,12,584,25,60,1390,1471,2767,1470],"class_list":{"0":"post-400959","1":"post","2":"type-post","3":"status-publish","4":"format-standard","5":"has-post-thumbnail","7":"category-rennes","8":"tag-a-la-une-local","9":"tag-actu","10":"tag-actualites","11":"tag-bretagne","12":"tag-eu","13":"tag-europe","14":"tag-fr","15":"tag-france","16":"tag-indre-et-loire","17":"tag-ligue-a","18":"tag-news","19":"tag-rennes","20":"tag-republique-francaise","21":"tag-sports","22":"tag-tours","23":"tag-tours-volley-ball","24":"tag-tvb-37","25":"tag-volley"},"share_on_mastodon":{"url":"https:\/\/pubeurope.com\/@fr\/115227655206587355","error":""},"_links":{"self":[{"href":"https:\/\/www.europesays.com\/fr\/wp-json\/wp\/v2\/posts\/400959","targetHints":{"allow":["GET"]}}],"collection":[{"href":"https:\/\/www.europesays.com\/fr\/wp-json\/wp\/v2\/posts"}],"about":[{"href":"https:\/\/www.europesays.com\/fr\/wp-json\/wp\/v2\/types\/post"}],"author":[{"embeddable":true,"href":"https:\/\/www.europesays.com\/fr\/wp-json\/wp\/v2\/users\/2"}],"replies":[{"embeddable":true,"href":"https:\/\/www.europesays.com\/fr\/wp-json\/wp\/v2\/comments?post=400959"}],"version-history":[{"count":0,"href":"https:\/\/www.europesays.com\/fr\/wp-json\/wp\/v2\/posts\/400959\/revisions"}],"wp:featuredmedia":[{"embeddable":true,"href":"https:\/\/www.europesays.com\/fr\/wp-json\/wp\/v2\/media\/400960"}],"wp:attachment":[{"href":"https:\/\/www.europesays.com\/fr\/wp-json\/wp\/v2\/media?parent=400959"}],"wp:term":[{"taxonomy":"category","embeddable":true,"href":"https:\/\/www.europesays.com\/fr\/wp-json\/wp\/v2\/categories?post=400959"},{"taxonomy":"post_tag","embeddable":true,"href":"https:\/\/www.europesays.com\/fr\/wp-json\/wp\/v2\/tags?post=400959"}],"curies":[{"name":"wp","href":"https:\/\/api.w.org\/{rel}","templated":true}]}}