{"id":400963,"date":"2025-09-18T22:28:36","date_gmt":"2025-09-18T22:28:36","guid":{"rendered":"https:\/\/www.europesays.com\/fr\/400963\/"},"modified":"2025-09-18T22:28:36","modified_gmt":"2025-09-18T22:28:36","slug":"greve-du-18-septembre-paroles-dalsaciens-et-dalsaciennes-au-coeur-de-la-manifestation-a-strasbourg-et-mulhouse-2","status":"publish","type":"post","link":"https:\/\/www.europesays.com\/fr\/400963\/","title":{"rendered":"Gr\u00e8ve du 18 septembre. Paroles d&rsquo;Alsaciens et d&rsquo;Alsaciennes au c\u0153ur de la manifestation \u00e0 Strasbourg et Mulhouse"},"content":{"rendered":"<p>                            \u00ab\u00a0Pour la destitution de Macron\u00a0\u00bb<\/p>\n<p><strong>Gabri\u00e8le, \u00e9tudiante de 19 ans, en\u00a03e ann\u00e9e de licence d&rsquo;arts plastiques \u00e0 l\u2019universit\u00e9 de Strasbourg.<\/strong><\/p>\n<p>\u00ab\u00a0Je viens manifester pour demander la destitution de Macron en raison du passage en force des lois de ses ministres, parce qu\u2019il n\u2019\u00e9coute pas la voix du peuple et pour toutes les promesses qu\u2019il n\u2019a pas r\u00e9alis\u00e9es. La violence faite aux femmes devait \u00eatre un de ses combats. Je manifeste aussi contre les coupes budg\u00e9taires dans les universit\u00e9s. Elles n\u2019ont plus d\u2019argent pour organiser des sorties, pour acheter du mat\u00e9riel. Dans certaines mati\u00e8res, le nombre d\u2019heures de cours a \u00e9t\u00e9&#8230;<\/p>\n","protected":false},"excerpt":{"rendered":"\u00ab\u00a0Pour la destitution de Macron\u00a0\u00bb Gabri\u00e8le, \u00e9tudiante de 19 ans, en\u00a03e ann\u00e9e de licence d&rsquo;arts plastiques \u00e0 l\u2019universit\u00e9&hellip;\n","protected":false},"author":2,"featured_media":400962,"comment_status":"","ping_status":"","sticky":false,"template":"","format":"standard","meta":{"footnotes":""},"categories":[2820],"tags":[1111,11,2389,1777,674,107,1011,27,775,1634,12,25,801,640],"class_list":{"0":"post-400963","1":"post","2":"type-post","3":"status-publish","4":"format-standard","5":"has-post-thumbnail","7":"category-strasbourg","8":"tag-actu","9":"tag-actualites","10":"tag-alsace","11":"tag-eu","12":"tag-europe","13":"tag-fil-info","14":"tag-fr","15":"tag-france","16":"tag-grand-est","17":"tag-mulhouse","18":"tag-news","19":"tag-republique-francaise","20":"tag-social","21":"tag-strasbourg"},"share_on_mastodon":{"url":"https:\/\/pubeurope.com\/@fr\/115227663059512001","error":""},"_links":{"self":[{"href":"https:\/\/www.europesays.com\/fr\/wp-json\/wp\/v2\/posts\/400963","targetHints":{"allow":["GET"]}}],"collection":[{"href":"https:\/\/www.europesays.com\/fr\/wp-json\/wp\/v2\/posts"}],"about":[{"href":"https:\/\/www.europesays.com\/fr\/wp-json\/wp\/v2\/types\/post"}],"author":[{"embeddable":true,"href":"https:\/\/www.europesays.com\/fr\/wp-json\/wp\/v2\/users\/2"}],"replies":[{"embeddable":true,"href":"https:\/\/www.europesays.com\/fr\/wp-json\/wp\/v2\/comments?post=400963"}],"version-history":[{"count":0,"href":"https:\/\/www.europesays.com\/fr\/wp-json\/wp\/v2\/posts\/400963\/revisions"}],"wp:featuredmedia":[{"embeddable":true,"href":"https:\/\/www.europesays.com\/fr\/wp-json\/wp\/v2\/media\/400962"}],"wp:attachment":[{"href":"https:\/\/www.europesays.com\/fr\/wp-json\/wp\/v2\/media?parent=400963"}],"wp:term":[{"taxonomy":"category","embeddable":true,"href":"https:\/\/www.europesays.com\/fr\/wp-json\/wp\/v2\/categories?post=400963"},{"taxonomy":"post_tag","embeddable":true,"href":"https:\/\/www.europesays.com\/fr\/wp-json\/wp\/v2\/tags?post=400963"}],"curies":[{"name":"wp","href":"https:\/\/api.w.org\/{rel}","templated":true}]}}