{"id":400967,"date":"2025-09-18T22:31:15","date_gmt":"2025-09-18T22:31:15","guid":{"rendered":"https:\/\/www.europesays.com\/fr\/400967\/"},"modified":"2025-09-18T22:31:15","modified_gmt":"2025-09-18T22:31:15","slug":"quelle-a-ete-la-destination-preferee-des-nantais-en-2025","status":"publish","type":"post","link":"https:\/\/www.europesays.com\/fr\/400967\/","title":{"rendered":"Quelle a \u00e9t\u00e9 la destination pr\u00e9f\u00e9r\u00e9e des Nantais en 2025\u00a0?"},"content":{"rendered":"<p>Les derniers sondages au printemps du comparateur de voyages <a href=\"https:\/\/www.liligo.com\/\" target=\"_blank\" rel=\"noopener\">Liligo<\/a> tendaient \u00e0 confirmer que les Fran\u00e7ais voyageraient moins cher et moins loin cet \u00e9t\u00e9.\u00a067\u00a0% environ envisageaient de partir en France et seulement 45\u00a0% vers des destinations \u00e9trang\u00e8res. Pour ce qui concerne les Nantais, le moteur de recherche r\u00e9v\u00e8le apr\u00e8s coup que la ville la plus recherch\u00e9e (sur son site seulement) depuis l\u2019a\u00e9roport de Nantes pour des voyages en juillet ou en ao\u00fbt \u00e9tait Ajaccio. Ils parlent ici des seuls voyages en avion.<\/p>\n<p>Des destinations soleil<\/p>\n<p>Et r\u00e9v\u00e8lent qu\u2019en mati\u00e8re de vols, la capitale corse arrive en t\u00eate des recherches, avec un aller-retour affich\u00e9 \u00e0 partir de 265\u00a0\u20ac par personne. Elle devance Marseille, qui occupe la deuxi\u00e8me place, et Barcelone, troisi\u00e8me du classement. On retrouve ensuite Porto, Lisbonne, Marrakech, Nice, Bastia, Figari et Palma de Majorque. \u00c0 noter que trois villes corses figurent dans ce classement\u00a0! Et que Tunis, destination pr\u00e9f\u00e9r\u00e9e des Fran\u00e7ais durant l\u2019\u00e9t\u00e9, ne figure pas dans le top 10\u00a0des villes les plus recherch\u00e9es depuis l\u2019a\u00e9roport de Nantes, note Liligo.<\/p>\n<p>\u00a0<\/p>\n","protected":false},"excerpt":{"rendered":"Les derniers sondages au printemps du comparateur de voyages Liligo tendaient \u00e0 confirmer que les Fran\u00e7ais voyageraient moins&hellip;\n","protected":false},"author":2,"featured_media":400968,"comment_status":"","ping_status":"","sticky":false,"template":"","format":"standard","meta":{"footnotes":""},"categories":[2818],"tags":[17,1111,11,10009,2883,1777,674,1011,27,4715,766,12,2636,8820,25],"class_list":{"0":"post-400967","1":"post","2":"type-post","3":"status-publish","4":"format-standard","5":"has-post-thumbnail","7":"category-nantes","8":"tag-17","9":"tag-actu","10":"tag-actualites","11":"tag-destination","12":"tag-ete","13":"tag-eu","14":"tag-europe","15":"tag-fr","16":"tag-france","17":"tag-nantais","18":"tag-nantes","19":"tag-news","20":"tag-pays-de-la-loire","21":"tag-preferee","22":"tag-republique-francaise"},"share_on_mastodon":{"url":"https:\/\/pubeurope.com\/@fr\/115227674979305876","error":""},"_links":{"self":[{"href":"https:\/\/www.europesays.com\/fr\/wp-json\/wp\/v2\/posts\/400967","targetHints":{"allow":["GET"]}}],"collection":[{"href":"https:\/\/www.europesays.com\/fr\/wp-json\/wp\/v2\/posts"}],"about":[{"href":"https:\/\/www.europesays.com\/fr\/wp-json\/wp\/v2\/types\/post"}],"author":[{"embeddable":true,"href":"https:\/\/www.europesays.com\/fr\/wp-json\/wp\/v2\/users\/2"}],"replies":[{"embeddable":true,"href":"https:\/\/www.europesays.com\/fr\/wp-json\/wp\/v2\/comments?post=400967"}],"version-history":[{"count":0,"href":"https:\/\/www.europesays.com\/fr\/wp-json\/wp\/v2\/posts\/400967\/revisions"}],"wp:featuredmedia":[{"embeddable":true,"href":"https:\/\/www.europesays.com\/fr\/wp-json\/wp\/v2\/media\/400968"}],"wp:attachment":[{"href":"https:\/\/www.europesays.com\/fr\/wp-json\/wp\/v2\/media?parent=400967"}],"wp:term":[{"taxonomy":"category","embeddable":true,"href":"https:\/\/www.europesays.com\/fr\/wp-json\/wp\/v2\/categories?post=400967"},{"taxonomy":"post_tag","embeddable":true,"href":"https:\/\/www.europesays.com\/fr\/wp-json\/wp\/v2\/tags?post=400967"}],"curies":[{"name":"wp","href":"https:\/\/api.w.org\/{rel}","templated":true}]}}