{"id":400969,"date":"2025-09-18T22:32:37","date_gmt":"2025-09-18T22:32:37","guid":{"rendered":"https:\/\/www.europesays.com\/fr\/400969\/"},"modified":"2025-09-18T22:32:37","modified_gmt":"2025-09-18T22:32:37","slug":"un-passager-meurt-en-plein-vol-a-bord-dun-avion-easyjet-reliant-nantes-a-lanzarote","status":"publish","type":"post","link":"https:\/\/www.europesays.com\/fr\/400969\/","title":{"rendered":"Un passager meurt en plein vol \u00e0 bord d\u2019un avion EasyJet reliant Nantes \u00e0 Lanzarote"},"content":{"rendered":"<p>Un passager d\u2019un vol <a href=\"https:\/\/www.20minutes.fr\/dossier\/easyjet\" class=\"c-link c-link--is-underlined\" target=\"_blank\" rel=\"noopener\">EasyJet<\/a> est mort en plein vol, ce mardi. Le drame s\u2019est produit \u00e0 bord d\u2019un avion parti de <a href=\"https:\/\/www.20minutes.fr\/nantes\/\" class=\"c-link c-link--is-underlined\" target=\"_blank\" rel=\"noopener\">Nantes<\/a> (Loire-Atlantique) et \u00e0 destination de Lanzarote, aux Canaries (<a href=\"https:\/\/www.20minutes.fr\/dossier\/espagne\" class=\"c-link c-link--is-underlined\" target=\"_blank\" rel=\"noopener\">Espagne<\/a>), rapporte <a href=\"https:\/\/www.ouest-france.fr\/pays-de-la-loire\/nantes-44000\/aeroport-de-nantes\/un-passager-decede-lors-dun-vol-entre-nantes-et-lanzarote-5c741796-938d-11f0-8aaf-26b4770f0f96\" target=\"_blank\" class=\"c-link c-link--is-underlined\" rel=\"noopener\">Presse-Oc\u00e9an<\/a>.<\/p>\n<p>D\u2019apr\u00e8s nos confr\u00e8res, l\u2019appareil s\u2019appr\u00eatait \u00e0 atterrir quand l\u2019incident a eu lieu. Le <a href=\"https:\/\/www.20minutes.fr\/dossier\/pilote\" class=\"c-link c-link--is-underlined\" target=\"_blank\" rel=\"noopener\">commandant de bord<\/a> a lanc\u00e9 un signal de d\u00e9tresse puis \u00ab\u00a0a effectu\u00e9 un atterrissage de routine conform\u00e9ment aux proc\u00e9dures habituelles\u00a0\u00bb, a indiqu\u00e9 la compagnie a\u00e9rienne.<\/p>\n<p>Le personnel de bord a fait \u00ab\u00a0tout son possible\u00a0\u00bb<\/p>\n<p>On ignore le sexe, l\u2019\u00e2ge et la nationalit\u00e9 de la victime. On ne conna\u00eet pas non plus la cause du d\u00e9c\u00e8s. \u00ab\u00a0Nos \u00e9quipages sont form\u00e9s pour r\u00e9agir aux probl\u00e8mes m\u00e9dicaux et ont fait tout leur possible pendant le vol. Nos pens\u00e9es vont \u00e0 la famille et aux amis du <a href=\"https:\/\/www.20minutes.fr\/dossier\/passagers\" class=\"c-link c-link--is-underlined\" target=\"_blank\" rel=\"noopener\">passager<\/a> et nous leur adressons tout notre soutien et notre assistance en ces moments difficiles\u00a0\u00bb, a comment\u00e9 un porte-parole d\u2019EasyJet. Le\u00a0vol retour a \u00e9t\u00e9 fortement impact\u00e9 par la situation. L\u2019avion s\u2019est pos\u00e9 \u00e0 Nantes avec plus de 8 heures de retard.<\/p>\n<\/p>\n<p>Ces derni\u00e8res ann\u00e9es, plusieurs passagers sont morts dans les airs. En janvier dernier, <a href=\"https:\/\/www.20minutes.fr\/faits_divers\/4133898-20250115-etats-unis-passager-decede-bord-vol-air-france-entre-paris-boston\" class=\"c-link c-link--is-underlined\" target=\"_blank\" rel=\"noopener\">un voyageur a \u00e9t\u00e9 victime d\u2019un malaise cardiaque \u00e0 bord d\u2019un vol Air France entre Paris-Charles de Gaulle et Boston<\/a> (\u00c9tats-Unis). Malgr\u00e9 l\u2019intervention rapide d\u2019un m\u00e9decin pr\u00e9sent dans l\u2019avion, le passager n\u2019a pas pu \u00eatre r\u00e9anim\u00e9.<\/p>\n","protected":false},"excerpt":{"rendered":"Un passager d\u2019un vol EasyJet est mort en plein vol, ce mardi. Le drame s\u2019est produit \u00e0 bord&hellip;\n","protected":false},"author":2,"featured_media":400970,"comment_status":"","ping_status":"","sticky":false,"template":"","format":"standard","meta":{"footnotes":""},"categories":[2818],"tags":[1111,47,11,37,3983,661,123,1777,674,118,1011,27,3047,766,12,13642,2636,25],"class_list":{"0":"post-400969","1":"post","2":"type-post","3":"status-publish","4":"format-standard","5":"has-post-thumbnail","7":"category-nantes","8":"tag-actu","9":"tag-actualite","10":"tag-actualites","11":"tag-avion","12":"tag-deces","13":"tag-easyjet","14":"tag-espagne","15":"tag-eu","16":"tag-europe","17":"tag-faits-divers","18":"tag-fr","19":"tag-france","20":"tag-loire-atlantique","21":"tag-nantes","22":"tag-news","23":"tag-passagers","24":"tag-pays-de-la-loire","25":"tag-republique-francaise"},"share_on_mastodon":{"url":"https:\/\/pubeurope.com\/@fr\/115227679145197599","error":""},"_links":{"self":[{"href":"https:\/\/www.europesays.com\/fr\/wp-json\/wp\/v2\/posts\/400969","targetHints":{"allow":["GET"]}}],"collection":[{"href":"https:\/\/www.europesays.com\/fr\/wp-json\/wp\/v2\/posts"}],"about":[{"href":"https:\/\/www.europesays.com\/fr\/wp-json\/wp\/v2\/types\/post"}],"author":[{"embeddable":true,"href":"https:\/\/www.europesays.com\/fr\/wp-json\/wp\/v2\/users\/2"}],"replies":[{"embeddable":true,"href":"https:\/\/www.europesays.com\/fr\/wp-json\/wp\/v2\/comments?post=400969"}],"version-history":[{"count":0,"href":"https:\/\/www.europesays.com\/fr\/wp-json\/wp\/v2\/posts\/400969\/revisions"}],"wp:featuredmedia":[{"embeddable":true,"href":"https:\/\/www.europesays.com\/fr\/wp-json\/wp\/v2\/media\/400970"}],"wp:attachment":[{"href":"https:\/\/www.europesays.com\/fr\/wp-json\/wp\/v2\/media?parent=400969"}],"wp:term":[{"taxonomy":"category","embeddable":true,"href":"https:\/\/www.europesays.com\/fr\/wp-json\/wp\/v2\/categories?post=400969"},{"taxonomy":"post_tag","embeddable":true,"href":"https:\/\/www.europesays.com\/fr\/wp-json\/wp\/v2\/tags?post=400969"}],"curies":[{"name":"wp","href":"https:\/\/api.w.org\/{rel}","templated":true}]}}