{"id":400973,"date":"2025-09-18T22:34:22","date_gmt":"2025-09-18T22:34:22","guid":{"rendered":"https:\/\/www.europesays.com\/fr\/400973\/"},"modified":"2025-09-18T22:34:22","modified_gmt":"2025-09-18T22:34:22","slug":"bordeaux-2026-un-candidat-annonce-avoir-trouve-des-capitaux-prives-pour-les-girondins","status":"publish","type":"post","link":"https:\/\/www.europesays.com\/fr\/400973\/","title":{"rendered":"Bordeaux 2026 : un candidat annonce avoir trouv\u00e9 des capitaux priv\u00e9s pour les Girondins"},"content":{"rendered":"<p><img decoding=\"async\" src=\"https:\/\/www.europesays.com\/fr\/wp-content\/uploads\/2025\/09\/671_b33223387491114ea7acd312ba0f3d6f.png\" alt=\"Bordeaux 2026 : un candidat annonce avoir trouv\u00e9 des capitaux priv\u00e9s pour les Girondins\" class=\"img-responsive mt-3\"\/><\/p>\n<p class=\"text-center mb-3\" style=\"font-size: 14px\">\u00a9 Iconsport<\/p>\n<p>      <strong>L\u2019avenir des Girondins de Bordeaux au c\u0153ur des municipales 2026 ?<\/strong><\/p>\n<p style=\"text-align: justify;\">Ce mercredi, Philippe Dessertine (61 ans), le professeur agr\u00e9g\u00e9 d\u2019\u00e9conomie et ancien membre du Haut Conseil des finances publiques, a annonc\u00e9 son intention de briguer la mairie de Bordeaux en 2026 dans les colonnes du <a href=\"https:\/\/www.lefigaro.fr\/bordeaux\/je-ne-pouvais-pas-assister-au-naufrage-de-bordeaux-sans-rien-faire-l-economiste-philippe-dessertine-candidat-aux-municipales-20250917\" target=\"_blank\" rel=\"noopener\">Figaro<\/a>.<\/p>\n<p style=\"text-align: justify;\">\u00c0 Bordeaux, les \u00e9lections municipales de 2026 pourraient bien tourner autour du sort des Girondins. Le n\u00e9o-candidat Dessertine a annonc\u00e9 vouloir redresser le club gr\u00e2ce \u00e0 des investisseurs priv\u00e9s d\u00e9j\u00e0 identifi\u00e9s.<\/p>\n<p style=\"text-align: justify;\">Voici ce qu&rsquo;il a d\u00e9clar\u00e9 au m\u00e9dia national : \u00ab\u00a0Moi, maire de Bordeaux, j\u2019irai chercher des investisseurs poss\u00e9dant des capitaux priv\u00e9s pour ce club. Je les ai d\u2019ailleurs d\u00e9j\u00e0 trouv\u00e9s. Ils n\u2019ont pas encore sign\u00e9 parce qu\u2019ils n\u2019ont pas encore confiance en la politique en place.\u00a0\u00bb<\/p>\n<p style=\"text-align: justify;\">De quoi raviver les sp\u00e9culations autour de la priorit\u00e9 du club. Aujourd&rsquo;hui, c&rsquo;est l&rsquo;homme d&rsquo;affaires hispanoluxembourgeois G\u00e9rard Lopez qui poss\u00e8de le FCGB est tr\u00e8s contest\u00e9.<\/p>\n<p style=\"text-align: justify;\">Arriv\u00e9 \u00e0 la t\u00eate du club au scapulaire en 2021 alors que le club \u00e9tait en Ligue 1, il l&rsquo;a conduit en National 2, 4e division fran\u00e7aise. De plus, le tribunal de commerce de Bordeaux a valid\u00e9 en juin 2025 le plan de continuation du club, avec une dette de 26M\u20ac \u00e0 rembourser sur 10 ans.<\/p>\n<p>\u00c0 lire :\u00a0<strong><a href=\"https:\/\/www.webgirondins.com\/actualite-girondins-girondins-bruno-irles-sur-un-siege-ejectable-avant-le-choc-contre-angouleme-130478\" target=\"_blank\" rel=\"noopener\">Bruno Irl\u00e8s sur un si\u00e8ge \u00e9jectable avant le choc contre Angoul\u00eame<\/a><\/strong><\/p>\n<p>\u00a0<\/p>\n","protected":false},"excerpt":{"rendered":"\u00a9 Iconsport L\u2019avenir des Girondins de Bordeaux au c\u0153ur des municipales 2026 ? Ce mercredi, Philippe Dessertine (61&hellip;\n","protected":false},"author":2,"featured_media":400974,"comment_status":"","ping_status":"","sticky":false,"template":"","format":"standard","meta":{"footnotes":""},"categories":[2817],"tags":[1111,11,22841,4180,2562,6661,1997,426,26060,8293,1442,53241,1777,674,1011,27,1987,48242,2805,5415,12,2219,6284,471,31083,24036,30431,25,12206],"class_list":{"0":"post-400973","1":"post","2":"type-post","3":"status-publish","4":"format-standard","5":"has-post-thumbnail","7":"category-bordeaux","8":"tag-actu","9":"tag-actualites","10":"tag-affirme","11":"tag-aider","12":"tag-annonce","13":"tag-avoir","14":"tag-bordeaux","15":"tag-candidat","16":"tag-capitaux","17":"tag-declare","18":"tag-deja","19":"tag-dessertine","20":"tag-eu","21":"tag-europe","22":"tag-fr","23":"tag-france","24":"tag-girondins","25":"tag-identifie","26":"tag-investisseurs","27":"tag-mairie","28":"tag-news","29":"tag-nouvelle-aquitaine","30":"tag-philippe","31":"tag-pour","32":"tag-prets","33":"tag-prives","34":"tag-redressement","35":"tag-republique-francaise","36":"tag-trouve"},"share_on_mastodon":{"url":"https:\/\/pubeurope.com\/@fr\/115227687140966018","error":""},"_links":{"self":[{"href":"https:\/\/www.europesays.com\/fr\/wp-json\/wp\/v2\/posts\/400973","targetHints":{"allow":["GET"]}}],"collection":[{"href":"https:\/\/www.europesays.com\/fr\/wp-json\/wp\/v2\/posts"}],"about":[{"href":"https:\/\/www.europesays.com\/fr\/wp-json\/wp\/v2\/types\/post"}],"author":[{"embeddable":true,"href":"https:\/\/www.europesays.com\/fr\/wp-json\/wp\/v2\/users\/2"}],"replies":[{"embeddable":true,"href":"https:\/\/www.europesays.com\/fr\/wp-json\/wp\/v2\/comments?post=400973"}],"version-history":[{"count":0,"href":"https:\/\/www.europesays.com\/fr\/wp-json\/wp\/v2\/posts\/400973\/revisions"}],"wp:featuredmedia":[{"embeddable":true,"href":"https:\/\/www.europesays.com\/fr\/wp-json\/wp\/v2\/media\/400974"}],"wp:attachment":[{"href":"https:\/\/www.europesays.com\/fr\/wp-json\/wp\/v2\/media?parent=400973"}],"wp:term":[{"taxonomy":"category","embeddable":true,"href":"https:\/\/www.europesays.com\/fr\/wp-json\/wp\/v2\/categories?post=400973"},{"taxonomy":"post_tag","embeddable":true,"href":"https:\/\/www.europesays.com\/fr\/wp-json\/wp\/v2\/tags?post=400973"}],"curies":[{"name":"wp","href":"https:\/\/api.w.org\/{rel}","templated":true}]}}